{"id":5479,"date":"2023-01-04T10:13:23","date_gmt":"2023-01-04T13:13:23","guid":{"rendered":"https:\/\/aguaslindasnoticias.com.br\/index.php\/2023\/01\/04\/detran-abre-prazo-para-empresas-aderirem-ao-programa-habilitacao-social\/"},"modified":"2023-01-04T10:13:23","modified_gmt":"2023-01-04T13:13:23","slug":"detran-abre-prazo-para-empresas-aderirem-ao-programa-habilitacao-social","status":"publish","type":"post","link":"https:\/\/aguaslindasnoticias.com.br\/index.php\/2023\/01\/04\/detran-abre-prazo-para-empresas-aderirem-ao-programa-habilitacao-social\/","title":{"rendered":"Detran abre prazo para empresas aderirem ao Programa Habilita\u00e7\u00e3o Social"},"content":{"rendered":"\n<p>Centros de Forma\u00e7\u00e3o de Condutores (autoescolas) e Cl\u00ednicas M\u00e9dicas e Psicol\u00f3gicas j\u00e1 podem aderir ao Programa Habilita\u00e7\u00e3o Social \u2013 2022. Os crit\u00e9rios para a ades\u00e3o e os pre\u00e7os p\u00fablicos que o Detran-DF pagar\u00e1 \u00e0s institui\u00e7\u00f5es credenciadas pelos servi\u00e7os relativos ao processo de habilita\u00e7\u00e3o, renova\u00e7\u00e3o da CNH, adi\u00e7\u00e3o ou mudan\u00e7a de categoria constam da Instru\u00e7\u00e3o n\u00ba 122, de 23 de fevereiro de 2022, publicada no Di\u00e1rio Oficial do Distrito Federal (DODF) dessa quarta-feira (2).<\/p>\n\n\n\n<figure class=\"wp-block-image\"><img decoding=\"async\" src=\"http:\/\/agenciabrasilia.df.gov.br\/wp-conteudo\/uploads\/2022\/03\/WhatsApp-Image-2022-03-03-at-16.47.34.jpeg\" alt=\"\" class=\"wp-image-382488\"\/><figcaption>Destinado a pessoas de baixa renda, o Programa Habilita\u00e7\u00e3o Social tem como objetivo possibilitar a forma\u00e7\u00e3o, qualifica\u00e7\u00e3o e habilita\u00e7\u00e3o profissional de condutores de ve\u00edculos automotores, por meio da oferta gratuita de todo o processo de obten\u00e7\u00e3o, renova\u00e7\u00e3o e troca pela habilita\u00e7\u00e3o definitiva | Foto: Divulga\u00e7\u00e3o \/ Sejus-DF<\/figcaption><\/figure>\n\n\n\n<p>O prazo para ades\u00e3o \u00e9 de 60 dias a partir da publica\u00e7\u00e3o. A ades\u00e3o ao Programa Habilita\u00e7\u00e3o Social ocorrer\u00e1, exclusivamente, por meio do&nbsp;<a href=\"https:\/\/portal.detran.df.gov.br\/\" target=\"_blank\" rel=\"noreferrer noopener\">Portal de Servi\u00e7os da autarquia<\/a>.<\/p>\n\n\n\n<p>Para aderir ao programa, as empresas precisam estar devidamente credenciadas junto ao Detran-DF ou \u00e0 Senatran e, nos casos de autoescolas, \u00e9 necess\u00e1rio ter \u00edndices de aprova\u00e7\u00e3o de seus candidatos de, no m\u00ednimo, 60%. Al\u00e9m disso, h\u00e1 que se comprovar regularidade fiscal junto \u00e0 Fazenda P\u00fablica Federal, Distrital, Justi\u00e7a do Trabalho e FGTS.<\/p>\n\n\n\n<p><strong>Definidos crit\u00e9rios para Habilita\u00e7\u00e3o Social<\/strong><\/p>\n\n\n\n<p>O Programa Habilita\u00e7\u00e3o Social \u00e9 destinado a pessoas de baixa renda e tem como objetivo possibilitar a forma\u00e7\u00e3o, qualifica\u00e7\u00e3o e habilita\u00e7\u00e3o profissional de condutores de ve\u00edculos automotores, por meio da oferta gratuita de todo o processo de obten\u00e7\u00e3o da primeira Carteira Nacional de Habilita\u00e7\u00e3o \u2013 CNH nas categorias A ou B, adi\u00e7\u00e3o de categoria A ou B, altera\u00e7\u00e3o para as categorias C, D ou E, renova\u00e7\u00e3o e troca pela habilita\u00e7\u00e3o definitiva. As inscri\u00e7\u00f5es para participar do Programa Habilita\u00e7\u00e3o Social \u2013 2022 ser\u00e3o divulgadas em breve.<\/p>\n\n\n\n<p><em>*Com informa\u00e7\u00f5es do Detran-DF<\/em><\/p>\n\n\n\n<p><strong>Ag\u00eancia Bras\u00edlia* | Edi\u00e7\u00e3o: Saulo Moreno<\/strong><\/p>\n","protected":false},"excerpt":{"rendered":"<p>Centros de Forma\u00e7\u00e3o de Condutores (autoescolas) e Cl\u00ednicas M\u00e9dicas e Psicol\u00f3gicas j\u00e1 podem aderir ao Programa Habilita\u00e7\u00e3o Social \u2013 2022. Os crit\u00e9rios para a ades\u00e3o e os pre\u00e7os p\u00fablicos que o Detran-DF pagar\u00e1 \u00e0s institui\u00e7\u00f5es credenciadas pelos servi\u00e7os relativos ao processo de habilita\u00e7\u00e3o, renova\u00e7\u00e3o da CNH, adi\u00e7\u00e3o ou mudan\u00e7a de categoria constam da Instru\u00e7\u00e3o n\u00ba [&hellip;]<\/p>\n","protected":false},"author":1,"featured_media":0,"comment_status":"open","ping_status":"open","sticky":false,"template":"","format":"standard","meta":{"footnotes":""},"categories":[],"tags":[],"class_list":["post-5479","post","type-post","status-publish","format-standard","hentry"],"_links":{"self":[{"href":"https:\/\/aguaslindasnoticias.com.br\/index.php\/wp-json\/wp\/v2\/posts\/5479","targetHints":{"allow":["GET"]}}],"collection":[{"href":"https:\/\/aguaslindasnoticias.com.br\/index.php\/wp-json\/wp\/v2\/posts"}],"about":[{"href":"https:\/\/aguaslindasnoticias.com.br\/index.php\/wp-json\/wp\/v2\/types\/post"}],"author":[{"embeddable":true,"href":"https:\/\/aguaslindasnoticias.com.br\/index.php\/wp-json\/wp\/v2\/users\/1"}],"replies":[{"embeddable":true,"href":"https:\/\/aguaslindasnoticias.com.br\/index.php\/wp-json\/wp\/v2\/comments?post=5479"}],"version-history":[{"count":0,"href":"https:\/\/aguaslindasnoticias.com.br\/index.php\/wp-json\/wp\/v2\/posts\/5479\/revisions"}],"wp:attachment":[{"href":"https:\/\/aguaslindasnoticias.com.br\/index.php\/wp-json\/wp\/v2\/media?parent=5479"}],"wp:term":[{"taxonomy":"category","embeddable":true,"href":"https:\/\/aguaslindasnoticias.com.br\/index.php\/wp-json\/wp\/v2\/categories?post=5479"},{"taxonomy":"post_tag","embeddable":true,"href":"https:\/\/aguaslindasnoticias.com.br\/index.php\/wp-json\/wp\/v2\/tags?post=5479"}],"curies":[{"name":"wp","href":"https:\/\/api.w.org\/{rel}","templated":true}]}}