{"id":5478,"date":"2023-01-04T10:13:15","date_gmt":"2023-01-04T13:13:15","guid":{"rendered":"https:\/\/aguaslindasnoticias.com.br\/index.php\/2023\/01\/04\/conheca-as-regras-para-concorrer-as-vagas-do-bercario-buriti\/"},"modified":"2023-01-04T10:13:15","modified_gmt":"2023-01-04T13:13:15","slug":"conheca-as-regras-para-concorrer-as-vagas-do-bercario-buriti","status":"publish","type":"post","link":"https:\/\/aguaslindasnoticias.com.br\/index.php\/2023\/01\/04\/conheca-as-regras-para-concorrer-as-vagas-do-bercario-buriti\/","title":{"rendered":"Conhe\u00e7a as regras para concorrer \u00e0s vagas do Ber\u00e7\u00e1rio Buriti"},"content":{"rendered":"\n<p>A Secretaria de Economia (Seec) divulgou as regras para participar do Programa de Aten\u00e7\u00e3o Materno Infantil (Proamis) e concorrer \u00e0s vagas do Ber\u00e7\u00e1rio Buriti, que ser\u00e1 inaugurado no m\u00eas de mar\u00e7o no Anexo do Pal\u00e1cio Buriti. Os procedimentos est\u00e3o descritos no Edital 01, publicado no Di\u00e1rio Oficial do DF (DODF) desta quinta-feira (3).<\/p>\n\n\n\n<p>As vagas para matr\u00edcula no ber\u00e7\u00e1rio s\u00e3o destinadas \u00e0s servidoras da administra\u00e7\u00e3o direta do Governo do Distrito Federal. As interessadas podem se inscrever, a qualquer tempo,&nbsp;<a href=\"https:\/\/sistemas.df.gov.br\/PortalDeServicos\/Login\">neste link<\/a>. Para acessar o sistema, basta utilizar o mesmo login e senha da rede interna do GDF.<\/p>\n\n\n\n<figure class=\"wp-block-image\"><img decoding=\"async\" src=\"http:\/\/www.agenciabrasilia.df.gov.br\/wp-conteudo\/uploads\/2022\/03\/WhatsApp-Image-2022-03-03-at-19.22.19.jpeg\" alt=\"\" class=\"wp-image-382542\"\/><figcaption>De acordo com o edital, o ber\u00e7\u00e1rio institucional \u00e9 uma pol\u00edtica p\u00fablica para mulheres, destinado a atender \u00e0s servidoras inscritas e classificadas no Proamis-DF e acolher seus dependentes ap\u00f3s o per\u00edodo de licen\u00e7a-maternidade | Foto: Paulo H. Carvalho\/Ag\u00eancia Bras\u00edlia<\/figcaption><\/figure>\n\n\n\n<p>\u201cO ber\u00e7\u00e1rio ser\u00e1 uma grande entrega, um verdadeiro legado que mostra o nosso compromisso com a qualidade de vida de nossos servidores e suas fam\u00edlias\u201d, destaca o secret\u00e1rio de Economia, Itamar Feitosa.<\/p>\n\n\n\n<p>\u201cO ber\u00e7\u00e1rio \u00e9 uma pol\u00edtica de valoriza\u00e7\u00e3o do servidor e uma forma de protegermos as nossas crian\u00e7as, neste per\u00edodo t\u00e3o importante que \u00e9 a primeira inf\u00e2ncia. O Proamis \u00e9 uma pol\u00edtica que valoriza a mulher, a fam\u00edlia e a inf\u00e2ncia, que acolhe e reconhece as nossas servidoras\u201d, acrescenta a secret\u00e1ria executiva de Valoriza\u00e7\u00e3o e Qualidade de Vida (Sequali), da Seec.<\/p>\n\n\n\n<p>O fechamento da classifica\u00e7\u00e3o para as turmas iniciais de inaugura\u00e7\u00e3o ser\u00e1 feito no dia 8 de mar\u00e7o e a publica\u00e7\u00e3o do resultado da classifica\u00e7\u00e3o em 9 de mar\u00e7o, no site&nbsp;<a href=\"http:\/\/www.proamis.df.gov.br\/\">www.proamis.df.gov.br<\/a>.<\/p>\n\n\n\n<blockquote class=\"wp-block-quote is-layout-flow wp-block-quote-is-layout-flow\"><p>O ber\u00e7\u00e1rio vai atender at\u00e9 60 crian\u00e7as com idade entre 6 e 24 meses completos, que sejam dependentes das servidoras da administra\u00e7\u00e3o direta. Ser\u00e3o destinadas at\u00e9 20% das vagas \u00e0s servidoras com defici\u00eancia<\/p><\/blockquote>\n\n\n\n<p>De acordo com o edital, o ber\u00e7\u00e1rio institucional \u00e9 uma pol\u00edtica p\u00fablica para mulheres, destinado a atender as servidoras inscritas e classificadas no Proamis-DF e acolher seus dependentes ap\u00f3s o per\u00edodo de licen\u00e7a-maternidade. A inscri\u00e7\u00e3o e a classifica\u00e7\u00e3o da servidora no Proamis n\u00e3o constituem uma garantia de vaga.<\/p>\n\n\n\n<p>A classifica\u00e7\u00e3o ser\u00e1 realizada com base na pontua\u00e7\u00e3o obtida por meio de participa\u00e7\u00e3o nos cursos e palestras oferecidas pelo Proamis. Cada hora-aula dos cursos ou palestras vinculados ao programa e certificados pela Escola de Governo do Distrito Federal (Egov) equivale a 1 ponto.<\/p>\n\n\n\n<p>A servidora precisar\u00e1 ter, no m\u00ednimo, certifica\u00e7\u00e3o de uma palestra equivalente a 1 ponto para ter direito a concorrer \u00e0 vaga e ser classificada. A classifica\u00e7\u00e3o ser\u00e1 feita na ordem decrescente de pontua\u00e7\u00e3o.<\/p>\n\n\n\n<p>As servidoras j\u00e1 classificadas que adquirirem novos pontos, por meio da realiza\u00e7\u00e3o de cursos ou palestras, ter\u00e3o direito \u00e0 reclassifica\u00e7\u00e3o, que ser\u00e1 publicada no site oficial do programa no \u00faltimo dia \u00fatil, do respectivo m\u00eas da inscri\u00e7\u00e3o. A reclassifica\u00e7\u00e3o servir\u00e1 para disputa de novas vagas.<\/p>\n\n\n\n<p>O ber\u00e7\u00e1rio vai atender at\u00e9 60 crian\u00e7as com idade entre 6 e 24 meses completos, que sejam dependentes das servidoras da administra\u00e7\u00e3o direta. Ser\u00e3o destinadas at\u00e9 20% das vagas \u00e0s servidoras com defici\u00eancia.<\/p>\n\n\n\n<p>Quando houver vaga dispon\u00edvel para ingresso no&nbsp; ber\u00e7\u00e1rio institucional, as primeiras servidoras da lista classificat\u00f3ria ser\u00e3o convocadas pela ordem para matr\u00edcula conforme a vaga disponibilizada.<\/p>\n\n\n\n<p>Ap\u00f3s a convoca\u00e7\u00e3o, \u00e9 necess\u00e1rio o preenchimento do formul\u00e1rio de solicita\u00e7\u00e3o de matr\u00edcula nova, no site Proamis, realizando o upload da documenta\u00e7\u00e3o exigida no edital. A desist\u00eancia pela servidora da vaga ofertada a impede de fazer novo pedido para o mesmo dependente.<\/p>\n\n\n\n<p>Aquelas que foram convocadas para matr\u00edcula precisam ficar atentas aos prazos, pois quando n\u00e3o houver resposta \u00e0 convoca\u00e7\u00e3o, no prazo de cinco dias \u00fateis, a vaga ser\u00e1 disponibilizada para a pr\u00f3xima servidora classificada na lista.<\/p>\n\n\n\n<p><em>*Com informa\u00e7\u00f5es da Secretaria de Economia<\/em><\/p>\n\n\n\n<p><strong>Ag\u00eancia Bras\u00edlia* I Edi\u00e7\u00e3o: D\u00e9bora Cronemberger<\/strong><\/p>\n","protected":false},"excerpt":{"rendered":"<p>A Secretaria de Economia (Seec) divulgou as regras para participar do Programa de Aten\u00e7\u00e3o Materno Infantil (Proamis) e concorrer \u00e0s vagas do Ber\u00e7\u00e1rio Buriti, que ser\u00e1 inaugurado no m\u00eas de mar\u00e7o no Anexo do Pal\u00e1cio Buriti. Os procedimentos est\u00e3o descritos no Edital 01, publicado no Di\u00e1rio Oficial do DF (DODF) desta quinta-feira (3). As vagas [&hellip;]<\/p>\n","protected":false},"author":1,"featured_media":0,"comment_status":"open","ping_status":"open","sticky":false,"template":"","format":"standard","meta":{"footnotes":""},"categories":[],"tags":[],"class_list":["post-5478","post","type-post","status-publish","format-standard","hentry"],"_links":{"self":[{"href":"https:\/\/aguaslindasnoticias.com.br\/index.php\/wp-json\/wp\/v2\/posts\/5478","targetHints":{"allow":["GET"]}}],"collection":[{"href":"https:\/\/aguaslindasnoticias.com.br\/index.php\/wp-json\/wp\/v2\/posts"}],"about":[{"href":"https:\/\/aguaslindasnoticias.com.br\/index.php\/wp-json\/wp\/v2\/types\/post"}],"author":[{"embeddable":true,"href":"https:\/\/aguaslindasnoticias.com.br\/index.php\/wp-json\/wp\/v2\/users\/1"}],"replies":[{"embeddable":true,"href":"https:\/\/aguaslindasnoticias.com.br\/index.php\/wp-json\/wp\/v2\/comments?post=5478"}],"version-history":[{"count":0,"href":"https:\/\/aguaslindasnoticias.com.br\/index.php\/wp-json\/wp\/v2\/posts\/5478\/revisions"}],"wp:attachment":[{"href":"https:\/\/aguaslindasnoticias.com.br\/index.php\/wp-json\/wp\/v2\/media?parent=5478"}],"wp:term":[{"taxonomy":"category","embeddable":true,"href":"https:\/\/aguaslindasnoticias.com.br\/index.php\/wp-json\/wp\/v2\/categories?post=5478"},{"taxonomy":"post_tag","embeddable":true,"href":"https:\/\/aguaslindasnoticias.com.br\/index.php\/wp-json\/wp\/v2\/tags?post=5478"}],"curies":[{"name":"wp","href":"https:\/\/api.w.org\/{rel}","templated":true}]}}