{"id":5477,"date":"2023-01-04T10:13:15","date_gmt":"2023-01-04T13:13:15","guid":{"rendered":"https:\/\/aguaslindasnoticias.com.br\/index.php\/2023\/01\/04\/saude-convoca-100-medicos-para-reforcar-atendimento-no-df\/"},"modified":"2023-01-04T10:13:15","modified_gmt":"2023-01-04T13:13:15","slug":"saude-convoca-100-medicos-para-reforcar-atendimento-no-df","status":"publish","type":"post","link":"https:\/\/aguaslindasnoticias.com.br\/index.php\/2023\/01\/04\/saude-convoca-100-medicos-para-reforcar-atendimento-no-df\/","title":{"rendered":"Sa\u00fade convoca 100 m\u00e9dicos para refor\u00e7ar atendimento no DF"},"content":{"rendered":"\n<figure class=\"wp-block-image\"><img decoding=\"async\" src=\"https:\/\/www.agenciabrasilia.df.gov.br\/wp-conteudo\/uploads\/2022\/03\/WhatsApp-Image-2022-03-03-at-18.19.46.jpeg\" alt=\"\"\/><\/figure>\n\n\n\n<p>A Secretaria de Sa\u00fade publicou no Di\u00e1rio Oficial do DF, desta quinta-feira (3), a convoca\u00e7\u00e3o de 100 m\u00e9dicos aprovados em processo seletivo simplificado emergencial. Os selecionados t\u00eam at\u00e9 o dia 11 de mar\u00e7o para apresentarem a documenta\u00e7\u00e3o, conforme as orienta\u00e7\u00f5es do edital.<\/p>\n\n\n\n<p>Os selecionados s\u00e3o cl\u00ednicos e emergencistas. \u201cEsses profissionais ser\u00e3o fundamentais para refor\u00e7ar o nosso atendimento, no contexto de enfrentamento da pandemia, al\u00e9m de incrementar a for\u00e7a de trabalho nas unidades de sa\u00fade de toda a rede\u201d, afirmou o subsecret\u00e1rio de Gest\u00e3o de Pessoas, Evill\u00e1sio Ramos.<\/p>\n\n\n\n<p>O processo seletivo teve 306 m\u00e9dicos aprovados e a Secretaria de Sa\u00fade ainda poder\u00e1 convocar os excedentes. A classifica\u00e7\u00e3o foi definida de acordo com a avalia\u00e7\u00e3o de t\u00edtulos e o tempo de experi\u00eancia profissional.<\/p>\n\n\n\n<p>Os profissionais convocados podem obter mais informa\u00e7\u00f5es&nbsp;<a href=\"https:\/\/www.saude.df.gov.br\/contratos-temporarios-2\/\">aqui<\/a>.<\/p>\n\n\n\n<p><em>Fonte: Ag\u00eancia Bras\u00edlia \/ Com informa\u00e7\u00f5es da Secretaria de Sa\u00fade<\/em><\/p>\n","protected":false},"excerpt":{"rendered":"<p>A Secretaria de Sa\u00fade publicou no Di\u00e1rio Oficial do DF, desta quinta-feira (3), a convoca\u00e7\u00e3o de 100 m\u00e9dicos aprovados em processo seletivo simplificado emergencial. Os selecionados t\u00eam at\u00e9 o dia 11 de mar\u00e7o para apresentarem a documenta\u00e7\u00e3o, conforme as orienta\u00e7\u00f5es do edital. Os selecionados s\u00e3o cl\u00ednicos e emergencistas. \u201cEsses profissionais ser\u00e3o fundamentais para refor\u00e7ar o [&hellip;]<\/p>\n","protected":false},"author":1,"featured_media":0,"comment_status":"open","ping_status":"open","sticky":false,"template":"","format":"standard","meta":{"footnotes":""},"categories":[],"tags":[],"class_list":["post-5477","post","type-post","status-publish","format-standard","hentry"],"_links":{"self":[{"href":"https:\/\/aguaslindasnoticias.com.br\/index.php\/wp-json\/wp\/v2\/posts\/5477","targetHints":{"allow":["GET"]}}],"collection":[{"href":"https:\/\/aguaslindasnoticias.com.br\/index.php\/wp-json\/wp\/v2\/posts"}],"about":[{"href":"https:\/\/aguaslindasnoticias.com.br\/index.php\/wp-json\/wp\/v2\/types\/post"}],"author":[{"embeddable":true,"href":"https:\/\/aguaslindasnoticias.com.br\/index.php\/wp-json\/wp\/v2\/users\/1"}],"replies":[{"embeddable":true,"href":"https:\/\/aguaslindasnoticias.com.br\/index.php\/wp-json\/wp\/v2\/comments?post=5477"}],"version-history":[{"count":0,"href":"https:\/\/aguaslindasnoticias.com.br\/index.php\/wp-json\/wp\/v2\/posts\/5477\/revisions"}],"wp:attachment":[{"href":"https:\/\/aguaslindasnoticias.com.br\/index.php\/wp-json\/wp\/v2\/media?parent=5477"}],"wp:term":[{"taxonomy":"category","embeddable":true,"href":"https:\/\/aguaslindasnoticias.com.br\/index.php\/wp-json\/wp\/v2\/categories?post=5477"},{"taxonomy":"post_tag","embeddable":true,"href":"https:\/\/aguaslindasnoticias.com.br\/index.php\/wp-json\/wp\/v2\/tags?post=5477"}],"curies":[{"name":"wp","href":"https:\/\/api.w.org\/{rel}","templated":true}]}}