{"id":5476,"date":"2023-01-04T10:13:15","date_gmt":"2023-01-04T13:13:15","guid":{"rendered":"https:\/\/aguaslindasnoticias.com.br\/index.php\/2023\/01\/04\/comissao-veda-contratos-com-pessoa-juridica-condenada-pela-pratica-de-trabalho-analogo-a-escravidao\/"},"modified":"2023-01-04T10:13:15","modified_gmt":"2023-01-04T13:13:15","slug":"comissao-veda-contratos-com-pessoa-juridica-condenada-pela-pratica-de-trabalho-analogo-a-escravidao","status":"publish","type":"post","link":"https:\/\/aguaslindasnoticias.com.br\/index.php\/2023\/01\/04\/comissao-veda-contratos-com-pessoa-juridica-condenada-pela-pratica-de-trabalho-analogo-a-escravidao\/","title":{"rendered":"Comiss\u00e3o veda contratos com pessoa jur\u00eddica condenada pela pr\u00e1tica de trabalho an\u00e1logo \u00e0 escravid\u00e3o"},"content":{"rendered":"\n<p>Foto: Reprodu\u00e7\u00e3o\/TV C\u00e2mara Distrital<\/p>\n\n\n\n<figure class=\"wp-block-image size-large\"><img decoding=\"async\" src=\"http:\/\/claricegulyas.com.br\/wp-content\/uploads\/2022\/03\/FGTC-3-1024x683.jpg\" alt=\"\" class=\"wp-image-9646\"\/><\/figure>\n\n\n\n<figure class=\"wp-block-image\"><img decoding=\"async\" src=\"https:\/\/www.cl.df.gov.br\/documents\/10162\/25576657\/FGTC+3.jpg\/b824bfa4-8505-bdcc-9b78-ba7e448df72d?t=1645712301865\" alt=\"O autor da mat\u00e9ria, deputado Jos\u00e9 Gomes, cita que trabalhos an\u00e1logos \u00e0 escravid\u00e3o podem se configurar em diversas situa\u00e7\u00f5es, como jornadas exaustivas, trabalho for\u00e7ado, restri\u00e7\u00e3o de liberdade, servid\u00e3o por d\u00edvidas, entre outros\"\/><\/figure>\n\n\n\n<p>O autor da mat\u00e9ria, deputado Jos\u00e9 Gomes, cita que trabalhos an\u00e1logos \u00e0 escravid\u00e3o podem se configurar em diversas situa\u00e7\u00f5es, como jornadas exaustivas, trabalho for\u00e7ado, restri\u00e7\u00e3o de liberdade, servid\u00e3o por d\u00edvidas, entre outros<\/p>\n\n\n\n<p>A pessoa jur\u00eddica que tenha sido condenada pela pr\u00e1tica de trabalho an\u00e1logo \u00e0 escravid\u00e3o ser\u00e1 proibida de fazer contratos com a administra\u00e7\u00e3o p\u00fablica distrital. Esta proposta, objeto do PL 2300\/2021, foi aprovada pela Comiss\u00e3o de Fiscaliza\u00e7\u00e3o, Governan\u00e7a, Transpar\u00eancia e Controle da C\u00e2mara Legislativa em reuni\u00e3o na manh\u00e3 desta quinta-feira (25).<\/p>\n\n\n\n<p>O autor da mat\u00e9ria, deputado&nbsp;<a href=\"https:\/\/www.cl.df.gov.br\/web\/guest\/jose-gomes-2019-2022\">Jos\u00e9 Gomes<\/a>&nbsp;(PTB), cita que trabalhos an\u00e1logos \u00e0 escravid\u00e3o podem se configurar em diversas situa\u00e7\u00f5es, como jornadas exaustivas, trabalho for\u00e7ado, restri\u00e7\u00e3o de liberdade, servid\u00e3o por d\u00edvidas, entre outros.<\/p>\n\n\n\n<p>O distrital lembra que a legisla\u00e7\u00e3o brasileira, por meio do conjunto de leis trabalhistas, veda abusos por parte dos empregadores. Da mesma forma, acordos e conven\u00e7\u00f5es internacionais, como a Conven\u00e7\u00e3o sobre Aboli\u00e7\u00e3o do Trabalho For\u00e7ado, da Organiza\u00e7\u00e3o Internacional do Trabalho (OIT), foram ratificados pelo Brasil.<\/p>\n\n\n\n<p><img decoding=\"async\" width=\"396\" src=\"https:\/\/www.cl.df.gov.br\/documents\/10162\/25576657\/FGTC+6.jpg\/48ad0522-2052-4ba7-86e3-10409dd735b5?t=1645712300221\">O relator, deputado Leandro Grass (Rede), apresentou substitutivo a fim de fazer ajustes ao texto do projeto, que segue para an\u00e1lise das comiss\u00f5es de Economia, Or\u00e7amento e Finan\u00e7as (CEOF), Assuntos Sociais (CAS) e Constitui\u00e7\u00e3o e Justi\u00e7a (CCJ).<\/p>\n\n\n\n<p>Com a participa\u00e7\u00e3o dos deputados Leandro Grass (Rede), Jos\u00e9 Gomes e Delmasso (Republicanos), a reuni\u00e3o foi transmitida ao vivo pela TV C\u00e2mara Distrital (canal 9.3) e&nbsp;<a href=\"https:\/\/www.youtube.com\/watch?v=zVWZyxXApUY\">YouTube<\/a>, com tradu\u00e7\u00e3o simult\u00e2nea em Libras.&nbsp;<\/p>\n\n\n\n<p><strong>Franci Moraes &#8211; Ag\u00eancia CLDF<\/strong><\/p>\n","protected":false},"excerpt":{"rendered":"<p>Foto: Reprodu\u00e7\u00e3o\/TV C\u00e2mara Distrital O autor da mat\u00e9ria, deputado Jos\u00e9 Gomes, cita que trabalhos an\u00e1logos \u00e0 escravid\u00e3o podem se configurar em diversas situa\u00e7\u00f5es, como jornadas exaustivas, trabalho for\u00e7ado, restri\u00e7\u00e3o de liberdade, servid\u00e3o por d\u00edvidas, entre outros A pessoa jur\u00eddica que tenha sido condenada pela pr\u00e1tica de trabalho an\u00e1logo \u00e0 escravid\u00e3o ser\u00e1 proibida de fazer contratos [&hellip;]<\/p>\n","protected":false},"author":1,"featured_media":0,"comment_status":"open","ping_status":"open","sticky":false,"template":"","format":"standard","meta":{"footnotes":""},"categories":[],"tags":[],"class_list":["post-5476","post","type-post","status-publish","format-standard","hentry"],"_links":{"self":[{"href":"https:\/\/aguaslindasnoticias.com.br\/index.php\/wp-json\/wp\/v2\/posts\/5476","targetHints":{"allow":["GET"]}}],"collection":[{"href":"https:\/\/aguaslindasnoticias.com.br\/index.php\/wp-json\/wp\/v2\/posts"}],"about":[{"href":"https:\/\/aguaslindasnoticias.com.br\/index.php\/wp-json\/wp\/v2\/types\/post"}],"author":[{"embeddable":true,"href":"https:\/\/aguaslindasnoticias.com.br\/index.php\/wp-json\/wp\/v2\/users\/1"}],"replies":[{"embeddable":true,"href":"https:\/\/aguaslindasnoticias.com.br\/index.php\/wp-json\/wp\/v2\/comments?post=5476"}],"version-history":[{"count":0,"href":"https:\/\/aguaslindasnoticias.com.br\/index.php\/wp-json\/wp\/v2\/posts\/5476\/revisions"}],"wp:attachment":[{"href":"https:\/\/aguaslindasnoticias.com.br\/index.php\/wp-json\/wp\/v2\/media?parent=5476"}],"wp:term":[{"taxonomy":"category","embeddable":true,"href":"https:\/\/aguaslindasnoticias.com.br\/index.php\/wp-json\/wp\/v2\/categories?post=5476"},{"taxonomy":"post_tag","embeddable":true,"href":"https:\/\/aguaslindasnoticias.com.br\/index.php\/wp-json\/wp\/v2\/tags?post=5476"}],"curies":[{"name":"wp","href":"https:\/\/api.w.org\/{rel}","templated":true}]}}