{"id":5475,"date":"2023-01-04T10:13:15","date_gmt":"2023-01-04T13:13:15","guid":{"rendered":"https:\/\/aguaslindasnoticias.com.br\/index.php\/2023\/01\/04\/ibaneis-rocha-e-jaqueline-silva-visitam-obras-em-santa-maria\/"},"modified":"2023-01-04T10:13:15","modified_gmt":"2023-01-04T13:13:15","slug":"ibaneis-rocha-e-jaqueline-silva-visitam-obras-em-santa-maria","status":"publish","type":"post","link":"https:\/\/aguaslindasnoticias.com.br\/index.php\/2023\/01\/04\/ibaneis-rocha-e-jaqueline-silva-visitam-obras-em-santa-maria\/","title":{"rendered":"Ibaneis Rocha e Jaqueline Silva visitam obras em Santa Maria"},"content":{"rendered":"\n<figure class=\"wp-block-image size-large\"><img decoding=\"async\" src=\"http:\/\/claricegulyas.com.br\/wp-content\/uploads\/2022\/03\/WhatsApp-Image-2022-02-17-at-19.42.03-1024x682.jpeg\" alt=\"\" class=\"wp-image-9643\"\/><\/figure>\n\n\n\n<p>Nessa quarta-feira (16), o governador Ibaneis esteve em Santa Maria, a convite da deputada distrital Jaqueline Silva, para conferir as obras que est\u00e3o em andamento na cidade.<\/p>\n\n\n\n<p>O trajeto come\u00e7ou pela constru\u00e7\u00e3o da Escola T\u00e9cnica, que tem entrega prevista para ainda este ano. Em uma \u00e1rea de 5 mil m\u00b2, a Escola T\u00e9cnica ir\u00e1 beneficiar os moradores da regi\u00e3o sul do DF com cursos de capacita\u00e7\u00e3o profissional.<\/p>\n\n\n\n<p>A segunda parada foi na tenda da Caravana do Empreendedor, que est\u00e1 montada na quadra Central e ir\u00e1 atender os empres\u00e1rios da regi\u00e3o para consultorias e capacita\u00e7\u00e3o at\u00e9 o dia 25 de fevereiro. No palanque, ao ser cobrado pela distrital Jaqueline Silva por mais benef\u00edcios e melhorias para a carreira de conselheiro tutelar, o governador Ibaneis assinou, ali mesmo, a proposta de aumento salarial para a categoria, arrancando gritos de comemora\u00e7\u00e3o dos presentes. A parlamentar se comprometeu em trabalhar na C\u00e2mara Legislativa para que o projeto de lei seja votado e aprovado j\u00e1 nos pr\u00f3ximos dias. Santa Maria tamb\u00e9m ganhar\u00e1 uma nova unidade do Conselho Tutelar, que ser\u00e1 na CL 118 e as obras come\u00e7ar\u00e3o em breve.<\/p>\n\n\n\n<p>O roteiro de visitas foi finalizado na Vicinal 361, via que liga Gama \u00e0 Santa Maria, para comemorar o in\u00edcio das obras de pavimenta\u00e7\u00e3o. Ser\u00e3o 3km de asfaltamento entre a DF-480 e a DF-483, melhorando o acesso entre o Campus da UnB e \u00e0 Penitenci\u00e1ria Feminina.<\/p>\n\n\n\n<p>Ibaneis Rocha reconheceu os avan\u00e7os que vem acontecendo em Santa Maria. \u201c\u00c9 uma cidade que estava abandonada e n\u00f3s temos investido milh\u00f5es em obras aqui. E estamos lan\u00e7ando mais uma obra, a VC-361 que era um pedido constante dos moradores\u201d. J\u00e1 a parlamentar, Jaqueline Silva que \u00e9 moradora da cidade, comemorou: \u201cN\u00f3s entregamos a VC-371 e agora come\u00e7amos a pavimenta\u00e7\u00e3o da VC-361, ambas muito importantes para a cidade. Moro aqui desde pequena e conhe\u00e7o de perto os problemas que a comunidade enfrenta\u201d<\/p>\n","protected":false},"excerpt":{"rendered":"<p>Nessa quarta-feira (16), o governador Ibaneis esteve em Santa Maria, a convite da deputada distrital Jaqueline Silva, para conferir as obras que est\u00e3o em andamento na cidade. O trajeto come\u00e7ou pela constru\u00e7\u00e3o da Escola T\u00e9cnica, que tem entrega prevista para ainda este ano. Em uma \u00e1rea de 5 mil m\u00b2, a Escola T\u00e9cnica ir\u00e1 beneficiar [&hellip;]<\/p>\n","protected":false},"author":1,"featured_media":0,"comment_status":"open","ping_status":"open","sticky":false,"template":"","format":"standard","meta":{"footnotes":""},"categories":[],"tags":[],"class_list":["post-5475","post","type-post","status-publish","format-standard","hentry"],"_links":{"self":[{"href":"https:\/\/aguaslindasnoticias.com.br\/index.php\/wp-json\/wp\/v2\/posts\/5475","targetHints":{"allow":["GET"]}}],"collection":[{"href":"https:\/\/aguaslindasnoticias.com.br\/index.php\/wp-json\/wp\/v2\/posts"}],"about":[{"href":"https:\/\/aguaslindasnoticias.com.br\/index.php\/wp-json\/wp\/v2\/types\/post"}],"author":[{"embeddable":true,"href":"https:\/\/aguaslindasnoticias.com.br\/index.php\/wp-json\/wp\/v2\/users\/1"}],"replies":[{"embeddable":true,"href":"https:\/\/aguaslindasnoticias.com.br\/index.php\/wp-json\/wp\/v2\/comments?post=5475"}],"version-history":[{"count":0,"href":"https:\/\/aguaslindasnoticias.com.br\/index.php\/wp-json\/wp\/v2\/posts\/5475\/revisions"}],"wp:attachment":[{"href":"https:\/\/aguaslindasnoticias.com.br\/index.php\/wp-json\/wp\/v2\/media?parent=5475"}],"wp:term":[{"taxonomy":"category","embeddable":true,"href":"https:\/\/aguaslindasnoticias.com.br\/index.php\/wp-json\/wp\/v2\/categories?post=5475"},{"taxonomy":"post_tag","embeddable":true,"href":"https:\/\/aguaslindasnoticias.com.br\/index.php\/wp-json\/wp\/v2\/tags?post=5475"}],"curies":[{"name":"wp","href":"https:\/\/api.w.org\/{rel}","templated":true}]}}