{"id":5470,"date":"2023-01-04T10:13:15","date_gmt":"2023-01-04T13:13:15","guid":{"rendered":"https:\/\/aguaslindasnoticias.com.br\/index.php\/2023\/01\/04\/agora-e-lei-atendimento-psicossocial-em-escolas-passa-a-ser-obrigatorio-no-df\/"},"modified":"2023-01-04T10:13:15","modified_gmt":"2023-01-04T13:13:15","slug":"agora-e-lei-atendimento-psicossocial-em-escolas-passa-a-ser-obrigatorio-no-df","status":"publish","type":"post","link":"https:\/\/aguaslindasnoticias.com.br\/index.php\/2023\/01\/04\/agora-e-lei-atendimento-psicossocial-em-escolas-passa-a-ser-obrigatorio-no-df\/","title":{"rendered":"[Agora \u00e9 Lei] Atendimento psicossocial em escolas passa a ser obrigat\u00f3rio no DF"},"content":{"rendered":"\n<p><\/p>\n\n\n\n<p>Foto: Wagner Or\u00edgenes\/Arquivo Cidade de S\u00e3o Paulo<\/p>\n\n\n\n<figure class=\"wp-block-image size-large\"><img decoding=\"async\" src=\"http:\/\/claricegulyas.com.br\/wp-content\/uploads\/2022\/02\/FOTO-1-CRAS-CREAS-1024x683.jpg\" alt=\"\" class=\"wp-image-9626\"\/><\/figure>\n\n\n\n<figure class=\"wp-block-image\"><img decoding=\"async\" src=\"https:\/\/www.cl.df.gov.br\/documents\/10162\/25576654\/FOTO+1+CRAS+CREAS.jpg\/fb7127ac-3ee9-5f1f-6c44-2870f8a1507e?t=1645713113774\" alt=\"#\"\/><\/figure>\n\n\n\n<p>Entrou em vigor nesta quinta-feira (24) a Lei n\u00ba 6.992\/2021, que garante atendimento, por profissionais de psicologia escolar e servi\u00e7o social, a alunos e profissionais da educa\u00e7\u00e3o das escolas p\u00fablicas e privadas do DF com mais de 200 alunos ou em unidades de natureza especial e escolas do campo. Entre os objetivos, destaca-se o combate \u00e0 evas\u00e3o escolar, segundo a autora da Lei, Jaqueline Silva (PTB). \u201cPsic\u00f3logos e assistentes sociais podem tamb\u00e9m atuar no processo de ingresso e perman\u00eancia de estudantes na escola, inclusive aqueles com necessidades educativas especiais\u201d, argumentou.<\/p>\n\n\n\n<p>Estes profissionais dever\u00e3o pertencer aos quadros de servidores da Secretaria de Educa\u00e7\u00e3o do DF e, juntamente com os professores e demais servidores da escola, ir\u00e3o contribuir para a efetiva\u00e7\u00e3o do direito \u00e0 educa\u00e7\u00e3o, de forma preventiva e interventiva, acompanhando em especial estudantes que apresentem dificuldades nos processos de escolariza\u00e7\u00e3o, incluindo v\u00edtimas de viola\u00e7\u00f5es de direito ou os que tenham transtornos mentais.<\/p>\n\n\n\n<p>De acordo com a Lei, haver\u00e1 avalia\u00e7\u00e3o anual da pol\u00edtica p\u00fablica com base em indicadores sobre evas\u00e3o escolar, notifica\u00e7\u00e3o de tentativas de suic\u00eddio e \u00edndices de afastamentos de profissionais de educa\u00e7\u00e3o por motivos de transtornos mentais, com apoio de institutos de pesquisa p\u00fablicos e relat\u00f3rios produzidos pelas unidades escolares. A inclus\u00e3o dos profissionais de psicologia e servi\u00e7o social n\u00e3o substitui servi\u00e7os previamente existentes no \u00e2mbito das unidades escolares ou os atendimentos ofertados pela Subsecretaria de Seguran\u00e7a e Sa\u00fade no Trabalho.&nbsp;<\/p>\n\n\n\n<p>A Lei foi publicada no Di\u00e1rio Oficial do DF nesta quinta-feira (24), ap\u00f3s derrubada de veto pela C\u00e2mara Legislativa, em novembro.<\/p>\n\n\n\n<p><strong>Ag\u00eancia CLDF<\/strong><\/p>\n","protected":false},"excerpt":{"rendered":"<p>Foto: Wagner Or\u00edgenes\/Arquivo Cidade de S\u00e3o Paulo Entrou em vigor nesta quinta-feira (24) a Lei n\u00ba 6.992\/2021, que garante atendimento, por profissionais de psicologia escolar e servi\u00e7o social, a alunos e profissionais da educa\u00e7\u00e3o das escolas p\u00fablicas e privadas do DF com mais de 200 alunos ou em unidades de natureza especial e escolas do [&hellip;]<\/p>\n","protected":false},"author":1,"featured_media":0,"comment_status":"open","ping_status":"open","sticky":false,"template":"","format":"standard","meta":{"footnotes":""},"categories":[],"tags":[],"class_list":["post-5470","post","type-post","status-publish","format-standard","hentry"],"_links":{"self":[{"href":"https:\/\/aguaslindasnoticias.com.br\/index.php\/wp-json\/wp\/v2\/posts\/5470","targetHints":{"allow":["GET"]}}],"collection":[{"href":"https:\/\/aguaslindasnoticias.com.br\/index.php\/wp-json\/wp\/v2\/posts"}],"about":[{"href":"https:\/\/aguaslindasnoticias.com.br\/index.php\/wp-json\/wp\/v2\/types\/post"}],"author":[{"embeddable":true,"href":"https:\/\/aguaslindasnoticias.com.br\/index.php\/wp-json\/wp\/v2\/users\/1"}],"replies":[{"embeddable":true,"href":"https:\/\/aguaslindasnoticias.com.br\/index.php\/wp-json\/wp\/v2\/comments?post=5470"}],"version-history":[{"count":0,"href":"https:\/\/aguaslindasnoticias.com.br\/index.php\/wp-json\/wp\/v2\/posts\/5470\/revisions"}],"wp:attachment":[{"href":"https:\/\/aguaslindasnoticias.com.br\/index.php\/wp-json\/wp\/v2\/media?parent=5470"}],"wp:term":[{"taxonomy":"category","embeddable":true,"href":"https:\/\/aguaslindasnoticias.com.br\/index.php\/wp-json\/wp\/v2\/categories?post=5470"},{"taxonomy":"post_tag","embeddable":true,"href":"https:\/\/aguaslindasnoticias.com.br\/index.php\/wp-json\/wp\/v2\/tags?post=5470"}],"curies":[{"name":"wp","href":"https:\/\/api.w.org\/{rel}","templated":true}]}}