{"id":5468,"date":"2023-01-04T10:13:15","date_gmt":"2023-01-04T13:13:15","guid":{"rendered":"https:\/\/aguaslindasnoticias.com.br\/index.php\/2023\/01\/04\/consumidor-nao-sera-obrigado-a-lacrar-bolsas-e-mochilas-em-estabelecimentos-comerciais\/"},"modified":"2023-01-04T10:13:15","modified_gmt":"2023-01-04T13:13:15","slug":"consumidor-nao-sera-obrigado-a-lacrar-bolsas-e-mochilas-em-estabelecimentos-comerciais","status":"publish","type":"post","link":"https:\/\/aguaslindasnoticias.com.br\/index.php\/2023\/01\/04\/consumidor-nao-sera-obrigado-a-lacrar-bolsas-e-mochilas-em-estabelecimentos-comerciais\/","title":{"rendered":"Consumidor n\u00e3o ser\u00e1 obrigado a lacrar bolsas e mochilas em estabelecimentos comerciais"},"content":{"rendered":"\n<p>Foto: Reprodu\u00e7\u00e3o\/TV C\u00e2mara Distrital<\/p>\n\n\n\n<figure class=\"wp-block-image size-large\"><img decoding=\"async\" src=\"http:\/\/claricegulyas.com.br\/wp-content\/uploads\/2022\/02\/1-1024x732.jpg\" alt=\"\" class=\"wp-image-9620\"\/><\/figure>\n\n\n\n<figure class=\"wp-block-image\"><img decoding=\"async\" src=\"https:\/\/www.cl.df.gov.br\/documents\/10162\/25520939\/02+-2022.02.17+CDC.jpg\/c18277bc-e0d4-d5e8-1190-b7e38cdfe949?t=1645109730649\" alt=\"De acordo com a proposta, o estabelecimento que optar pela pr\u00e1tica do uso de lacre ou do guarda-volumes poder\u00e1 faz\u00ea-lo desde que informe de maneira clara e pr\u00e9via, de forma ostensiva na entrada, tratar-se de medida optativa e a crit\u00e9rio do consumidor\"\/><\/figure>\n\n\n\n<p>De acordo com a proposta, o estabelecimento que optar pela pr\u00e1tica do uso de lacre ou do guarda-volumes poder\u00e1 faz\u00ea-lo desde que informe de maneira clara e pr\u00e9via, de forma ostensiva na entrada, tratar-se de medida optativa e a crit\u00e9rio do consumidor<\/p>\n\n\n\n<p>A fim de impedir o constrangimento, a discrimina\u00e7\u00e3o e a coer\u00e7\u00e3o ao consumidor, o cidad\u00e3o&nbsp;n\u00e3o ser\u00e1 obrigado a lacrar sacolas, bolsas e mochilas ao adentrar em estabelecimento comercial e nem a usar o guarda-volumes. Esta determina\u00e7\u00e3o consta no Projeto de Lei 1.718\/2021, do deputado&nbsp;<a href=\"https:\/\/www.cl.df.gov.br\/web\/guest\/joao-cardoso-2019-2022\">Jo\u00e3o Cardoso<\/a>&nbsp;(Avante), aprovado pela Comiss\u00e3o de Defesa do Consumidor (CDC) da C\u00e2mara Legislativa em reuni\u00e3o na manh\u00e3 desta quinta-feira (17).<\/p>\n\n\n\n<p>De acordo com a proposta, o estabelecimento que optar pela pr\u00e1tica do uso de lacre ou do guarda-volumes poder\u00e1 faz\u00ea-lo desde que informe de maneira clara e pr\u00e9via, de forma ostensiva na entrada, tratar-se de medida optativa e a crit\u00e9rio do consumidor. Caso haja infra\u00e7\u00e3o, o estabelecimento estar\u00e1 sujeito \u00e0 notifica\u00e7\u00e3o e, posteriormente, \u00e0 multa de R$ 5.000,00 e, at\u00e9 mesmo, \u00e0 interdi\u00e7\u00e3o por 48h para adequa\u00e7\u00e3o \u00e0 lei.&nbsp;<\/p>\n\n\n\n<p>\u201c\u00c9 inadmiss\u00edvel constatar que empresas, cuja maioria conta com c\u00e2meras e sensores instalados nas entradas e sa\u00eddas dos estabelecimentos, e ainda disp\u00f5em de seguran\u00e7as, exijam dos consumidores o lacre de sacolas, bolsas e mochilas, ou ainda, a obriga\u00e7\u00e3o do uso de guarda-volumes\u201d, argumenta Jo\u00e3o Cardoso. Ele cita o C\u00f3digo de Defesa do Consumidor que garante o \u201crespeito \u00e0 dignidade do consumidor\u201d e pro\u00edbe o constrangimento e a coer\u00e7\u00e3o.<\/p>\n\n\n\n<p>Cardoso refor\u00e7a que \u00e9 uma \u201cpr\u00e1tica humilhante e um procedimento indelicado com os clientes\u201d. Do mesmo modo, o relator da mat\u00e9ria, deputado&nbsp;<a href=\"https:\/\/www.cl.df.gov.br\/web\/guest\/chico-vigilante-2019-2020\">Chico Vigilante<\/a>&nbsp;(PT), considera a pr\u00e1tica \u201cdesrespeitosa\u201d, ao acrescentar que existem formas mais eficientes e menos invasivas de promover a seguran\u00e7a.&nbsp;<\/p>\n\n\n\n<p>O projeto segue agora para an\u00e1lise da Comiss\u00e3o de Constitui\u00e7\u00e3o e Justi\u00e7a (CCJ), antes de ir \u00e0 vota\u00e7\u00e3o em plen\u00e1rio.&nbsp;Com a participa\u00e7\u00e3o dos deputados Chico Vigilante, Leandro Grass (Rede) e Valdelino BBarcelos (PP), a reuni\u00e3o do colegiado foi transmitida ao vivo pela TV C\u00e2mara Distrital (canal 9.3) e&nbsp;<a href=\"https:\/\/www.youtube.com\/watch?v=fxTtDpSAV0Q&amp;list=PLgjufDVoPk_NJlqfd9x5KyI80FcsTb1eW&amp;index=1\">Youtube<\/a>.<\/p>\n\n\n\n<p><strong>Franci Moraes &#8211; Ag\u00eancia CLDF<\/strong><\/p>\n","protected":false},"excerpt":{"rendered":"<p>Foto: Reprodu\u00e7\u00e3o\/TV C\u00e2mara Distrital De acordo com a proposta, o estabelecimento que optar pela pr\u00e1tica do uso de lacre ou do guarda-volumes poder\u00e1 faz\u00ea-lo desde que informe de maneira clara e pr\u00e9via, de forma ostensiva na entrada, tratar-se de medida optativa e a crit\u00e9rio do consumidor A fim de impedir o constrangimento, a discrimina\u00e7\u00e3o e [&hellip;]<\/p>\n","protected":false},"author":1,"featured_media":0,"comment_status":"open","ping_status":"open","sticky":false,"template":"","format":"standard","meta":{"footnotes":""},"categories":[],"tags":[],"class_list":["post-5468","post","type-post","status-publish","format-standard","hentry"],"_links":{"self":[{"href":"https:\/\/aguaslindasnoticias.com.br\/index.php\/wp-json\/wp\/v2\/posts\/5468","targetHints":{"allow":["GET"]}}],"collection":[{"href":"https:\/\/aguaslindasnoticias.com.br\/index.php\/wp-json\/wp\/v2\/posts"}],"about":[{"href":"https:\/\/aguaslindasnoticias.com.br\/index.php\/wp-json\/wp\/v2\/types\/post"}],"author":[{"embeddable":true,"href":"https:\/\/aguaslindasnoticias.com.br\/index.php\/wp-json\/wp\/v2\/users\/1"}],"replies":[{"embeddable":true,"href":"https:\/\/aguaslindasnoticias.com.br\/index.php\/wp-json\/wp\/v2\/comments?post=5468"}],"version-history":[{"count":0,"href":"https:\/\/aguaslindasnoticias.com.br\/index.php\/wp-json\/wp\/v2\/posts\/5468\/revisions"}],"wp:attachment":[{"href":"https:\/\/aguaslindasnoticias.com.br\/index.php\/wp-json\/wp\/v2\/media?parent=5468"}],"wp:term":[{"taxonomy":"category","embeddable":true,"href":"https:\/\/aguaslindasnoticias.com.br\/index.php\/wp-json\/wp\/v2\/categories?post=5468"},{"taxonomy":"post_tag","embeddable":true,"href":"https:\/\/aguaslindasnoticias.com.br\/index.php\/wp-json\/wp\/v2\/tags?post=5468"}],"curies":[{"name":"wp","href":"https:\/\/api.w.org\/{rel}","templated":true}]}}