{"id":5467,"date":"2023-01-04T10:13:15","date_gmt":"2023-01-04T13:13:15","guid":{"rendered":"https:\/\/aguaslindasnoticias.com.br\/index.php\/2023\/01\/04\/programa-reviva-parques-da-inicio-a-melhorias-no-parque-da-asa-sul\/"},"modified":"2023-01-04T10:13:15","modified_gmt":"2023-01-04T13:13:15","slug":"programa-reviva-parques-da-inicio-a-melhorias-no-parque-da-asa-sul","status":"publish","type":"post","link":"https:\/\/aguaslindasnoticias.com.br\/index.php\/2023\/01\/04\/programa-reviva-parques-da-inicio-a-melhorias-no-parque-da-asa-sul\/","title":{"rendered":"Programa Reviva Parques d\u00e1 in\u00edcio a melhorias no Parque da Asa Sul"},"content":{"rendered":"\n<p>O Parque Ecol\u00f3gico da Asa Sul, localizado entre as vias L4 e L2, na \u00e1rea que abrange as quadras 613 e 614 Sul, no Plano Piloto, vai passar a contar oficialmente, a partir desta segunda-feira (21), com a\u00e7\u00f5es do Programa Reviva Parques. As interven\u00e7\u00f5es ser\u00e3o coordenadas pelo Instituto Bras\u00edlia Ambiental com o apoio de v\u00e1rios \u00f3rg\u00e3os do Governo do Distrito Federal (GDF).<\/p>\n\n\n\n<figure class=\"wp-block-image\"><img decoding=\"async\" src=\"http:\/\/agenciabrasilia.df.gov.br\/wp-conteudo\/uploads\/2022\/02\/Foto-1-Mat-Reviva-Parque-no-Asa-Sul.jpeg\" alt=\"\" class=\"wp-image-379357\"\/><figcaption>O Parque Ecol\u00f3gico da Asa Sul conta com \u00e1rea de 21,73 hectares e recebe centenas de visitantes por semana, abrindo diariamente das 6h \u00e0s 20h | Foto: Divulga\u00e7\u00e3o\/Bras\u00edlia Ambiental<\/figcaption><\/figure>\n\n\n\n<p>Est\u00e3o previstas 25 a\u00e7\u00f5es de melhorias e interven\u00e7\u00f5es na Unidade de Conserva\u00e7\u00e3o (UC). Entre elas: sinaliza\u00e7\u00e3o da coopervia, manuten\u00e7\u00e3o do cercamento e do reservat\u00f3rio, revis\u00e3o da rede el\u00e9trica, implanta\u00e7\u00e3o de acesso ao pedestre, reestrutura\u00e7\u00e3o de acesso de ve\u00edculos, conserva\u00e7\u00e3o dos plantios, podas de \u00e1rvores com risco de queda, remo\u00e7\u00e3o de \u00e1rvores ca\u00eddas e reformas do circuito inteligente e dos pontos de encontro comunit\u00e1rio (PECs).<\/p>\n\n\n\n<blockquote class=\"wp-block-quote is-layout-flow wp-block-quote-is-layout-flow\"><p>A princ\u00edpio, al\u00e9m do Bras\u00edlia Ambiental, v\u00e3o participar da for\u00e7a-tarefa a CEB, Caesb, Novacap, DER-DF e Administra\u00e7\u00e3o Regional do Plano Piloto<\/p><\/blockquote>\n\n\n\n<p>Ser\u00e3o realizados, ainda, a finaliza\u00e7\u00e3o da implanta\u00e7\u00e3o e o cercamento do parquinho infantil, revitaliza\u00e7\u00e3o da quadra de esportes, estrutura\u00e7\u00e3o do estacionamento, remo\u00e7\u00e3o de detritos, instala\u00e7\u00e3o de bancos de concretos e madeiras, reforma de lixeiras, registro de \u00e1gua, manuten\u00e7\u00f5es do dep\u00f3sito de materiais, da Ecoteca e do banheiro, conserto de canos de esgoto, limpeza total do parque, instala\u00e7\u00e3o de novos bancos e reforma dos pergolados.<\/p>\n\n\n\n<p>A princ\u00edpio, al\u00e9m do Bras\u00edlia Ambiental, v\u00e3o participar da for\u00e7a-tarefa a CEB, Caesb, Novacap, DER-DF e Administra\u00e7\u00e3o Regional do Plano Piloto. \u201cPor\u00e9m, outros \u00f3rg\u00e3os podem passar a fazer parte da a\u00e7\u00e3o, \u00e0 medida que apare\u00e7am novas necessidades\u201d, explica a diretora de parques, Marcela Versiani.<\/p>\n\n\n\n<p><strong>Est\u00edmulo<\/strong><\/p>\n\n\n\n<p>O Programa Reviva Parques foi institu\u00eddo pelo Decreto n\u00ba 41.865 e atua por for\u00e7as-tarefas. Tem como objetivo estimular a realiza\u00e7\u00e3o de parcerias entre institui\u00e7\u00f5es p\u00fablicas do DF, pessoas f\u00edsicas, jur\u00eddicas e a sociedade civil organizada para a recupera\u00e7\u00e3o e manuten\u00e7\u00e3o das UCs sob gest\u00e3o do Bras\u00edlia Ambiental.<\/p>\n\n\n\n<p>O Parque Ecol\u00f3gico da Asa Sul foi criado pelo Decreto n\u00ba 24.036\/2003. Conta com \u00e1rea de 21,73 hectares, quadras poliesportivas, parquinho infantil, pergolados para sombreamento natural, pista de caminhada, aparelhos de circuito inteligente de gin\u00e1stica, PECs, playground e o Bosque Rio+20, no qual j\u00e1 foram plantadas mais de 30 mil mudas do cerrado. Recebe centenas de visitantes por semana e est\u00e1 aberto diariamente das 6h \u00e0s 20h.<\/p>\n\n\n\n<p><em>*Com informa\u00e7\u00f5es do Instituto Bras\u00edlia Ambiental<\/em><\/p>\n\n\n\n<p><strong>Ag\u00eancia Bras\u00edlia* | Edi\u00e7\u00e3o: Rosualdo Rodrigues<\/strong><\/p>\n","protected":false},"excerpt":{"rendered":"<p>O Parque Ecol\u00f3gico da Asa Sul, localizado entre as vias L4 e L2, na \u00e1rea que abrange as quadras 613 e 614 Sul, no Plano Piloto, vai passar a contar oficialmente, a partir desta segunda-feira (21), com a\u00e7\u00f5es do Programa Reviva Parques. As interven\u00e7\u00f5es ser\u00e3o coordenadas pelo Instituto Bras\u00edlia Ambiental com o apoio de v\u00e1rios [&hellip;]<\/p>\n","protected":false},"author":1,"featured_media":0,"comment_status":"open","ping_status":"open","sticky":false,"template":"","format":"standard","meta":{"footnotes":""},"categories":[],"tags":[],"class_list":["post-5467","post","type-post","status-publish","format-standard","hentry"],"_links":{"self":[{"href":"https:\/\/aguaslindasnoticias.com.br\/index.php\/wp-json\/wp\/v2\/posts\/5467","targetHints":{"allow":["GET"]}}],"collection":[{"href":"https:\/\/aguaslindasnoticias.com.br\/index.php\/wp-json\/wp\/v2\/posts"}],"about":[{"href":"https:\/\/aguaslindasnoticias.com.br\/index.php\/wp-json\/wp\/v2\/types\/post"}],"author":[{"embeddable":true,"href":"https:\/\/aguaslindasnoticias.com.br\/index.php\/wp-json\/wp\/v2\/users\/1"}],"replies":[{"embeddable":true,"href":"https:\/\/aguaslindasnoticias.com.br\/index.php\/wp-json\/wp\/v2\/comments?post=5467"}],"version-history":[{"count":0,"href":"https:\/\/aguaslindasnoticias.com.br\/index.php\/wp-json\/wp\/v2\/posts\/5467\/revisions"}],"wp:attachment":[{"href":"https:\/\/aguaslindasnoticias.com.br\/index.php\/wp-json\/wp\/v2\/media?parent=5467"}],"wp:term":[{"taxonomy":"category","embeddable":true,"href":"https:\/\/aguaslindasnoticias.com.br\/index.php\/wp-json\/wp\/v2\/categories?post=5467"},{"taxonomy":"post_tag","embeddable":true,"href":"https:\/\/aguaslindasnoticias.com.br\/index.php\/wp-json\/wp\/v2\/tags?post=5467"}],"curies":[{"name":"wp","href":"https:\/\/api.w.org\/{rel}","templated":true}]}}