{"id":5466,"date":"2023-01-04T10:13:15","date_gmt":"2023-01-04T13:13:15","guid":{"rendered":"https:\/\/aguaslindasnoticias.com.br\/index.php\/2023\/01\/04\/rota-brasilia-sobre-rodas-sera-lancada-em-12-de-marco\/"},"modified":"2023-01-04T10:13:15","modified_gmt":"2023-01-04T13:13:15","slug":"rota-brasilia-sobre-rodas-sera-lancada-em-12-de-marco","status":"publish","type":"post","link":"https:\/\/aguaslindasnoticias.com.br\/index.php\/2023\/01\/04\/rota-brasilia-sobre-rodas-sera-lancada-em-12-de-marco\/","title":{"rendered":"Rota Bras\u00edlia sobre Rodas ser\u00e1 lan\u00e7ada em 12 de mar\u00e7o"},"content":{"rendered":"\n<p>A Secretaria de Turismo do Distrito Federal (Setur-DF) vai lan\u00e7ar no dia 12 de mar\u00e7o a Rota Bras\u00edlia sobre Rodas, um roteiro espec\u00edfico para o segmento do motociclismo, com sugest\u00f5es de passeios e divers\u00f5es tur\u00edsticas em Bras\u00edlia. A data foi definida em encontro da secret\u00e1ria de Turismo, Vanessa Mendon\u00e7a, com as representantes do grupo feminino sobre rodas Ladies of Harley Brasilia Chapter, K\u00e1tia Monteiro e Marcela Costa e Silva.<\/p>\n\n\n\n<blockquote class=\"wp-block-quote is-layout-flow wp-block-quote-is-layout-flow\"><p>\u201cO miniguia servir\u00e1 para orientar tanto os motociclistas do DF, que s\u00e3o muitos, como oferecer sugest\u00f5es de passeios e divers\u00e3o tur\u00edsticos aos que nos visitarem\u201d, explica Vanessa Mendon\u00e7a<\/p><\/blockquote>\n\n\n\n<p>De acordo com Vanessa Mendon\u00e7a, a Rota Bras\u00edlia sobre Rodas vai mapear a cidade para promover o turismo em parceria com os motociclistas. O circuito tur\u00edstico foi criado com a participa\u00e7\u00e3o direta dos representantes dos movimentos do motociclismo no DF. \u201cEles definiram para n\u00f3s os pontos tur\u00edsticos do segmento\u201d, informa a secret\u00e1ria.<\/p>\n\n\n\n<p>Ela ressalta que \u201ctodas as nossas rotas s\u00e3o elaboradas com participa\u00e7\u00e3o do segmento envolvido. Isso \u00e9 uma determina\u00e7\u00e3o do governador Ibaneis Rocha, desde que assumi a Secretaria de Turismo\u201d. At\u00e9 agora, a Setur-DF j\u00e1 lan\u00e7ou sete rotas: Rota do Cerrado, Rota N\u00e1utica, Rota Arquitet\u00f4nica, Rota Cultural, Rota C\u00edvica, Rota da Paz, Rota Fora dos Eixos.<\/p>\n\n\n\n<figure class=\"wp-block-image\"><img decoding=\"async\" src=\"http:\/\/agenciabrasilia.df.gov.br\/wp-conteudo\/uploads\/2022\/02\/Foto-Renato-Ara%C3%BAjo-Ag%C3%AAncia-Bras%C3%ADlia-3.jpeg\" alt=\"\" class=\"wp-image-379676\"\/><figcaption>Segundo as estat\u00edsticas do Detran, o n\u00famero de motos cresceu 44% no DF, em 2021. Hoje, j\u00e1 s\u00e3o 439.156 motocicletas em circula\u00e7\u00e3o | Foto: Renato Ara\u00fajo\/Ag\u00eancia Bras\u00edlia<\/figcaption><\/figure>\n\n\n\n<p>O lan\u00e7amento da Rota Bras\u00edlia sobre Rodas \u2013 registrada em um miniguia, distribu\u00eddo impresso e dispon\u00edvel para download no site da Setur-DF \u2013 ser\u00e1 marcada por um passeio de motociclistas que v\u00e3o conhecer e experimentar o circuito, destacando a participa\u00e7\u00e3o das Ladies of Harley, aproveitando que o evento coincide com a comemora\u00e7\u00e3o da Semana da Mulher.<\/p>\n\n\n\n<p>\u201cO miniguia servir\u00e1 para orientar tanto os motociclistas do DF, que s\u00e3o muitos, como oferecer sugest\u00f5es de passeios e divers\u00e3o tur\u00edsticos aos que nos visitarem\u201d, explica Vanessa Mendon\u00e7a, que lembra ainda: \u201cJ\u00e1 estamos apoiando e fomentando dois grandes eventos de duas rodas na cidade, o Bras\u00edlia Moto Festival (BMF) e o Capital Moto Week\u201d.<\/p>\n\n\n\n<p>Segundo as estat\u00edsticas do Detran, o n\u00famero de motos cresceu 44% no DF, em 2021. Hoje, j\u00e1 s\u00e3o 439.156 motocicletas em circula\u00e7\u00e3o. Isso corresponde a 14% da popula\u00e7\u00e3o da capital federal, que conta com a sexta maior frota de motocicletas do Brasil.<\/p>\n\n\n\n<p><em>*Com informa\u00e7\u00f5es da Secretaria de Turismo do DF<\/em><\/p>\n\n\n\n<p><strong>Ag\u00eancia Bras\u00edlia* | Edi\u00e7\u00e3o: Rosualdo Rodrigues<\/strong><\/p>\n","protected":false},"excerpt":{"rendered":"<p>A Secretaria de Turismo do Distrito Federal (Setur-DF) vai lan\u00e7ar no dia 12 de mar\u00e7o a Rota Bras\u00edlia sobre Rodas, um roteiro espec\u00edfico para o segmento do motociclismo, com sugest\u00f5es de passeios e divers\u00f5es tur\u00edsticas em Bras\u00edlia. A data foi definida em encontro da secret\u00e1ria de Turismo, Vanessa Mendon\u00e7a, com as representantes do grupo feminino [&hellip;]<\/p>\n","protected":false},"author":1,"featured_media":0,"comment_status":"open","ping_status":"open","sticky":false,"template":"","format":"standard","meta":{"footnotes":""},"categories":[],"tags":[],"class_list":["post-5466","post","type-post","status-publish","format-standard","hentry"],"_links":{"self":[{"href":"https:\/\/aguaslindasnoticias.com.br\/index.php\/wp-json\/wp\/v2\/posts\/5466","targetHints":{"allow":["GET"]}}],"collection":[{"href":"https:\/\/aguaslindasnoticias.com.br\/index.php\/wp-json\/wp\/v2\/posts"}],"about":[{"href":"https:\/\/aguaslindasnoticias.com.br\/index.php\/wp-json\/wp\/v2\/types\/post"}],"author":[{"embeddable":true,"href":"https:\/\/aguaslindasnoticias.com.br\/index.php\/wp-json\/wp\/v2\/users\/1"}],"replies":[{"embeddable":true,"href":"https:\/\/aguaslindasnoticias.com.br\/index.php\/wp-json\/wp\/v2\/comments?post=5466"}],"version-history":[{"count":0,"href":"https:\/\/aguaslindasnoticias.com.br\/index.php\/wp-json\/wp\/v2\/posts\/5466\/revisions"}],"wp:attachment":[{"href":"https:\/\/aguaslindasnoticias.com.br\/index.php\/wp-json\/wp\/v2\/media?parent=5466"}],"wp:term":[{"taxonomy":"category","embeddable":true,"href":"https:\/\/aguaslindasnoticias.com.br\/index.php\/wp-json\/wp\/v2\/categories?post=5466"},{"taxonomy":"post_tag","embeddable":true,"href":"https:\/\/aguaslindasnoticias.com.br\/index.php\/wp-json\/wp\/v2\/tags?post=5466"}],"curies":[{"name":"wp","href":"https:\/\/api.w.org\/{rel}","templated":true}]}}