{"id":5465,"date":"2023-01-04T10:13:15","date_gmt":"2023-01-04T13:13:15","guid":{"rendered":"https:\/\/aguaslindasnoticias.com.br\/index.php\/2023\/01\/04\/iprev-fara-audiencia-publica-sobre-previdencia-do-gdf\/"},"modified":"2023-01-04T10:13:15","modified_gmt":"2023-01-04T13:13:15","slug":"iprev-fara-audiencia-publica-sobre-previdencia-do-gdf","status":"publish","type":"post","link":"https:\/\/aguaslindasnoticias.com.br\/index.php\/2023\/01\/04\/iprev-fara-audiencia-publica-sobre-previdencia-do-gdf\/","title":{"rendered":"Iprev far\u00e1 audi\u00eancia p\u00fablica sobre previd\u00eancia do GDF"},"content":{"rendered":"\n<p>Voc\u00ea sabe como o Governo do Distrito Federal (GDF) tem atuado para garantir o pagamento das aposentadorias e pens\u00f5es de seus servidores? Dia 25, \u00e0s 15h, o Instituto de Previd\u00eancia dos Servidores do Distrito Federal (Iprev-DF) promover\u00e1 audi\u00eancia p\u00fablica para prestar contas \u00e0 sociedade.<\/p>\n\n\n\n<p>Ser\u00e1 o primeiro encontro p\u00fablico realizada pelo Iprev-DF, criado em 1998 com o objetivo de captar e capitalizar os recursos necess\u00e1rios \u00e0 garantia de pagamento dos benef\u00edcios previdenci\u00e1rios atuais e futuros dos segurados e dependentes.<\/p>\n\n\n\n<figure class=\"wp-block-image\"><img decoding=\"async\" src=\"http:\/\/agenciabrasilia.df.gov.br\/wp-conteudo\/uploads\/2022\/02\/Iprev-DF-_-Audi%C3%AAncia-p%C3%BAblica.png\" alt=\"\" class=\"wp-image-378325\"\/><figcaption>A audi\u00eancia p\u00fablica ocorrer\u00e1 em ambiente virtual e ser\u00e1 transmitida por meio dos canais oficiais do Iprev-DF e da Secretaria de Economia no YouTube | Arte: Iprev-DF<\/figcaption><\/figure>\n\n\n\n<p>Por causa da pandemia de covid-19 e dos cuidados com a sa\u00fade p\u00fablica, a audi\u00eancia ocorrer\u00e1 em ambiente virtual e ser\u00e1 transmitida por meio dos canais oficiais do Iprev-DF e da Secretaria de Economia (Seec) no YouTube.<\/p>\n\n\n\n<p>\u201cAdministrar \u00e9 tamb\u00e9m prestar contas. Estamos n\u00e3o s\u00f3 apresentando \u00e0 sociedade a avalia\u00e7\u00e3o atuarial, o relat\u00f3rio de gest\u00e3o atuarial do exerc\u00edcio de 2021, os resultados da pol\u00edtica de investimentos e o relat\u00f3rio de governan\u00e7a do sistema previdenci\u00e1rio dos servidores do DF, como tamb\u00e9m queremos colher as manifesta\u00e7\u00f5es da popula\u00e7\u00e3o, das entidades representativas dos servidores ativos, inativos e pensionistas e dos demais interessados\u201d, explica o presidente do Iprev-DF, Ney Ferraz J\u00fanior.<\/p>\n\n\n\n<blockquote class=\"wp-block-quote is-layout-flow wp-block-quote-is-layout-flow\"><p>Para possibilitar a participa\u00e7\u00e3o popular, o Iprev-DF publicou em seu site os relat\u00f3rios e informa\u00e7\u00f5es que ser\u00e3o apresentados na audi\u00eancia p\u00fablica<\/p><\/blockquote>\n\n\n\n<p><strong>Transpar\u00eancia<\/strong><\/p>\n\n\n\n<p>Para possibilitar a participa\u00e7\u00e3o popular, o&nbsp;<a href=\"http:\/\/www.iprev.df.gov.br\/\">Iprev-DF publicou em seu site<\/a>&nbsp;os relat\u00f3rios e informa\u00e7\u00f5es que ser\u00e3o apresentadas na audi\u00eancia p\u00fablica e deu in\u00edcio ao processo de sua divulga\u00e7\u00e3o por interm\u00e9dio do<em>&nbsp;Di\u00e1rio Oficial do Distrito Federal<\/em>&nbsp;(DODF), dos sites e redes sociais do GDF, do Sistema Eletr\u00f4nico de Informa\u00e7\u00f5es (SEI-GDF), dos ve\u00edculos de imprensa.<\/p>\n\n\n\n<p>Tamb\u00e9m foi solicitado o apoio da Seec e da Ouvidoria-Geral da Controladoria-Geral do DF para utilizar o mesmo conjunto de a\u00e7\u00f5es e ferramentas empregadas anualmente na apresenta\u00e7\u00e3o e elabora\u00e7\u00e3o das leis or\u00e7ament\u00e1rias.<\/p>\n\n\n\n<p>Al\u00e9m disso, desde 26 de janeiro, os cidad\u00e3os podem acessar o Sistema de Ouvidoria OUV-DF, tanto pela internet quanto pela Central de Atendimento 162, para enviar perguntas, cr\u00edticas e sugest\u00f5es. \u201cA atua\u00e7\u00e3o conjunta dos \u00f3rg\u00e3os do GDF amplia a divulga\u00e7\u00e3o e oferece ao cidad\u00e3o a possibilidade de participar\u201d, afirma Ney Ferraz.<\/p>\n\n\n\n<p><strong>Veja, abaixo, como participar<\/strong>.<\/p>\n\n\n\n<p>1. Mande suas perguntas:<br>\u00b7 Acesse&nbsp;<a href=\"http:\/\/www.ouv.df.gov.br\/\">www.ouv.df.gov.br<\/a><br>\u00b7 Escolha uma das op\u00e7\u00f5es (para o registro \u00e9 necess\u00e1rio se identificar)<br>\u00b7 Pesquise o assunto \u201cAudi\u00eancia P\u00fablica \u2013 Iprev-DF\u201d<\/p>\n\n\n\n<p>2. Voc\u00ea tamb\u00e9m pode fazer sua pergunta pelo telefone 162 \u2013 Op\u00e7\u00e3o 2<br>\u2013 De segunda a sexta-feira, das 7h \u00e0s 21h; fins de semana e feriados, das 8h \u00e0s 18h<\/p>\n\n\n\n<p>3. Participe online:<br>\u00b7 Canal do<a href=\"https:\/\/www.youtube.com\/watch?v=MS_RXFqwalY\">&nbsp;Iprev-DF no YouTube<\/a><br>\u00b7 Canal da&nbsp;<a href=\"https:\/\/www.youtube.com\/watch?v=MS_RXFqwalY\">Secretaria de Economia no YouTube<\/a><\/p>\n\n\n\n<p><em>*Com informa\u00e7\u00f5es do Instituto de Previd\u00eancia dos Servidores do DF&nbsp;<\/em><\/p>\n\n\n\n<p><strong>Ag\u00eancia Bras\u00edlia* | Edi\u00e7\u00e3o: Rosualdo Rodrigues<\/strong><\/p>\n","protected":false},"excerpt":{"rendered":"<p>Voc\u00ea sabe como o Governo do Distrito Federal (GDF) tem atuado para garantir o pagamento das aposentadorias e pens\u00f5es de seus servidores? Dia 25, \u00e0s 15h, o Instituto de Previd\u00eancia dos Servidores do Distrito Federal (Iprev-DF) promover\u00e1 audi\u00eancia p\u00fablica para prestar contas \u00e0 sociedade. Ser\u00e1 o primeiro encontro p\u00fablico realizada pelo Iprev-DF, criado em 1998 [&hellip;]<\/p>\n","protected":false},"author":1,"featured_media":0,"comment_status":"open","ping_status":"open","sticky":false,"template":"","format":"standard","meta":{"footnotes":""},"categories":[],"tags":[],"class_list":["post-5465","post","type-post","status-publish","format-standard","hentry"],"_links":{"self":[{"href":"https:\/\/aguaslindasnoticias.com.br\/index.php\/wp-json\/wp\/v2\/posts\/5465","targetHints":{"allow":["GET"]}}],"collection":[{"href":"https:\/\/aguaslindasnoticias.com.br\/index.php\/wp-json\/wp\/v2\/posts"}],"about":[{"href":"https:\/\/aguaslindasnoticias.com.br\/index.php\/wp-json\/wp\/v2\/types\/post"}],"author":[{"embeddable":true,"href":"https:\/\/aguaslindasnoticias.com.br\/index.php\/wp-json\/wp\/v2\/users\/1"}],"replies":[{"embeddable":true,"href":"https:\/\/aguaslindasnoticias.com.br\/index.php\/wp-json\/wp\/v2\/comments?post=5465"}],"version-history":[{"count":0,"href":"https:\/\/aguaslindasnoticias.com.br\/index.php\/wp-json\/wp\/v2\/posts\/5465\/revisions"}],"wp:attachment":[{"href":"https:\/\/aguaslindasnoticias.com.br\/index.php\/wp-json\/wp\/v2\/media?parent=5465"}],"wp:term":[{"taxonomy":"category","embeddable":true,"href":"https:\/\/aguaslindasnoticias.com.br\/index.php\/wp-json\/wp\/v2\/categories?post=5465"},{"taxonomy":"post_tag","embeddable":true,"href":"https:\/\/aguaslindasnoticias.com.br\/index.php\/wp-json\/wp\/v2\/tags?post=5465"}],"curies":[{"name":"wp","href":"https:\/\/api.w.org\/{rel}","templated":true}]}}