{"id":5463,"date":"2023-01-04T10:13:15","date_gmt":"2023-01-04T13:13:15","guid":{"rendered":"https:\/\/aguaslindasnoticias.com.br\/index.php\/2023\/01\/04\/comeca-a-obra-de-pavimentacao-na-rodovia-df-440-em-sobradinho\/"},"modified":"2023-01-04T10:13:15","modified_gmt":"2023-01-04T13:13:15","slug":"comeca-a-obra-de-pavimentacao-na-rodovia-df-440-em-sobradinho","status":"publish","type":"post","link":"https:\/\/aguaslindasnoticias.com.br\/index.php\/2023\/01\/04\/comeca-a-obra-de-pavimentacao-na-rodovia-df-440-em-sobradinho\/","title":{"rendered":"Come\u00e7a a obra de pavimenta\u00e7\u00e3o na rodovia DF-440, em Sobradinho"},"content":{"rendered":"\n<p>Uma obra que beneficia, de uma vez s\u00f3, moradores, uma escola e chacareiros. O governador Ibaneis Rocha assinou, neste s\u00e1bado (19), a ordem de servi\u00e7o para o in\u00edcio da pavimenta\u00e7\u00e3o de trecho da rodovia DF-440, em Sobradinho. Ser\u00e3o 6 km de asfalto novo, com ciclovia, em um ponto que se inicia em frente ao Condom\u00ednio RK. O investimento \u00e9 de R$ 9,54 milh\u00f5es, que s\u00e3o do governo e de emendas parlamentares.<\/p>\n\n\n\n<figure class=\"wp-block-image\"><img decoding=\"async\" src=\"http:\/\/www.agenciabrasilia.df.gov.br\/wp-conteudo\/uploads\/2022\/02\/Foto-Renato-Alves-Ag%C3%AAncia-Bras%C3%ADlia-3.jpeg\" alt=\"\" class=\"wp-image-379560\"\/><figcaption>Al\u00e9m de assinar a ordem de servi\u00e7o para pavimenta\u00e7\u00e3o de trecho da DF-44, o governador Ibaneis Rocha anunciou que em breve vai lan\u00e7ar a obra do viaduto de Sobradinho | Fotos: Renato Alves\/Ag\u00eancia Bras\u00edlia<\/figcaption><\/figure>\n\n\n\n<p>A demanda da comunidade por essa via \u00e9 de pelo menos 20 anos. No RK, por exemplo, vivem cerca de 8 mil pessoas, al\u00e9m dos residentes em condom\u00ednios vizinhos. Ali pr\u00f3ximo, tamb\u00e9m est\u00e1 a Escola Classe (EC) Santa Helena, que atende a 135 alunos do ensino fundamental. \u201cHoje \u00e9 um dia de festa. Basta ver o entusiasmo de quem mora aqui. Uma obra muito importante, pois \u00e9 uma via de sa\u00edda para os moradores e tamb\u00e9m atender\u00e1 \u00e0s crian\u00e7as de uma escola muito antiga da regi\u00e3o\u201d, destacou Ibaneis.<\/p>\n\n\n\n<blockquote class=\"wp-block-quote is-layout-flow wp-block-quote-is-layout-flow\"><p>\u201c\u00c9 uma obra muito importante, pois \u00e9 via de sa\u00edda para os moradores e tamb\u00e9m atender\u00e1 \u00e0s crian\u00e7as de uma escola muito antiga da regi\u00e3o\u201d, destacou o governador Ibaneis Rocha<\/p><\/blockquote>\n\n\n\n<p>O governador tamb\u00e9m anunciou que em breve vai lan\u00e7ar a obra do viaduto de Sobradinho, que representa uma segunda entrada para a cidade. Uma interven\u00e7\u00e3o para desafogar o tr\u00e2nsito de toda a regi\u00e3o e que ter\u00e1 um aporte de R$ 34 milh\u00f5es.<\/p>\n\n\n\n<p><strong>Menos poeira e mais mobilidade<\/strong><\/p>\n\n\n\n<p>O asfaltamento \u00e9 considerado pela comunidade escolar uma vit\u00f3ria, j\u00e1 que a EC Santa Helena ter\u00e1 pista pavimentada at\u00e9 a porta. Problemas como o excesso de poeira e a falta de seguran\u00e7a ter\u00e3o fim. \u201c\u00c9 uma poeira absurda, que inclusive vai para dentro da escola. E j\u00e1 tivemos alguns acidentes aqui nesta estrada\u201d, conta a diretora Isabel Souza. \u201cDesde 2002, lutamos por essa reforma, mudavam os governos e ningu\u00e9m nos atendia\u201d, complementa.<\/p>\n\n\n\n<p>\u201cTrata-se de mais um Caminho das Escolas, o que facilita para alunos e professores. Ser\u00e3o 6 km de pavimenta\u00e7\u00e3o que dar\u00e1 mais conforto a eles\u201d, pontua o diretor-geral do Departamento de Estradas de Rodagem (DER), Fauzi Nacfur, \u00f3rg\u00e3o respons\u00e1vel pela obra. \u201cAl\u00e9m disso, aqui \u00e9 uma via de liga\u00e7\u00e3o para a Rota do Cavalo e atender\u00e1 cidades vizinhas de Sobradinho\u201d, explica. A obra vai gerar cerca de 250 empregos.<\/p>\n\n\n\n<figure><iframe src=\"https:\/\/www.youtube.com\/embed\/yfIXG7UArTs\" width=\"560\" height=\"315\" allowfullscreen=\"allowfullscreen\"><\/iframe><\/figure>\n\n\n\n<p>Os moradores da localidade tamb\u00e9m estavam otimistas. O aposentado Fl\u00e1vio Fernandes, 64, reside h\u00e1 18 anos no condom\u00ednio RK e acredita que o excesso de lixo nas margens da via de terra vai cessar. \u201cAlgumas pessoas ainda depositam lixo e entulho ao lado da pista. Com a pavimenta\u00e7\u00e3o, isso da\u00ed vai acabar porque urbaniza a passagem\u201d, diz.<\/p>\n\n\n\n<p>\u201cVai ficar uma maravilha. Muitos motoristas passam em alta velocidade e a estrada n\u00e3o \u00e9 segura. Al\u00e9m disso, a sa\u00edda para o Parano\u00e1 e outras cidades melhora muito\u201d, comemora o auxiliar de servi\u00e7os gerais, Wilson Oliveira, 69. O administrador de Sobradinho, Ab\u00edlio Castro, cravou. \u201cEstamos todos muito felizes. Al\u00e9m dos condom\u00ednios, aqui temos uma \u00e1rea rural com muitos chacareiros e a escola. Vai ajudar a todo mundo\u201d, afirma.<\/p>\n\n\n\n<p><strong>Conten\u00e7\u00e3o de eros\u00e3o<\/strong><\/p>\n\n\n\n<p>Na mesma cerim\u00f4nia, o governador Ibaneis Rocha autorizou a conten\u00e7\u00e3o de uma eros\u00e3o nas proximidades do Ribeir\u00e3o Sobradinho. A interven\u00e7\u00e3o ser\u00e1 feita por uma empresa contratada pela Novacap, e o custo ser\u00e1 de R$ 677 mil.<\/p>\n\n\n\n<p><strong>Rafael Secunho, da Ag\u00eancia Bras\u00edlia | Edi\u00e7\u00e3o: Rosualdo Rodrigues<\/strong><\/p>\n","protected":false},"excerpt":{"rendered":"<p>Uma obra que beneficia, de uma vez s\u00f3, moradores, uma escola e chacareiros. O governador Ibaneis Rocha assinou, neste s\u00e1bado (19), a ordem de servi\u00e7o para o in\u00edcio da pavimenta\u00e7\u00e3o de trecho da rodovia DF-440, em Sobradinho. Ser\u00e3o 6 km de asfalto novo, com ciclovia, em um ponto que se inicia em frente ao Condom\u00ednio [&hellip;]<\/p>\n","protected":false},"author":1,"featured_media":0,"comment_status":"open","ping_status":"open","sticky":false,"template":"","format":"standard","meta":{"footnotes":""},"categories":[],"tags":[],"class_list":["post-5463","post","type-post","status-publish","format-standard","hentry"],"_links":{"self":[{"href":"https:\/\/aguaslindasnoticias.com.br\/index.php\/wp-json\/wp\/v2\/posts\/5463","targetHints":{"allow":["GET"]}}],"collection":[{"href":"https:\/\/aguaslindasnoticias.com.br\/index.php\/wp-json\/wp\/v2\/posts"}],"about":[{"href":"https:\/\/aguaslindasnoticias.com.br\/index.php\/wp-json\/wp\/v2\/types\/post"}],"author":[{"embeddable":true,"href":"https:\/\/aguaslindasnoticias.com.br\/index.php\/wp-json\/wp\/v2\/users\/1"}],"replies":[{"embeddable":true,"href":"https:\/\/aguaslindasnoticias.com.br\/index.php\/wp-json\/wp\/v2\/comments?post=5463"}],"version-history":[{"count":0,"href":"https:\/\/aguaslindasnoticias.com.br\/index.php\/wp-json\/wp\/v2\/posts\/5463\/revisions"}],"wp:attachment":[{"href":"https:\/\/aguaslindasnoticias.com.br\/index.php\/wp-json\/wp\/v2\/media?parent=5463"}],"wp:term":[{"taxonomy":"category","embeddable":true,"href":"https:\/\/aguaslindasnoticias.com.br\/index.php\/wp-json\/wp\/v2\/categories?post=5463"},{"taxonomy":"post_tag","embeddable":true,"href":"https:\/\/aguaslindasnoticias.com.br\/index.php\/wp-json\/wp\/v2\/tags?post=5463"}],"curies":[{"name":"wp","href":"https:\/\/api.w.org\/{rel}","templated":true}]}}