{"id":5462,"date":"2023-01-04T10:13:15","date_gmt":"2023-01-04T13:13:15","guid":{"rendered":"https:\/\/aguaslindasnoticias.com.br\/index.php\/2023\/01\/04\/homenagem-a-carlinhos-piaui\/"},"modified":"2023-01-04T10:13:15","modified_gmt":"2023-01-04T13:13:15","slug":"homenagem-a-carlinhos-piaui","status":"publish","type":"post","link":"https:\/\/aguaslindasnoticias.com.br\/index.php\/2023\/01\/04\/homenagem-a-carlinhos-piaui\/","title":{"rendered":"Homenagem a Carlinhos Piau\u00ed!"},"content":{"rendered":"\n<figure class=\"wp-block-image size-large\"><img decoding=\"async\" src=\"http:\/\/claricegulyas.com.br\/wp-content\/uploads\/2022\/02\/Cumpadi-Ancelmo-1.png\" alt=\"\" class=\"wp-image-9602\"\/><figcaption>Cumpadi Ancelmo \/ divulga\u00e7\u00e3o<\/figcaption><\/figure>\n\n\n\n<p><em>Com exibi\u00e7\u00e3o gratuita nos canais do Projeto Estradas e Terreiros, a<\/em><em>rtista do Gama ser\u00e1 homenageado com apresenta\u00e7\u00f5es musicais e po\u00e9ticas no s<\/em><strong>\u00e1bado e domingo (19 e 20\/02), a partir das 14h<\/strong>Nascido em Teresina, radicado no DF em 1974 e falecido em 2013, o m\u00fasico Gamense Carlinhos Piau\u00ed receber\u00e1 uma just\u00edssima homenagem on-line, musical e po\u00e9tica,&nbsp;<strong>no s\u00e1bado e no domingo (19 e 20\/02), a partir das 14h<\/strong>, pelo projeto Estradas e Terreiros. Os cantores Juraildes da Cruz, Gen\u00e9sio Tocantins, Assis Negro Gato, Manoel Pretto, Rene Bonfim, Jenis Bragan\u00e7a, Clayson Batah, Carlinhos Soares, Gilson Alencar, Jairo Mendon\u00e7a, Rejane Pitanga, Nanci Ara\u00fajo, Z\u00e9miguel com Paulim Diolinda e os poetas Cumpadi Anselmo, R\u00eago J\u00fanior, Cl\u00e1udia Martins, Jos\u00e9 Garcia Caiano e Marg\u00f4 Oliveira (abaixo a programa\u00e7\u00e3o completa) s\u00e3o as atra\u00e7\u00f5es dessa rica programa\u00e7\u00e3o cultural que ser\u00e1 exibida gratuitamente &nbsp;no canal de Youtube e Facebook do projeto, que ser\u00e1 realizado por meio de um Termo de Fomento da Secretaria de Estado de Cultura e Economia Criativa, do GDF.<\/p>\n\n\n\n<p>O idealizador do projeto, J\u00falio Barros, pontua que Carlinhos Piau\u00ed &nbsp;era um grande entusiasta da cultura popular e dos ritmos nordestinos. \u201cO \u00e1lbum &#8216;Estradas e Terreiros&#8217; foi um divisor de \u00e1guas na carreira de Carlinhos Piau\u00ed, por isso escolhemos essa obra para homenagear o m\u00fasico&#8221;, revela Barros.<\/p>\n\n\n\n<p>Ele tamb\u00e9m recorda que o homenageado foi diretor social da administra\u00e7\u00e3o do Gama por dois anos e era conhecido tamb\u00e9m por seu engajamento nas lutas populares e sindicais. &#8220;A atua\u00e7\u00e3o de Carlinhos Piau\u00ed o colocou no rol dos artistas mais queridos de Bras\u00edlia, deixando um legado po\u00e9tico e musical que ser\u00e1 valorizado nesse projeto&#8221;, finaliza.<strong>Carlinhos Piau\u00ed &#8211;&nbsp;<\/strong>&nbsp;O seu estilo era a m\u00fasica regional, iniciou a carreira no final dos anos 1970. J\u00e1 em 1980, venceu o Festival de Can\u00e7\u00e3o da Cidade do Gama, integrando o grupo Sert\u00e3o. No total lan\u00e7ou tr\u00eas \u00e1lbuns: &#8220;Conterr\u00e2neos&#8221; (1999), &#8220;Estradas e terreiros&#8221; (2001) e com o poeta Ruiter Lima nos brindou com&nbsp; &#8220;Sert\u00e3o de cabo a rabo&#8221; (2010) .<strong>LIBRAS E AUDIODESCRI\u00c7\u00c3O<\/strong><br>O projeto contar\u00e1 com int\u00e9rpretes em LIBRAS e Audiodescri\u00e7\u00e3o em TODAS as apresenta\u00e7\u00f5es.<\/p>\n\n\n\n<p><strong>Programa\u00e7\u00e3o<\/strong><\/p>\n\n\n\n<figure class=\"wp-block-table\"><table><tbody><tr><td><strong>Live &#8211; 1\u00ba Dia<\/strong><\/td><td><strong>19\/02 &#8211; S\u00e1bado<\/strong><\/td><\/tr><tr><td><strong>Jenis&nbsp;Bragan\u00e7a<\/strong><\/td><td><strong>14h \u00e0s 14h40<\/strong><\/td><\/tr><tr><td><strong>Cl\u00e1udia Martins (Poesia)<\/strong><\/td><td><strong>14h50 \u00e0s 15h20<\/strong><\/td><\/tr><tr><td><strong>Cleyson Batah<\/strong><\/td><td><strong>15h30 \u00e0s 16h10<\/strong><\/td><\/tr><tr><td><strong>Cumpadi Ancelmo (Poesia)<\/strong><\/td><td><strong>16h20 \u00e0s 16h50<\/strong><\/td><\/tr><tr><td><strong>Manoel Pretto<\/strong><\/td><td><strong>17h \u00e0s 17h40<\/strong><\/td><\/tr><tr><td><strong>Carlinhos Soares<\/strong><\/td><td><strong>17h50 \u00e0s 18h30<\/strong><\/td><\/tr><tr><td><strong>Jos\u00e9 Garcia Caiano&nbsp;(Ded\u00e9 Poeta)<\/strong><\/td><td><strong>18h40h&nbsp;\u00e0s&nbsp;19h10<\/strong><\/td><\/tr><tr><td><strong>Assis&nbsp;Negro Gato<\/strong><\/td><td><strong>19h20 \u00e0s 20h<\/strong><\/td><\/tr><tr><td><strong>Rene Bonfim<\/strong><\/td><td><strong>20h20 \u00e0s 21h<\/strong><\/td><\/tr><\/tbody><\/table><\/figure>\n\n\n\n<figure class=\"wp-block-table\"><table><tbody><tr><td><strong>Juraildes da Cruz<\/strong><\/td><td><strong>21h10 \u00e0s 21h50<\/strong><\/td><\/tr><\/tbody><\/table><\/figure>\n\n\n\n<figure class=\"wp-block-table\"><table><tbody><tr><td><strong>Live &#8211; 2\u00ba Dia<\/strong><\/td><td><strong>20\/02 &#8211; Domingo<\/strong><\/td><\/tr><tr><td><strong>Jairo Mendon\u00e7a e&nbsp; Banda<\/strong><\/td><td><strong>14h \u00e0s 14h40<\/strong><strong><\/strong><\/td><\/tr><tr><td><strong>Z\u00e9miguel&nbsp;Rodrigues e&nbsp;<\/strong><strong>Paulim Diolinda<\/strong><\/td><td><strong>14h50 \u00e0s 15h30<\/strong><strong><\/strong><\/td><\/tr><tr><td><strong>Marg\u00f4 Oliveira&nbsp;&nbsp;<\/strong><strong>(Poesia)<\/strong><\/td><td><strong>15h40 \u00e0s 16h10<\/strong><\/td><\/tr><tr><td><strong>Rejane Pitanga e Banda<\/strong><\/td><td><strong>16h20 \u00e0s 17h<\/strong><\/td><\/tr><tr><td><strong>R\u00eago J\u00fanior (Poesia)<\/strong><\/td><td><strong>17h10 \u00e0s 17h40<\/strong><\/td><\/tr><tr><td><strong>Nanci<\/strong><\/td><td><strong>17h50 \u00e0s 18h30<\/strong><strong><\/strong><\/td><\/tr><tr><td><strong>Gilson Alencar<\/strong><\/td><td><strong>18h40h \u00e0s 19h20<\/strong><\/td><\/tr><tr><td><strong>Gen\u00e9sio Tocantins<\/strong><\/td><td><strong>19h30 \u00e0s 20h10<\/strong><\/td><\/tr><\/tbody><\/table><\/figure>\n\n\n\n<p><strong>Primeiro dia &#8211; 19\/02 &#8211; S\u00e1bado<\/strong><strong>14h &#8211;&nbsp;<\/strong><strong>Jenis&nbsp;Bragan\u00e7a<\/strong><strong>&nbsp;<\/strong>\u00e9 m\u00fasico, cantor e compositor h\u00e1 mais de vinte anos, tendo seu p\u00fablico de educando a caducando principalmente em Bras\u00edlia, Goi\u00e1s e Tri\u00e2ngulo mineiro.Principais projetos: MPB Pra Bom Entendedor, can\u00e7\u00f5es do cancioneiro popular que acontecem em bares, festas e eventos diversos;&nbsp;Cantiga de Roda, m\u00fasicas infantis e folcl\u00f3ricas que acontece em escolas p\u00fablicas e particulares, resgatando assim o gosto pela verdadeira hist\u00f3ria musical, como tamb\u00e9m forma\u00e7\u00e3o de um p\u00fablico cultural e progressista e,&nbsp;OS CANTOS DO SOM,&nbsp; projeto autoral e parcerias com m\u00fasicas in\u00e9ditas e interpreta\u00e7\u00f5es de compositores consagrados, executando obras com roupagem pr\u00f3pria e bem elaboradas.<strong>14h50 &#8211;&nbsp;&nbsp;<\/strong><strong>Cl\u00e1udia&nbsp;Martins&nbsp;<\/strong>\u00e9 a&nbsp;12\u00aa&nbsp;filha, nascida no&nbsp;12\u00ba&nbsp;m\u00eas, filha da jun\u00e7\u00e3o do cerrado tocantinense com o sert\u00e3o cearense, Cl\u00e1udia Martins \u00e9 estudante de letras, contadora e inventora de hist\u00f3rias, educadora social e tamb\u00e9m poeta nascida e criada nas terras do Gama,&nbsp;tem atuado em escolas da rede p\u00fablica e saraus da cidade.<strong>15h30 &#8211;&nbsp;<\/strong><strong>Cleyson&nbsp;Batah&nbsp;<\/strong>\u00e9 cantor, compositor, pesquisador, possui em seu repert\u00f3rio al\u00e9m de m\u00fasicas autorais, o que h\u00e1 de melhor na M\u00fasica Popular Brasileira. Tem como objetivo na sua carreira resgatar as can\u00e7\u00f5es que est\u00e3o sendo esquecidas, bem como a interpreta\u00e7\u00e3o de can\u00e7\u00f5es autorais, sendo assim, h\u00e1 mais de 10 anos faz a divulga\u00e7\u00e3o de seu trabalho nos teatros, bares e escolas p\u00fablicas do DF (de forma gratuita) por&nbsp;meio do projeto &#8220;CANTANDO E CONTANDO A M\u00daSICA POPULAR BRASILEIRA NAS ESCOLAS&#8221;.&nbsp; O m\u00fasico tem se empenhado para conseguir reconhecimento do seu trabalho em todo o Distrito Federal e Brasil. Em 2015 alcan\u00e7a \u00e1pice da sua carreira com o lan\u00e7amento do CD Qualquer Tom, com composi\u00e7\u00f5es pr\u00f3prias e de alguns amigos compositores. Em 2018 voltou aos est\u00fadios para a participa\u00e7\u00e3o na grava\u00e7\u00e3o de duas faixas no CD NOUTROS CANTOS, do Poeta Paulim de Dolinda.<strong>16h20-&nbsp;&nbsp;<\/strong><strong>Cumpadi Ancelmo&nbsp;<\/strong>\u00e9 um poeta declamador, em especial da poesia MATUTA.&nbsp; Natural do Vale do Canind\u00e9, da cidade de Oeiras &#8211; Piau\u00ed, a capital da f\u00e9, tanto sua&nbsp;cidade como o&nbsp; estado s\u00e3o repletos de grandes vocais. Radicado em Bras\u00edlia h\u00e1 36 anos trabalhando e divulgando a cultura nordestina em suas palmilhadas no solo da capital federal e do entorno em bares, teatros, col\u00e9gios, clubes e espa\u00e7os culturais desde 1995.<strong>17h<\/strong>&#8211;&nbsp;&nbsp;<strong>Manoel Pretto&nbsp;<\/strong>\u00e9 m\u00fasico h\u00e1 mais de 25 anos, tendo feito apresenta\u00e7\u00f5es em lugares marcantes como no Feiti\u00e7o Mineiro, Bar do Ferreira, Gama Shopping, entre tantos outros. Abriu o show do parceiro de Raul Seixas, Wilson Arag\u00e3o.&nbsp;&nbsp;<strong>17h50-<\/strong><strong>Carlinhos Soares&nbsp;<\/strong>\u00e9 natural de Belo Horizonte (MG) e m\u00fasico profissional, cantor, compositor, multi instrumentista, vencedor de v\u00e1rios festivais de m\u00fasica, destacando-se, tr\u00eas da APCEF\/DF-FENAE, vencedor do III FMPG (Festival de M\u00fasico Popular do Gama), em 1981. Participou desde 1978 de v\u00e1rios eventos musicais no Distrito Federal, dentre os quais Feira de M\u00fasica do Teatro Galp\u00e3ozinho na 508 Sul, shows no Teatro Rola Pedra em Taguatinga, Projeto Cabe\u00e7as\/UNB, Projeto Plat\u00e9ia, Projeto Sarau, FAGAMA, FACITA, Teatro EIT TAGUATINGA, Teatro do SESC-GAMA, Feiti\u00e7o Mineiro, Caf\u00e9 Belas Artes, Abertura do show do Chico C\u00e9sar, em 2015 no Festival de M\u00fasica Popular do Gama, Show Tributo em mem\u00f3ria ao cantor Carlinhos Piau\u00ed no Teatro do SESC-Gama, em 2017, Show Tributo ao Belchior no C\u00edrculo Oper\u00e1rio em 2017, live no Feiti\u00e7o das Artes em 2021 e mais. Em breve lan\u00e7ar\u00e1 o CD solo, FAGULHA D&#8217;ALMA, s\u00f3 com can\u00e7\u00f5es autorais.<strong>18h40<\/strong>&#8211;&nbsp;<strong>Jos\u00e9 Garcia Caiano&nbsp;(Ded\u00e9 Poeta)<\/strong>&nbsp;\u00e9 orador da Cultura Popular, ator, poeta e ambientalista. Idealizador, diretor e produtor da Banca de Poetas desde 2001. A Banca de Poetas realiza troca de livros liter\u00e1rios, incentivando o h\u00e1bito da boa leitura,e atividades art\u00edsticas que englobam declama\u00e7\u00f5es po\u00e9ticas, recitais, leitura dram\u00e1tica, m\u00fasica, m\u00edmica, em espa\u00e7os p\u00fablicos e em feiras e bienais de livros. Caianno elaborou e produziu o Sarau Nacional Banca de Poetas na R\u00e1dio Nacional AM 980 em parceria com o programa Revista Brasil de 2016 a 2018 com transmiss\u00e3o radiof\u00f4nica e exibi\u00e7\u00e3o ao vivo pelo blog Gama Cidad\u00e3o com postagem no Facebook da Banca de Poetas. Atualmente, implementa trabalho na \u00e1rea de paisagismo conceitual em torno de feituras de hortas tem\u00e1ticas e did\u00e1tico-pedag\u00f3gicas em espa\u00e7o urbano.<strong>19h20 &#8211;&nbsp;<\/strong><strong>Assis&nbsp;Negro Gato&nbsp;<\/strong>\u00e9 m\u00fasico do Gama desde a d\u00e9cada de 70 tendo se apresentado em diverso eventos culturais produzidos na cidade e entorno como o Encontros de Motos, Fagama, Fasanta, FMPG, entre tantos outros. Apresentou-se com Carlinhos Piau\u00ed no ano de 2010 por v\u00e1rias cidades-sat\u00e9lite dos DF. Tamb\u00e9m fez v\u00e1rias apresenta\u00e7\u00f5es no Estado da Bahia, na Feira Multicultural de Serra Grande e em estabelecimentos comerciais.<strong>20h20&nbsp;<\/strong>&#8211;&nbsp;<strong>Rene Bonfim<\/strong> \u00e9 m\u00fasico, viol\u00e3o e vocal, compositor baiano, radicado em Bras\u00edlia desde 1970,\u00e9 formado em Licenciatura em M\u00fasica pela Faculdade Claretiano. Rene come\u00e7ou a carreira art\u00edstica na d\u00e9cada de 80, seu trabalho \u00e9 baseado na pesquisa da cultura popular e traz em seus shows o melhor da m\u00fasica regional, diversificando ritmos como o forr\u00f3 p\u00e9 de serra, o bumba meu boi, o coco, a ciranda, as cantigas de roda do universo infantil, as brincadeiras com bonecos de mamulengo, as experi\u00eancias aprendidas nas apresenta\u00e7\u00f5es em feiras populares, shows em casas noturnas, congressos, bailes e outros. Integrante da Banda Paraibola e do grupo Caco de Cuia com um CD gravado em Fortaleza(CE), com produ\u00e7\u00e3o do Maestro Marcos Farias, intitulado \u201cForr\u00f3 Candango\u201d, al\u00e9m de ser convidado para acompanhar diversos cantores e grupos musicais.<strong>21h10&nbsp;<\/strong>&#8211;&nbsp;<strong>Juraildes da Cruz &#8211;&nbsp;<\/strong>&nbsp;Grande nome da cantoria popular brasileira, o cantor e compositor traz no seu cantar os aut\u00eanticos valores da cultura regional, aprendidos na linguagem, h\u00e1bitos e costumes do povo. Participou de mais de cem festivais de m\u00fasica, com destaque para o Festival Tupi, de 1979, onde se apresentou com Gen\u00e9sio Tocantins, ao lado de artistas como Caetano Veloso, Elba Ramalho, Z\u00e9 Ramalho, Osvaldo Montenegro, Fagner, Alceu Valen\u00e7a, Jackson do Pandeiro e outros.<strong>&nbsp;Participou da trilha sonora da novela da Rede Globo \u201cA FAVORITA\u201d, com a m\u00fasica \u201cMem\u00f3ria de Carreiro\u201d,<\/strong>&nbsp;na vers\u00e3o instrumental. Em 2010, foi i<strong>ndicado ao \u201c21\u00ba Pr\u00eamio de M\u00fasica Brasileira<\/strong>\u201d, sendo contemplado como o melhor cantor na categoria \u201cvoto popular\u201d,&nbsp;<strong>juntamente com Daniela Mercury<\/strong>. Em janeiro de 2011 participou do \u201c1\u00ba Festival Internacional de Artes de Bras\u00edlia \u2013 FestiArte\u201d, juntamente, com Gilberto Gil, Ney Matogrosso, Milton Nascimento, Vanessa da Mata, entre outros. Em 2012 lan\u00e7ou o CD \u2013 \u201cJoia do Cerrado\u201d, que \u00e9 baseado no Estatuto da Crian\u00e7a e Adolescente. Em 2014 lan\u00e7ou o \u00e1lbum \u201cAurora R\u00e9gia. Em 2019 lan\u00e7ou o \u00e1lbum \u201cNem com uma flor!\u201d. Em 2016, Juraildes da Cruz em parceria com Jo\u00e3o Ara\u00fajo foram vencedores da 4\u00b0 Edi\u00e7\u00e3o do Concurso de M\u00fasica sobre a Lei Maria da Penha com a m\u00fasica \u201cMaria da Penha\u201d, promovido pela Secretaria da Mulher da C\u00e2mara dos Deputados, o Banco Mundial e a Procuradoria da Mulher do Senado Federal. Sendo&nbsp;<strong>premiado com videoclipe, com legenda para o ingl\u00eas e o espanhol, e publicado em destaque no jornal El Pais da Espanha e divulgado pela ONU.&nbsp;&nbsp;<\/strong>Seu mais recente trabalho foi gravado em parceria com com a cantora Maria Eug\u00eania, a can\u00e7\u00e3o &#8220;Quem Ama Perdoa&#8221;<br><strong>Segundo dia &#8211; 20<\/strong><strong>\/02 &#8211; Domingo<\/strong><br><strong>14h &#8211;&nbsp;<\/strong><strong>Jairo Mendon\u00e7a&nbsp;<\/strong> \u00e9 &nbsp;tocantinense, compositor, cantor, produtor cultural, morador do Gama desde 2000. Frequentou a Escola de M\u00fasica de Bras\u00edlia estudando viol\u00e3o popular, tem sua trajet\u00f3ria art\u00edstica ligada a participa\u00e7\u00e3o em festivais de m\u00fasica pelo Brasil afora, onde p\u00f4de constatar a imensa riqueza e diversidade que possui o nosso cancioneiro popular. Sua arte \u00e9 produto do que vivenciou e vivencia, de mente fecunda e cora\u00e7\u00e3o inquieto, luta e sonha por\/com um mundo meno injusto e desigual. Suas composi\u00e7\u00f5es possuem essa marca e passeiam por elementos do Ba\u00ed\u00e3o, Xote, Samba, Reggae, Jazz e Blues, imprimindo ao seu trabalho, um car\u00e1ter rico e diverso como tem sido sua experi\u00eancia com a M\u00fasica Popular Brasileira. Lan\u00e7ou CD autoral com 10 can\u00e7\u00f5es in\u00e9ditas, o &#8220;Pentagrama da Vida&#8221;, com dire\u00e7\u00e3o do maestro e produtor Marcos Farias.&nbsp; Foi premiado em v\u00e1rios festivais e participado de in\u00fameros projetos culturais Dividiu o palco com Geraldo Azevedo, quando o m\u00fasico pernambucano veio \u00e0 Bras\u00edlia-DF, em 2010, para cantar no tradicional baile de anivers\u00e1rio da cidade do Gama.<strong>14h50 &#8211;&nbsp;<\/strong><strong>Z\u00e9miguel&nbsp;Rodrigues e&nbsp;<\/strong><strong>Paulim Diolinda<\/strong><strong>&nbsp;&#8211;&nbsp;&nbsp;<\/strong>Zemiguel Rodrigues \u00e9 um cantor, compositor, violonista e percussionista. Piauiense residente em Goi\u00e2nia-GO, \u00e9 um apaixonado pela m\u00fasica brasileira. Foi coautor de 11 das 14 faixas do CD Paulim Diolinda Noutros Cantos. Gravou o pri\u00admeiro CD Flor do Brasil em 2017 e atualmente produz seu terceiro \u00e1lbum, Flor na estrada.&nbsp; Paulim Diolinda \u00e9 um poeta, compositor e dramaturgo. \u00c9 natural de Olinda-PE, mas radicou-se no Centro-Oeste. Em 2018, produziu o CD Paulim Diolinda Noutros Cantos onde regis\u00adtrou can\u00e7\u00f5es em parceria com Zemiguel Rodri\u00adgues, Jairo Mendon\u00e7a e outros, e cantadas por uma gama de bons int\u00e9rpretes. Atualmente trabalha no repert\u00f3rio do CD Noutros Cantos 2 que em breve estar\u00e1 entrando em Studio para grava\u00e7\u00e3o.<strong>15h40 &#8211;&nbsp;<\/strong><strong>Marg\u00f4 Oliveira&nbsp;<\/strong>\u00e9 poeta, e realiza performances po\u00e9tico-teatrais, se apresentando em in\u00fameros teatros, palcos e bares do Distrito Federal.&nbsp; Atua no Sarau \u201cPoeme-se\u201d que, entre in\u00fameras edi\u00e7\u00f5es, participa no CCBB do projeto<br>\u201cRadiografia Cultural\u201d com Sergio Vaz e a Cooperifa. Em 2012, como poeta declamadora &#8211; integrando o grupo \u201cFuzu\u00ea Candango\u201d &#8211; participa, dentre outros eventos, da 1a Bienal Brasil do Livro e da Leitura. Em 2013 participa com o grupo Fuzu\u00ea Candango e a banda Olodum das comemora\u00e7\u00f5es oficiais do Dia da Consci\u00eancia Negra. Em setembro de 2016 ingressa no coletivo Tribo das Artes, onde atua como organizadora e poeta declamadora.&nbsp; Em julho de 2021 participa da 7a. Feira Cultural de Ceil\u00e2ndia (vers\u00e3o online), com o grupo Taleta de Bambu. Atualmente, paralelo ao trabalho de produ\u00e7\u00e3o cultural, organiza saraus e participa dos mais variados eventos onde a poesia se faz presente, declamando poetas nacionais, locais e tamb\u00e9m seus escritos.<strong>16h20 &#8211;&nbsp;<\/strong><strong>Rejane Pitanga e Banda<\/strong><strong>&nbsp; &#8211;&nbsp;<\/strong>Professora, natural de Salvador, vem de uma fam\u00edlia com v\u00e1rios m\u00fasicos convivendo com a arte desde muito cedo, da\u00ed a sua paix\u00e3o por cantar. Apaixonada pela m\u00fasica brasileira, j\u00e1 se apresentou em v\u00e1rios espa\u00e7os como Feiti\u00e7o Mineiro, Espa\u00e7o Cultural Cantoria , Feira Cultural de Ceil\u00e2ndia e em bares e eventos da cidade. Como militante do movimento cultural \u00e9, por v\u00e1rios anos , sempre teve uma postura de incentivo e promo\u00e7\u00e3o da cultura e dos artistas da cidade, pois entende que a arte \u00e9 uma das melhores formas de &nbsp;comunica\u00e7\u00e3o com a popula\u00e7\u00e3o e &nbsp;de contribui\u00e7\u00e3o com a transforma\u00e7\u00e3o social.&nbsp;<strong>17h10 &#8211;&nbsp;<\/strong><strong>R\u00eago J\u00fanior&nbsp;<\/strong>\u00e9 maranhense, radicado em Bras\u00edlia h\u00e1 25 anos, poeta, com livro lan\u00e7ado em 2017, chamado Zigoto das Palavras. Contador de hist\u00f3rias h\u00e1 sete anos, trabalha com afroconta\u00e7\u00e3o de hist\u00f3ria, para valorizar e incentivar a identidade negra e a leitura. Desenvolve suas apresenta\u00e7\u00f5es em feiras e encontros de tradi\u00e7\u00e3o oral, feiras, comunidades, associa\u00e7\u00f5es, escolas e tamb\u00e9m nas ruas, com trocas de experi\u00eancias po\u00e9ticas que bebem na fonte da cultura popular.<strong>17h50-&nbsp;<\/strong><strong>Nanci Ara\u00fajo<\/strong>&nbsp;tem forma\u00e7\u00e3o na \u00e1rea da m\u00fasica, mais especificamente em canto popular pela Escola de M\u00fasica de Bras\u00edlia. Com profissionalismo, vem se destacando no meio art\u00edstico e musical brasiliense, na \u00e1rea de m\u00fasica e produ\u00e7\u00e3o, interpretando can\u00e7\u00f5es de grandes artistas nacionais e tamb\u00e9m m\u00fasicas autorais e de artistas candangos. Possui uma forma aut\u00eantica de cantar, e seu repert\u00f3rio inclui forr\u00f3 p\u00e9 de serra, regionais e verdadeiros cl\u00e1ssicos da MPB. Come\u00e7ou sua carreira no grupo Itiquira em 1983, onde participou de festivais e eventos musicais da cidade como o Ver\u00e3o Cultural do Park Shopping, Teatro de Sobradinho, Teatro da Pra\u00e7a em Taguatinga, Teatro Garagem, FACULTA, Projeto Funarte e outros. Em 1986, foi produtora do primeiro Festival Canta Ceil\u00e2ndia, e levou ao est\u00e1dio Abadi\u00e3o cerca de 10 mil pessoas para um show do cantor Tim Maia, e v\u00e1rios artistas locais num grande espet\u00e1culo na periferia da Ceil\u00e2ndia. Desde ent\u00e3o, Nanci Ara\u00fajo vem galgando espa\u00e7o e admira\u00e7\u00e3o por onde se apresenta. Depois de passar por diversos grupos musicais, como o Itiquira, criado em 83, grupo Naty\u00ea e, mais recentemente, o grupo Fuzu\u00ea Candango e grupo Taleta de Bambu, grupos que pesquisam a cultura popular brasileira. Al\u00e9m do trabalho musical, Nanci vem se dedicando a um trabalho de produ\u00e7\u00e3o cultural, em eventos como a Feira do Empreendedor em 2006 e a Festa do Servidor em 2012, onde fez a produ\u00e7\u00e3o dos artistas Belchior e Guilherme Arantes. Produziu tamb\u00e9m a segunda edi\u00e7\u00e3o do Festival Canta Ceil\u00e2ndia em 2013 com o show do cantor Frejat, e atualmente \u00e9 idealizadora, produtora e curadora do projeto Feira Cultural de Ceil\u00e2ndia, projeto que trabalha com centenas de artistas locais, regionais e nacionais. Trabalhou como produtora cultural em v\u00e1rios congressos, semin\u00e1rios e tantos outros eventos que envolvem a arte e a cultura de Bras\u00edlia (DF).<strong>18h40-&nbsp;<\/strong><strong>Gilson Alencar &#8211;&nbsp;<\/strong>Patrocinado pelo FAC\/SEC\/GDF 2006 o CD &#8220;Que Som \u00e9 Esse?!&#8221; foi gravado de abril a outubro de 2007, no Hallen Studio Produ\u00e7\u00f5es fonogr\u00e1ficas em Ceil\u00e2ndia, com o objetivo de provocar a curiosidade<br>sobre sons e instrumentos incomuns, exclu\u00eddos do meio urbano contempor\u00e2neo. Sons de p\u00edfano, assobio, badalo, bombo Leguero, Bor\u00e1, etc., inseridos em oito faixas de autoria de Gilson Alencar, uma de Ronaldo Alencar e uma de Cac\u00e1 Pereira. Pesquisador das culturas populares por meio do envolvimento com militantes do mundo art\u00edstico &#8211; como Lilia Diniz, Chico Sim\u00f5es, Mamulengo Fuzu\u00ea, Presepada, Seu Z\u00e9 do Pife&#8230; &#8211; com o objetivo de intensificar o engajamento na preserva\u00e7\u00e3o e fomento dessas culturas. A partir de uma viv\u00eancia em Pernambuco vem aprofundando o estudo da dan\u00e7a, da m\u00fasica e dos instrumentos do Cavalo Marinho, do Coco, do Maracatu e outros ritmos, o que gerou como culmin\u00e2ncia o trabalho de monografia apresentado no primeiro semestre de 2016&nbsp;na conclus\u00e3o do curso de Filosofia iniciado em 2010 na Universidade de Bras\u00edlia.<strong>19h20-&nbsp;<\/strong><strong>Gen\u00e9sio&nbsp;Tocantins&nbsp; &#8211;&nbsp;<\/strong>Compositor, cantor e instrumentista, natural de Goiatins (TO), ainda crian\u00e7a mudou-se com a fam\u00edlia para a cidade de Aragua\u00edna, ainda \u00e0 \u00e9poca de Goi\u00e1s, hoje Estado do Tocantins, e posteriormente para a cidade de Ceres (GO). Iniciou sua carreira participando de festivais regionais e em seguida por todo o Brasil. Seu primeiro LP, \u201cRela bucho\u201d, foi lan\u00e7ado pela RGE em 1988. No ano seguinte ganhou com este disco o II Pr\u00eamio Sharp de M\u00fasica, onde recebeu o Trof\u00e9u Ano Dorival Caymmi na categoria Revela\u00e7\u00e3o da M\u00fasica Regional Brasileira.&nbsp;<strong>Gravou com diversos artistas como Fagner, Pena Branca e Xavantinho, Rolando Boldrin,&nbsp;<\/strong>entre outros. Entre seus parceiros est\u00e3o Jura\u00edldes da Cruz, Braguinha Barroso, Wanda d\u2019Almeida, Hamilton Carneiro, Jo\u00e3o Gomes, Beir\u00e3o, Salgado Maranh\u00e3o e Telma Tavares. Em 1990, recebeu o pr\u00eamio Fiat. Lan\u00e7ou em 1996, o CD U cantante\u201d, pelo selo Mercantante. Dois anos depois, lan\u00e7ou pelo selo Brasis o CD \u201cBrasis \u2013 As Can\u00e7\u00f5es e o Povo\u201d. Em 2000, foi classificado para as eliminat\u00f3rias do Festival da M\u00fasica Brasileira, promovido pela TV Globo, onde concorreu com sua composi\u00e7\u00e3o em parceria com Beir\u00e3o, \u201cBai\u00e3o internauta\u201d. Nesse ano,&nbsp;<strong>participou do Festival Novos Talentos defendendo a m\u00fasica \u201cN\u00f3is \u00e9 jeca mas \u00e9 joia\u201d, de Juraildes da Cruz que se tornou rapidamente um cl\u00e1ssico da m\u00fasica regional<\/strong>. Em abril de 2006, participou do Projeto Pixinguinha, em caravana que passou por Cachoeiro de Itapemirim, ES, circulando por Campinas, Tubar\u00e3o e Guaratinguet\u00e1. Ainda na sua discografia contam: Poeiras e Cantos U Cantante (1996); Rela Bucho (1988). Atualmente reside em Palmas (TO) e integra o coletivo musical AmazoniCanTOria, juntamente com Juraildes da Cruz, Braguinha Barroso, Lucimar e Doriv\u00e3.<\/p>\n\n\n\n<p><strong>Servi\u00e7o<\/strong><\/p>\n\n\n\n<p>O qu\u00ea: <strong><\/strong><strong>Projeto Estradas e Terreiros com Juraildes da Cruz, Gen\u00e9sio Tocantins, Assis Negro Gato, Manoel Pretto, Rene Bonfim, Jenis Bragan\u00e7a, Clayson Batah, Carlinhos Soares, Gilson Alencar, Jairo Mendon\u00e7a, Rejane Pitanga, Nanci Ara\u00fajo, Z\u00e9miguel com Paulim Diolinda e os poetas Cumpadi Anselmo, R\u00eago J\u00fanior, Cl\u00e1udia Martins, Jos\u00e9 Garcia Caiano e Marg\u00f4 Oliveira,&nbsp;<\/strong>entre m\u00fasica e poesia.&nbsp;<\/p>\n\n\n\n<p>Quando:<strong><\/strong> &nbsp;<strong>S\u00e1bado e domingo (19 e 20\/02), a partir das 14h<\/strong><\/p>\n\n\n\n<p>Onde:<strong> <\/strong><strong>Tudo com exibi\u00e7\u00e3o gratuita no canal de Youtube e Facebook do projeto<\/strong><strong>O&nbsp;<\/strong><strong>Projeto Estradas e Terreiros<\/strong><strong>&nbsp;\u00e9 realizado por meio de um Termo de Fomento da Secretaria de Estado de Cultura e Economia Criativa, do GDF.<\/strong><\/p>\n","protected":false},"excerpt":{"rendered":"<p>Com exibi\u00e7\u00e3o gratuita nos canais do Projeto Estradas e Terreiros, artista do Gama ser\u00e1 homenageado com apresenta\u00e7\u00f5es musicais e po\u00e9ticas no s\u00e1bado e domingo (19 e 20\/02), a partir das 14hNascido em Teresina, radicado no DF em 1974 e falecido em 2013, o m\u00fasico Gamense Carlinhos Piau\u00ed receber\u00e1 uma just\u00edssima homenagem on-line, musical e po\u00e9tica,&nbsp;no [&hellip;]<\/p>\n","protected":false},"author":1,"featured_media":0,"comment_status":"open","ping_status":"open","sticky":false,"template":"","format":"standard","meta":{"footnotes":""},"categories":[],"tags":[],"class_list":["post-5462","post","type-post","status-publish","format-standard","hentry"],"_links":{"self":[{"href":"https:\/\/aguaslindasnoticias.com.br\/index.php\/wp-json\/wp\/v2\/posts\/5462","targetHints":{"allow":["GET"]}}],"collection":[{"href":"https:\/\/aguaslindasnoticias.com.br\/index.php\/wp-json\/wp\/v2\/posts"}],"about":[{"href":"https:\/\/aguaslindasnoticias.com.br\/index.php\/wp-json\/wp\/v2\/types\/post"}],"author":[{"embeddable":true,"href":"https:\/\/aguaslindasnoticias.com.br\/index.php\/wp-json\/wp\/v2\/users\/1"}],"replies":[{"embeddable":true,"href":"https:\/\/aguaslindasnoticias.com.br\/index.php\/wp-json\/wp\/v2\/comments?post=5462"}],"version-history":[{"count":0,"href":"https:\/\/aguaslindasnoticias.com.br\/index.php\/wp-json\/wp\/v2\/posts\/5462\/revisions"}],"wp:attachment":[{"href":"https:\/\/aguaslindasnoticias.com.br\/index.php\/wp-json\/wp\/v2\/media?parent=5462"}],"wp:term":[{"taxonomy":"category","embeddable":true,"href":"https:\/\/aguaslindasnoticias.com.br\/index.php\/wp-json\/wp\/v2\/categories?post=5462"},{"taxonomy":"post_tag","embeddable":true,"href":"https:\/\/aguaslindasnoticias.com.br\/index.php\/wp-json\/wp\/v2\/tags?post=5462"}],"curies":[{"name":"wp","href":"https:\/\/api.w.org\/{rel}","templated":true}]}}