{"id":5461,"date":"2023-01-04T10:13:15","date_gmt":"2023-01-04T13:13:15","guid":{"rendered":"https:\/\/aguaslindasnoticias.com.br\/index.php\/2023\/01\/04\/novo-viaduto-de-acesso-a-sobradinho-ja-tem-data-para-inicio-das-obras\/"},"modified":"2023-01-04T10:13:15","modified_gmt":"2023-01-04T13:13:15","slug":"novo-viaduto-de-acesso-a-sobradinho-ja-tem-data-para-inicio-das-obras","status":"publish","type":"post","link":"https:\/\/aguaslindasnoticias.com.br\/index.php\/2023\/01\/04\/novo-viaduto-de-acesso-a-sobradinho-ja-tem-data-para-inicio-das-obras\/","title":{"rendered":"Novo viaduto de acesso a Sobradinho j\u00e1 tem data para in\u00edcio das obras"},"content":{"rendered":"\n<p><em>Durante live com o deputado Jo\u00e3o Cardoso o presidente do DER\/DF, Fauzi Nacfur, informou que obras ser\u00e3o iniciadas nos primeiros dias de mar\u00e7o. Estrutura vai beneficiar mais de 70 mil motoristas.<\/em><\/p>\n\n\n\n<figure class=\"wp-block-image size-large\"><img decoding=\"async\" src=\"http:\/\/claricegulyas.com.br\/wp-content\/uploads\/2022\/02\/Deputado-Jo\u00e3o-Cardoso.jpeg\" alt=\"\" class=\"wp-image-9596\"\/><\/figure>\n\n\n\n<p><br>O t\u00e3o aguardado viaduto de Sobradinho sair\u00e1 do papel ainda este m\u00eas. O lan\u00e7amento da obra no acesso \u00e0 cidade pela BR-020 ser\u00e1 no dia 24 de fevereiro. A obra conta com recursos federais e R$ 1 milh\u00e3o de emenda parlamentar destinada pelo deputado distrital <strong>Jo\u00e3o Cardoso (Avante<\/strong>). Novidades foram divulgadas pelo Departamento de Estradas de Rodagem do DF (DER) na tarde desta segunda (14\/2), em live realizada com o parlamentar.<\/p>\n\n\n\n<p>A obra inclui toda a estrutura vi\u00e1ria, com servi\u00e7os de terraplenagem e encabe\u00e7amento, entre outros, abrindo frentes de trabalho para centenas de pessoas. A ciclovia vai cruzar o viaduto, com extens\u00e3o de 25 km entre Planaltina e Sobradinho, com in\u00edcio na Avenida Independ\u00eancia, em Planaltina, at\u00e9 o Bal\u00e3o do Colorado, percorrendo o Complexo Vi\u00e1rio Joaquim Roriz. De acordo com o Governo do Distrito Federal, a previs\u00e3o \u00e9 que a obra seja conclu\u00edda em at\u00e9 um ano.<\/p>\n\n\n\n<p>Morador de Sobradinho e principal representante da cidade no Legislativo local, Jo\u00e3o Cardoso tem lutado pelo viaduto desde assumiu seu primeiro mandato, em janeiro de 2019. O distrital promoveu uma peti\u00e7\u00e3o p\u00fablica pela constru\u00e7\u00e3o do viaduto entre 2019 e 2020, alcan\u00e7ando mais de 6 mil assinaturas. Empresa ganhadora da concorr\u00eancia das obras foi divulgada em janeiro, no Di\u00e1rio Oficial do DF.<\/p>\n\n\n\n<p>\u201cEsta \u00e9 uma luta antiga da popula\u00e7\u00e3o, que tem reivindicado desde sempre este viaduto na altura do Comper\/Dia-Dia. Quem passa por ali todos os dias sabe do transtorno causado pelos engarrafamentos, tanto no sentido de Planaltina como no sentido de Sobradinho. Agora teremos mais fluidez, mais seguran\u00e7a e qualidade de vida para a popula\u00e7\u00e3o. Parabenizo a popula\u00e7\u00e3o da Sa\u00edda Norte, o GDF e todos os envolvidos nesta importante conquista para a cidade e o DF&#8221;, afirma Jo\u00e3o Cardoso.<\/p>\n\n\n\n<figure class=\"wp-block-image size-large\"><img decoding=\"async\" src=\"http:\/\/claricegulyas.com.br\/wp-content\/uploads\/2022\/02\/Viaduto-Sobradinho-DER-GDF-1024x576.jpeg\" alt=\"\" class=\"wp-image-9597\"\/><\/figure>\n\n\n\n<p>Em transmiss\u00e3o ao vivo pelo perfil do Instagram de Jo\u00e3o Cardoso, o diretor-geral do DER, Fauzi Nacfur J\u00fanior, explicou que o projeto prev\u00ea ainda a amplia\u00e7\u00e3o das pistas de pontes e viadutos entre Sobradinho e Planaltina. Atualmente, o Complexo Vi\u00e1rio \u00e9 composto por 23 viadutos e quatro pontes.<\/p>\n\n\n\n<p>&#8220;\u00c9 uma obra muito bacana que vai resolver o problema da entrada de Sobradinho, Rota do Cavalo, Nova Colina, DF-440, regi\u00e3o de condom\u00ednios e o melhor de tudo: vai resolver o problema de todo o pessoal de Planaltina que s\u00e3o sacrificados naquele ponto de estrangulamento&#8221;, afirmou.<\/p>\n\n\n\n<p><strong>Fim da poeira<\/strong><\/p>\n\n\n\n<p>Outra novidade anunciada pelo DER \u00e9 o in\u00edcio da pavimenta\u00e7\u00e3o da DF-440, trecho que liga o condom\u00ednio RK at\u00e9 a rodovia Vicinal DF-263 (extens\u00e3o de 6,1 Km), a partir de mar\u00e7o. O lan\u00e7amento da obra est\u00e1 previsto para este s\u00e1bado (19\/2). As melhorias v\u00e3o beneficiar tamb\u00e9m os moradores dos condom\u00ednios RK e Imp\u00e9rio dos Nobres, al\u00e9m da escola Santa Helena. Para esta a\u00e7\u00e3o, que dever\u00e1 durar cinco meses, Jo\u00e3o Cardoso destinou R$ 1 milh\u00e3o em emendas parlamentares. O distrital de Sobradinho aproveitou o momento e anunciou que j\u00e1 est\u00e1 destinando emendas para garantir a troca de l\u00e2mpadas amarelas por ilumina\u00e7\u00e3o de LED (mais econ\u00f4mica) nesta regi\u00e3o.<\/p>\n","protected":false},"excerpt":{"rendered":"<p>Durante live com o deputado Jo\u00e3o Cardoso o presidente do DER\/DF, Fauzi Nacfur, informou que obras ser\u00e3o iniciadas nos primeiros dias de mar\u00e7o. Estrutura vai beneficiar mais de 70 mil motoristas. O t\u00e3o aguardado viaduto de Sobradinho sair\u00e1 do papel ainda este m\u00eas. O lan\u00e7amento da obra no acesso \u00e0 cidade pela BR-020 ser\u00e1 no [&hellip;]<\/p>\n","protected":false},"author":1,"featured_media":0,"comment_status":"open","ping_status":"open","sticky":false,"template":"","format":"standard","meta":{"footnotes":""},"categories":[],"tags":[],"class_list":["post-5461","post","type-post","status-publish","format-standard","hentry"],"_links":{"self":[{"href":"https:\/\/aguaslindasnoticias.com.br\/index.php\/wp-json\/wp\/v2\/posts\/5461","targetHints":{"allow":["GET"]}}],"collection":[{"href":"https:\/\/aguaslindasnoticias.com.br\/index.php\/wp-json\/wp\/v2\/posts"}],"about":[{"href":"https:\/\/aguaslindasnoticias.com.br\/index.php\/wp-json\/wp\/v2\/types\/post"}],"author":[{"embeddable":true,"href":"https:\/\/aguaslindasnoticias.com.br\/index.php\/wp-json\/wp\/v2\/users\/1"}],"replies":[{"embeddable":true,"href":"https:\/\/aguaslindasnoticias.com.br\/index.php\/wp-json\/wp\/v2\/comments?post=5461"}],"version-history":[{"count":0,"href":"https:\/\/aguaslindasnoticias.com.br\/index.php\/wp-json\/wp\/v2\/posts\/5461\/revisions"}],"wp:attachment":[{"href":"https:\/\/aguaslindasnoticias.com.br\/index.php\/wp-json\/wp\/v2\/media?parent=5461"}],"wp:term":[{"taxonomy":"category","embeddable":true,"href":"https:\/\/aguaslindasnoticias.com.br\/index.php\/wp-json\/wp\/v2\/categories?post=5461"},{"taxonomy":"post_tag","embeddable":true,"href":"https:\/\/aguaslindasnoticias.com.br\/index.php\/wp-json\/wp\/v2\/tags?post=5461"}],"curies":[{"name":"wp","href":"https:\/\/api.w.org\/{rel}","templated":true}]}}