{"id":5459,"date":"2023-01-04T10:13:15","date_gmt":"2023-01-04T13:13:15","guid":{"rendered":"https:\/\/aguaslindasnoticias.com.br\/index.php\/2023\/01\/04\/usos-de-animais-em-provas-de-perseguicao-laceio-ou-derrubada-em-vaquejadas-devem-ser-considerados-maus-tratos\/"},"modified":"2023-01-04T10:13:15","modified_gmt":"2023-01-04T13:13:15","slug":"usos-de-animais-em-provas-de-perseguicao-laceio-ou-derrubada-em-vaquejadas-devem-ser-considerados-maus-tratos","status":"publish","type":"post","link":"https:\/\/aguaslindasnoticias.com.br\/index.php\/2023\/01\/04\/usos-de-animais-em-provas-de-perseguicao-laceio-ou-derrubada-em-vaquejadas-devem-ser-considerados-maus-tratos\/","title":{"rendered":"Usos de animais em provas de persegui\u00e7\u00e3o, laceio ou derrubada em vaquejadas devem ser considerados maus-tratos"},"content":{"rendered":"\n<p>Foto: Reprodu\u00e7\u00e3o\/TV C\u00e2mara Distrital<\/p>\n\n\n\n<figure class=\"wp-block-image\"><img decoding=\"async\" src=\"https:\/\/www.cl.df.gov.br\/documents\/10162\/25507814\/Com+Meio+Ambiente+e+Turismo+-+07.jpg\/93a1b4eb-f188-625a-0dcf-2dd86eaf9787?t=1644942837460\" alt=\"O projeto de Daniel Donizet tamb\u00e9m altera o texto da legisla\u00e7\u00e3o em vigor ao propor a substitui\u00e7\u00e3o de palavras e express\u00f5es, como \"\/><\/figure>\n\n\n\n<p>O projeto de Daniel Donizet tamb\u00e9m altera o texto da legisla\u00e7\u00e3o em vigor ao propor a substitui\u00e7\u00e3o de palavras e express\u00f5es, como &#8220;apreens\u00e3o&#8221; e &#8220;confisco&#8221;, que acabam por considerar os animais como objetos<\/p>\n\n\n\n<p>O atrelamento de animais a ve\u00edculo de tra\u00e7\u00e3o em \u00e1reas urbanas e o uso dos animais em provas de persegui\u00e7\u00e3o, laceio ou derrubada em vaquejadas no Distrito Federal dever\u00e3o&nbsp;ser inseridos no rol das condutas consideradas como maus-tratos. Proposta nesse sentido foi aprovada pela Comiss\u00e3o de Desenvolvimento Econ\u00f4mico Sustent\u00e1vel, Ci\u00eancia, Tecnologia, Meio Ambiente e Turismo da C\u00e2mara Legislativa em reuni\u00e3o na manh\u00e3 desta ter\u00e7a-feira (15). O&nbsp;<a href=\"https:\/\/legislacao.cl.df.gov.br\/Legislacao\/consultaProposicao-1!1353!2020!visualizar.action\">Projeto de Lei 1353\/2020<\/a>, do deputado&nbsp;<a href=\"https:\/\/www.cl.df.gov.br\/web\/guest\/daniel-donizet-2019-2022\">Daniel Donizet&nbsp;<\/a>(PL), altera a Lei 4.060\/2007, que define san\u00e7\u00f5es a serem aplicadas pela pr\u00e1tica de maus-tratos a animais. \u201cEssas a\u00e7\u00f5es causam sofrimento aos animais\u201d, alega.<\/p>\n\n\n\n<p>O projeto tamb\u00e9m altera o texto da legisla\u00e7\u00e3o em vigor (Lei 4.060\/2007) ao propor a substitui\u00e7\u00e3o de palavras e express\u00f5es, que, segundo Donizet, acabam por considerar os animais como objetos, a exemplo do voc\u00e1bulo \u201capreens\u00e3o\u201d, da express\u00e3o \u201cfiel deposit\u00e1rio\u201d e das palavras \u201capreendidos\u201d, \u201cconfiscados\u201d e \u201cperdimento\u201d.<\/p>\n\n\n\n<p>O parlamentar explica que \u00e9 mais pertinente e adequado ao novo status jur\u00eddico concedido aos animais, entender que eles foram resgatados e n\u00e3o apreendidos ou confiscados e que n\u00e3o houve perdimento, mas sim perda da guarda ou tutela, bem como n\u00e3o se nomeia um deposit\u00e1rio fiel, mas sim, algu\u00e9m que ir\u00e1 exercer a guarda ou tutela provis\u00f3ria.\u201cEssas altera\u00e7\u00f5es, muito mais que um simples capricho ou preciosismo, representam avan\u00e7os na defesa dos animais e s\u00e3o esses pequenos gestos que ajudar\u00e3o a consolidar o tratamento correto que se deve dispensar aos nossos bichinhos\u201d, afirma Donizet.<\/p>\n\n\n\n<figure class=\"wp-block-image\"><img decoding=\"async\" src=\"https:\/\/www.cl.df.gov.br\/documents\/10162\/25507814\/Com+Meio+Ambiente+e+Turismo+-+05.jpg\/6e4ef982-d5ee-75eb-15c3-4eb5117139d2?t=1644932205390\" alt=\"\"\/><\/figure>\n\n\n\n<p>O projeto segue para an\u00e1lise da Comiss\u00e3o de Constitui\u00e7\u00e3o e Justi\u00e7a (CCJ) e aprecia\u00e7\u00e3o do plen\u00e1rio.&nbsp;<br>Com tradu\u00e7\u00e3o simult\u00e2nea em Libras e transmiss\u00e3o ao vivo pela TV C\u00e2mara Distrital (canal 9.3) e&nbsp;<a href=\"https:\/\/www.youtube.com\/watch?v=dIH61Pve3-g\">Youtube<\/a>, a reuni\u00e3o extraordin\u00e1ria remota do colegiado teve a participa\u00e7\u00e3o dos deputados J\u00falia Lucy (Novo), Delmasso (Republicanos), Daniel Donizet e Rob\u00e9rio Negreiros (PSD).<br>&nbsp;<\/p>\n\n\n\n<p><strong>Franci Moraes &#8211; Ag\u00eancia CLDF<\/strong><\/p>\n","protected":false},"excerpt":{"rendered":"<p>Foto: Reprodu\u00e7\u00e3o\/TV C\u00e2mara Distrital O projeto de Daniel Donizet tamb\u00e9m altera o texto da legisla\u00e7\u00e3o em vigor ao propor a substitui\u00e7\u00e3o de palavras e express\u00f5es, como &#8220;apreens\u00e3o&#8221; e &#8220;confisco&#8221;, que acabam por considerar os animais como objetos O atrelamento de animais a ve\u00edculo de tra\u00e7\u00e3o em \u00e1reas urbanas e o uso dos animais em provas [&hellip;]<\/p>\n","protected":false},"author":1,"featured_media":0,"comment_status":"open","ping_status":"open","sticky":false,"template":"","format":"standard","meta":{"footnotes":""},"categories":[],"tags":[],"class_list":["post-5459","post","type-post","status-publish","format-standard","hentry"],"_links":{"self":[{"href":"https:\/\/aguaslindasnoticias.com.br\/index.php\/wp-json\/wp\/v2\/posts\/5459","targetHints":{"allow":["GET"]}}],"collection":[{"href":"https:\/\/aguaslindasnoticias.com.br\/index.php\/wp-json\/wp\/v2\/posts"}],"about":[{"href":"https:\/\/aguaslindasnoticias.com.br\/index.php\/wp-json\/wp\/v2\/types\/post"}],"author":[{"embeddable":true,"href":"https:\/\/aguaslindasnoticias.com.br\/index.php\/wp-json\/wp\/v2\/users\/1"}],"replies":[{"embeddable":true,"href":"https:\/\/aguaslindasnoticias.com.br\/index.php\/wp-json\/wp\/v2\/comments?post=5459"}],"version-history":[{"count":0,"href":"https:\/\/aguaslindasnoticias.com.br\/index.php\/wp-json\/wp\/v2\/posts\/5459\/revisions"}],"wp:attachment":[{"href":"https:\/\/aguaslindasnoticias.com.br\/index.php\/wp-json\/wp\/v2\/media?parent=5459"}],"wp:term":[{"taxonomy":"category","embeddable":true,"href":"https:\/\/aguaslindasnoticias.com.br\/index.php\/wp-json\/wp\/v2\/categories?post=5459"},{"taxonomy":"post_tag","embeddable":true,"href":"https:\/\/aguaslindasnoticias.com.br\/index.php\/wp-json\/wp\/v2\/tags?post=5459"}],"curies":[{"name":"wp","href":"https:\/\/api.w.org\/{rel}","templated":true}]}}