{"id":5458,"date":"2023-01-04T10:13:07","date_gmt":"2023-01-04T13:13:07","guid":{"rendered":"https:\/\/aguaslindasnoticias.com.br\/index.php\/2023\/01\/04\/distritais-derrubam-seis-vetos-do-governador-entre-eles-o-que-obriga-as-escolas-a-oferecerem-alimentos-organicos\/"},"modified":"2023-01-04T10:13:07","modified_gmt":"2023-01-04T13:13:07","slug":"distritais-derrubam-seis-vetos-do-governador-entre-eles-o-que-obriga-as-escolas-a-oferecerem-alimentos-organicos","status":"publish","type":"post","link":"https:\/\/aguaslindasnoticias.com.br\/index.php\/2023\/01\/04\/distritais-derrubam-seis-vetos-do-governador-entre-eles-o-que-obriga-as-escolas-a-oferecerem-alimentos-organicos\/","title":{"rendered":"Distritais derrubam seis vetos do governador, entre eles o que obriga as escolas a oferecerem alimentos org\u00e2nicos"},"content":{"rendered":"\n<p>Foto: Divulga\u00e7\u00e3o\/Prefeitura de S\u00e3o Paulo<\/p>\n\n\n\n<figure class=\"wp-block-image size-large\"><img decoding=\"async\" src=\"http:\/\/claricegulyas.com.br\/wp-content\/uploads\/2022\/02\/org\u00c2nicos-1.jpg\" alt=\"\" class=\"wp-image-9586\"\/><\/figure>\n\n\n\n<figure class=\"wp-block-image\"><img decoding=\"async\" src=\"https:\/\/www.cl.df.gov.br\/documents\/10162\/12111\/org%C3%82nicos.jpg\/69e79a6e-20e6-679f-a8e1-989fdfbb4652?t=1645047902147\" alt=\"Projeto de autoria do deputado Reginaldo Veras foi derrubado com o voto de 13 parlamentares\"\/><\/figure>\n\n\n\n<p>Projeto de autoria do deputado Reginaldo Veras foi derrubado com o voto de 13 parlamentares<\/p>\n\n\n\n<p>A C\u00e2mara Legislativa do Distrito Federal derrubou na tarde desta quarta-feira (16) seis vetos do governador Ibaneis Rocha. Outros 21 vetos foram apreciados e mantidos pelos deputados distritais na mesma sess\u00e3o. Entre os vetos derrubados est\u00e1 o que recaiu sobre o projeto de lei n\u00ba 495\/2015, do deputado Prof. Reginaldo Veras (PDT), que obriga a inclus\u00e3o de alimentos org\u00e2nicos ou de base agroecol\u00f3gica na alimenta\u00e7\u00e3o escolar nas unidades da rede de ensino p\u00fablico. O veto foi derrubado com 13 votos n\u00e3o.<\/p>\n\n\n\n<p>Tamb\u00e9m foi derrubado o veto total ao projeto de lei n\u00ba 1.691\/2021, do deputado Leandro Grass (Rede), que estabelece diretrizes para a transpar\u00eancia dos atos relacionados aos planos de vacina\u00e7\u00e3o no DF. Pela proposta, as campanhas de vacina\u00e7\u00e3o realizadas no DF dever\u00e3o observar a transpar\u00eancia necess\u00e1rias aos atos praticados pela Administra\u00e7\u00e3o P\u00fablica, incluindo a cria\u00e7\u00e3o de um painel eletr\u00f4nico, que contenha quantitativo total de pessoas vacinadas; quantitativo de pessoas vacinada, por regi\u00e3o administrativa; divulga\u00e7\u00e3o nominal de cada pessoa vacinada; quantidade de doses recebidas da Uni\u00e3o ou outras unidades da Federa\u00e7\u00e3o; estoque atual de vacinas e a meta a ser alcan\u00e7ada para cada campanha, atualizado periodicamente.<\/p>\n\n\n\n<figure class=\"wp-block-image\"><img decoding=\"async\" src=\"https:\/\/www.cl.df.gov.br\/documents\/10162\/25517567\/2211200CG+%2869%29.jpg\/e2c6ad01-4789-ece0-66c9-84b16dc5b45b?t=1645042235919\" alt=\"\"\/><\/figure>\n\n\n\n<p>Tamb\u00e9m foi derrubado o veto total ao projeto de lei n\u00ba 1.894\/2020, do deputado Valdelino Barcelos (PP), que trata da cria\u00e7\u00e3o da Faixa do Esporte, Lazer e Tr\u00e2nsito de Ciclistas na Ponte Juscelino Kubitschek \u2013 Ponte JK. O veto total ao PL n\u00ba 1.756\/2021, do deputado Eduardo Pedrosa (DEM), que estabelece diretrizes para a institui\u00e7\u00e3o da Pol\u00edtica Distrital de Aten\u00e7\u00e3o \u00e0 Sa\u00fade das Pessoas com Vitiligo.<\/p>\n\n\n\n<p>Os distritais derrubaram ainda o veto total ao Projeto de Lei n\u00ba 2.199\/ 2021, do deputado Rafael Prudente (MDB), que altera a Lei n\u00ba 5.881\/2017, que pro\u00edbe a presen\u00e7a de representante da ind\u00fastria farmac\u00eautica em unidades p\u00fablicas de sa\u00fade do DF. Os deputados apreciaram ainda vetos parciais ao projeto de lei n\u00ba 164\/2019, do deputado Iolando (PSC), que estabelece o Estatuto da Pessoa com Defici\u00eancia, com a manuten\u00e7\u00e3o de alguns dispositivos e a derrubados de outros, em acordo com o autor da proposta.&nbsp;<\/p>\n\n\n\n<p><strong>Vetos mantidos<\/strong><\/p>\n\n\n\n<p>Tamb\u00e9m na sess\u00e3o desta quarta-feira, os deputados distritais apreciaram e mantiveram vetos parciais e totais a 21 projetos de lei. A manuten\u00e7\u00e3o dos vetos foi acorda pelo col\u00e9gio de l\u00edderes para limpar a pauta de vota\u00e7\u00f5es. Os projetos que tiveram seus vetos mantidos tratam de mat\u00e9rias financeiras que j\u00e1 perderam seus efeitos, como mudan\u00e7as na Lei de Diretrizes Or\u00e7ament\u00e1rias de anos anteriores ou projetos de cr\u00e9dito suplementar de outros exerc\u00edcios.<\/p>\n\n\n\n<p><strong>Lu\u00eds Cl\u00e1udio Alves &#8211; Ag\u00eancia CLDF<\/strong><\/p>\n","protected":false},"excerpt":{"rendered":"<p>Foto: Divulga\u00e7\u00e3o\/Prefeitura de S\u00e3o Paulo Projeto de autoria do deputado Reginaldo Veras foi derrubado com o voto de 13 parlamentares A C\u00e2mara Legislativa do Distrito Federal derrubou na tarde desta quarta-feira (16) seis vetos do governador Ibaneis Rocha. Outros 21 vetos foram apreciados e mantidos pelos deputados distritais na mesma sess\u00e3o. Entre os vetos derrubados [&hellip;]<\/p>\n","protected":false},"author":1,"featured_media":0,"comment_status":"open","ping_status":"open","sticky":false,"template":"","format":"standard","meta":{"footnotes":""},"categories":[],"tags":[],"class_list":["post-5458","post","type-post","status-publish","format-standard","hentry"],"_links":{"self":[{"href":"https:\/\/aguaslindasnoticias.com.br\/index.php\/wp-json\/wp\/v2\/posts\/5458","targetHints":{"allow":["GET"]}}],"collection":[{"href":"https:\/\/aguaslindasnoticias.com.br\/index.php\/wp-json\/wp\/v2\/posts"}],"about":[{"href":"https:\/\/aguaslindasnoticias.com.br\/index.php\/wp-json\/wp\/v2\/types\/post"}],"author":[{"embeddable":true,"href":"https:\/\/aguaslindasnoticias.com.br\/index.php\/wp-json\/wp\/v2\/users\/1"}],"replies":[{"embeddable":true,"href":"https:\/\/aguaslindasnoticias.com.br\/index.php\/wp-json\/wp\/v2\/comments?post=5458"}],"version-history":[{"count":0,"href":"https:\/\/aguaslindasnoticias.com.br\/index.php\/wp-json\/wp\/v2\/posts\/5458\/revisions"}],"wp:attachment":[{"href":"https:\/\/aguaslindasnoticias.com.br\/index.php\/wp-json\/wp\/v2\/media?parent=5458"}],"wp:term":[{"taxonomy":"category","embeddable":true,"href":"https:\/\/aguaslindasnoticias.com.br\/index.php\/wp-json\/wp\/v2\/categories?post=5458"},{"taxonomy":"post_tag","embeddable":true,"href":"https:\/\/aguaslindasnoticias.com.br\/index.php\/wp-json\/wp\/v2\/tags?post=5458"}],"curies":[{"name":"wp","href":"https:\/\/api.w.org\/{rel}","templated":true}]}}