{"id":5457,"date":"2023-01-04T10:13:07","date_gmt":"2023-01-04T13:13:07","guid":{"rendered":"https:\/\/aguaslindasnoticias.com.br\/index.php\/2023\/01\/04\/gdf-amplia-debate-para-regularizacao-de-guaritas-e-muros-em-condominios\/"},"modified":"2023-01-04T10:13:07","modified_gmt":"2023-01-04T13:13:07","slug":"gdf-amplia-debate-para-regularizacao-de-guaritas-e-muros-em-condominios","status":"publish","type":"post","link":"https:\/\/aguaslindasnoticias.com.br\/index.php\/2023\/01\/04\/gdf-amplia-debate-para-regularizacao-de-guaritas-e-muros-em-condominios\/","title":{"rendered":"GDF amplia debate para regulariza\u00e7\u00e3o de guaritas e muros em condom\u00ednios"},"content":{"rendered":"\n<p>A minuta do Projeto de Lei Complementar (PLC) que trata da regulariza\u00e7\u00e3o de muros e guaritas de condom\u00ednios ser\u00e1 enviada para a Procuradoria-Geral do DF (PGDF). A determina\u00e7\u00e3o \u00e9 do governador Ibaneis Rocha, que tamb\u00e9m solicitou a reabertura dos prazos de contribui\u00e7\u00e3o da comunidade ao texto por meio do&nbsp;<a href=\"https:\/\/www.seduh.df.gov.br\/\">site da Secretaria de Desenvolvimento Urbano e Habita\u00e7\u00e3o (Seduh)<\/a>.<\/p>\n\n\n\n<figure class=\"wp-block-image\"><img decoding=\"async\" src=\"http:\/\/agenciabrasilia.df.gov.br\/wp-conteudo\/uploads\/2022\/02\/WhatsApp-Image-2022-02-15-at-16.17.42-1.jpeg\" alt=\"\" class=\"wp-image-377830\"\/><figcaption>De acordo com o secret\u00e1rio Mateus Oliveira, condom\u00ednios que optarem por acesso 100% controlado poder\u00e3o negociar em troca benfeitorias ao redor do empreendimento | Foto: Tony Oliveira \/ Ag\u00eancia Bras\u00edlia<\/figcaption><\/figure>\n\n\n\n<p>\u201cNada ser\u00e1 feito sem consenso com os moradores\u201d, determinou o chefe do Executivo ao destacar a necessidade da legisla\u00e7\u00e3o para dar mais seguran\u00e7a jur\u00eddica. \u201cA regulariza\u00e7\u00e3o \u00e9 importante para que n\u00e3o haja questionamentos no futuro. Mas vamos fazer isso de m\u00e3os dadas com os moradores\u201d, reafirmou.<\/p>\n\n\n\n<p>A proposta do governo local \u00e9 encontrar um equil\u00edbrio para acabar de vez com os questionamentos levantados sobre a utiliza\u00e7\u00e3o dos espa\u00e7os p\u00fablicos para a instala\u00e7\u00e3o dos muros e guaritas. O governador ainda refor\u00e7ou que o parecer da PGDF \u00e9 fundamental para definir o aspecto da legalidade do texto legislativo.<\/p>\n\n\n\n<blockquote class=\"wp-block-quote is-layout-flow wp-block-quote-is-layout-flow\"><p>\u201cEnt\u00e3o, prorrogamos esse prazo e ele gerou uma estabiliza\u00e7\u00e3o da situa\u00e7\u00e3o. Nenhum condom\u00ednio ficou com o risco de ter muros e guaritas derrubados\u201d, refor\u00e7a o secret\u00e1rio Mateus Oliveira<\/p><\/blockquote>\n\n\n\n<p>Desde 2019, foram feitos cinco debates, uma audi\u00eancia e uma consulta p\u00fablica sobre o assunto. A minuta de PLC apresenta tr\u00eas modelos de loteamento, que v\u00e3o ser escolhidos pelos pr\u00f3prios moradores. \u201cA ideia \u00e9 deixar os condom\u00ednios \u00e0 vontade para escolherem qual modelo se enquadram\u201d, disse o secret\u00e1rio de Desenvolvimento Urbano e Habita\u00e7\u00e3o, Mateus Oliveira ap\u00f3s reuni\u00e3o com o governador no Pal\u00e1cio do Buriti, nesta ter\u00e7a-feira (15).<\/p>\n\n\n\n<p>O gestor destaca que a defini\u00e7\u00e3o do tipo de condom\u00ednio \u2013 a partir da autodeclara\u00e7\u00e3o \u2013 \u00e9 que vai definir o tipo de regulamenta\u00e7\u00e3o. O governo sugere ainda que muitos que optarem por acesso 100% controlado poder\u00e3o negociar em troca benfeitorias ao redor do empreendimento. \u201cCriamos no texto a op\u00e7\u00e3o de ado\u00e7\u00e3o de \u00e1reas p\u00fablicas como compensa\u00e7\u00e3o, mas isso ainda ser\u00e1 estudado pela Procuradoria\u201d, completou.<\/p>\n\n\n\n<p>Administrador do Jardim Bot\u00e2nico \u2013 regi\u00e3o com a presen\u00e7a de centenas de condom\u00ednios \u2013, J\u00e2nio Rodrigues dos Santos acredita que a abertura do prazo para mais contribui\u00e7\u00f5es \u00e0 minuta do PLC possa trazer melhorias na legisla\u00e7\u00e3o vigente. \u201c\u00c9 muito importante ouvir a popula\u00e7\u00e3o, os \u00f3rg\u00e3os, fazer audi\u00eancia p\u00fablica, porque a proposta do governo tende a ser aperfei\u00e7oada\u201d.<\/p>\n\n\n\n<p>O cen\u00e1rio de di\u00e1logo com os moradores dos condom\u00ednios era bem diferente h\u00e1 tr\u00eas anos. O governo trabalhou para suspender a legisla\u00e7\u00e3o que previa a derrubada de muros e guaritas j\u00e1 em mar\u00e7o de 2019. \u201cQuando assumimos, existia uma legisla\u00e7\u00e3o feita na gest\u00e3o passada que previa a demoli\u00e7\u00e3o de muros e guaritas dos condom\u00ednios a partir de mar\u00e7o daquele ano\u201d, lembra o secret\u00e1rio Mateus Oliveira.<\/p>\n\n\n\n<p>Ele lembra que, naquela \u00e9poca, a possibilidade de derrubada dos muros gerou um ambiente de caos. \u201cEnt\u00e3o, prorrogamos esse prazo e ele gerou uma estabiliza\u00e7\u00e3o da situa\u00e7\u00e3o. Nenhum condom\u00ednio ficou com o risco de ter muros e guaritas derrubados\u201d, refor\u00e7a.<\/p>\n\n\n\n<p><strong>Ian Ferraz, da Ag\u00eancia Bras\u00edlia | Edi\u00e7\u00e3o: Saulo Moreno<\/strong><\/p>\n","protected":false},"excerpt":{"rendered":"<p>A minuta do Projeto de Lei Complementar (PLC) que trata da regulariza\u00e7\u00e3o de muros e guaritas de condom\u00ednios ser\u00e1 enviada para a Procuradoria-Geral do DF (PGDF). A determina\u00e7\u00e3o \u00e9 do governador Ibaneis Rocha, que tamb\u00e9m solicitou a reabertura dos prazos de contribui\u00e7\u00e3o da comunidade ao texto por meio do&nbsp;site da Secretaria de Desenvolvimento Urbano e [&hellip;]<\/p>\n","protected":false},"author":1,"featured_media":0,"comment_status":"open","ping_status":"open","sticky":false,"template":"","format":"standard","meta":{"footnotes":""},"categories":[],"tags":[],"class_list":["post-5457","post","type-post","status-publish","format-standard","hentry"],"_links":{"self":[{"href":"https:\/\/aguaslindasnoticias.com.br\/index.php\/wp-json\/wp\/v2\/posts\/5457","targetHints":{"allow":["GET"]}}],"collection":[{"href":"https:\/\/aguaslindasnoticias.com.br\/index.php\/wp-json\/wp\/v2\/posts"}],"about":[{"href":"https:\/\/aguaslindasnoticias.com.br\/index.php\/wp-json\/wp\/v2\/types\/post"}],"author":[{"embeddable":true,"href":"https:\/\/aguaslindasnoticias.com.br\/index.php\/wp-json\/wp\/v2\/users\/1"}],"replies":[{"embeddable":true,"href":"https:\/\/aguaslindasnoticias.com.br\/index.php\/wp-json\/wp\/v2\/comments?post=5457"}],"version-history":[{"count":0,"href":"https:\/\/aguaslindasnoticias.com.br\/index.php\/wp-json\/wp\/v2\/posts\/5457\/revisions"}],"wp:attachment":[{"href":"https:\/\/aguaslindasnoticias.com.br\/index.php\/wp-json\/wp\/v2\/media?parent=5457"}],"wp:term":[{"taxonomy":"category","embeddable":true,"href":"https:\/\/aguaslindasnoticias.com.br\/index.php\/wp-json\/wp\/v2\/categories?post=5457"},{"taxonomy":"post_tag","embeddable":true,"href":"https:\/\/aguaslindasnoticias.com.br\/index.php\/wp-json\/wp\/v2\/tags?post=5457"}],"curies":[{"name":"wp","href":"https:\/\/api.w.org\/{rel}","templated":true}]}}