{"id":5456,"date":"2023-01-04T10:13:07","date_gmt":"2023-01-04T13:13:07","guid":{"rendered":"https:\/\/aguaslindasnoticias.com.br\/index.php\/2023\/01\/04\/hran-e-destaque-em-revista-cientifica-do-reino-unido\/"},"modified":"2023-01-04T10:13:07","modified_gmt":"2023-01-04T13:13:07","slug":"hran-e-destaque-em-revista-cientifica-do-reino-unido","status":"publish","type":"post","link":"https:\/\/aguaslindasnoticias.com.br\/index.php\/2023\/01\/04\/hran-e-destaque-em-revista-cientifica-do-reino-unido\/","title":{"rendered":"Hran \u00e9 destaque em revista cient\u00edfica do Reino Unido"},"content":{"rendered":"\n<p>Desde o in\u00edcio da pandemia de covid-19, o Hospital Regional da Asa Norte (Hran) tornou-se refer\u00eancia no atendimento e tratamento dos infectados pelo coronav\u00edrus. Um grupo de especialistas da unidade que atuou durante a primeira onda conduziu estudo que agora est\u00e1 dispon\u00edvel na plataforma de pesquisa da&nbsp;<em>The Lancet<\/em>, revista cient\u00edfica publicada no Reino Unido.<\/p>\n\n\n\n<figure class=\"wp-block-image\"><img decoding=\"async\" src=\"http:\/\/agenciabrasilia.df.gov.br\/wp-conteudo\/uploads\/2022\/02\/16.2.-Hran.-Foto-Geovana-Albuquerque-Arquivo-Ag%C3%AAncia-Sa%C3%BAde.jpeg\" alt=\"\" class=\"wp-image-378078\"\/><figcaption>Hran ganha proje\u00e7\u00e3o como uma unidade de sa\u00fade eficiente na detec\u00e7\u00e3o de covid-19 | Foto: Geovana Albuquerque\/Arquivo Ag\u00eancia Sa\u00fade<\/figcaption><\/figure>\n\n\n\n<p>Intitulado&nbsp;<em>O impacto da tomografia computadorizada de t\u00f3rax em um Hospital de Refer\u00eancia Covid-19 \u2013 Primeira Onda \u2013 Distrito Federal \u2013 Brasil<\/em>, o trabalho mostra como a equipe utilizou um m\u00e9todo alternativo para identificar de forma r\u00e1pida as pessoas possivelmente infectadas pelo coronav\u00edrus. Assim ocorreu logo no in\u00edcio da pandemia, quando os testes PCR-RT eram menos acess\u00edveis e demoravam dias para sair o resultado.<\/p>\n\n\n\n<blockquote class=\"wp-block-quote is-layout-flow wp-block-quote-is-layout-flow\"><p>\u201cA atua\u00e7\u00e3o do Hran durante todas as ondas da pandemia foi decisiva, e nossa cl\u00ednica m\u00e9dica sempre foi refer\u00eancia em outras epidemias\u201d&nbsp;&#8211; Pedro Zancanaro, superintendente da Regi\u00e3o de Sa\u00fade Central<\/p><\/blockquote>\n\n\n\n<p>Centrado na avalia\u00e7\u00e3o da tomografia de t\u00f3rax, esse procedimento se mostrou, posteriormente, bastante eficaz na identifica\u00e7\u00e3o antecipada de covid-19. \u201cAs condutas precisavam ser r\u00e1pidas\u201d, explica o m\u00e9dico Gleim Dias de Souza, radiologista que coordenou o estudo. \u201cN\u00e3o significa que a tomografia de t\u00f3rax substitui o PCR-RT, mas, dependendo da situa\u00e7\u00e3o cr\u00edtica vivenciada \u2013 como foi \u00e0 \u00e9poca \u2013 e da gravidade do paciente, percebe-se que \u00e9 um exame complementar indispens\u00e1vel para o diagn\u00f3stico\u201d.<\/p>\n\n\n\n<p>Foi criada uma sala de situa\u00e7\u00e3o em que os m\u00e9dicos reunidos avaliavam os resultados dos exames. \u201cFaz\u00edamos tomografia de 15 em 15 minutos de forma seriada, sem interrup\u00e7\u00e3o\u201d, conta o chefe da \u00e1rea de pneumologia do Hran e um dos autores do artigo, Paulo Feitosa. \u201cTudo era feito de forma c\u00e9lere, o diagn\u00f3stico era muito r\u00e1pido e, consequentemente, a classifica\u00e7\u00e3o de gravidade do paciente e a interven\u00e7\u00e3o eram feitas de maneira muito breve\u201d.<\/p>\n\n\n\n<p>O superintendente da Regi\u00e3o de Sa\u00fade Central, Pedro Zancanaro, refor\u00e7a que a disponibilidade de tomografias de t\u00f3rax no Hran possibilitou que o exame fosse feito em grande volume, o que permitiu identificar precocemente casos de pneumonia e rapidez nas interven\u00e7\u00f5es. \u201cA atua\u00e7\u00e3o do Hran durante todas as ondas da pandemia foi decisiva, e nossa cl\u00ednica m\u00e9dica sempre foi refer\u00eancia em outras epidemias\u201d, afirma.<\/p>\n\n\n\n<p>O artigo consta em vers\u00e3o pr\u00e9-impress\u00e3o, situa\u00e7\u00e3o em que, j\u00e1 dispon\u00edvel para consulta da comunidade cient\u00edfica, ainda n\u00e3o passou pela revis\u00e3o dos pares.<\/p>\n\n\n\n<p>Confira&nbsp;<a href=\"https:\/\/papers.ssrn.com\/sol3\/papers.cfm?abstract_id=4005199\">aqui&nbsp;<\/a>mais detalhes desse estudo.<\/p>\n\n\n\n<p>*<em>Com informa\u00e7\u00f5es do Hran<\/em><\/p>\n\n\n\n<p><strong>Ag\u00eancia Bras\u00edlia* | Edi\u00e7\u00e3o: Chico Neto<\/strong><\/p>\n","protected":false},"excerpt":{"rendered":"<p>Desde o in\u00edcio da pandemia de covid-19, o Hospital Regional da Asa Norte (Hran) tornou-se refer\u00eancia no atendimento e tratamento dos infectados pelo coronav\u00edrus. Um grupo de especialistas da unidade que atuou durante a primeira onda conduziu estudo que agora est\u00e1 dispon\u00edvel na plataforma de pesquisa da&nbsp;The Lancet, revista cient\u00edfica publicada no Reino Unido. Intitulado&nbsp;O [&hellip;]<\/p>\n","protected":false},"author":1,"featured_media":0,"comment_status":"open","ping_status":"open","sticky":false,"template":"","format":"standard","meta":{"footnotes":""},"categories":[],"tags":[],"class_list":["post-5456","post","type-post","status-publish","format-standard","hentry"],"_links":{"self":[{"href":"https:\/\/aguaslindasnoticias.com.br\/index.php\/wp-json\/wp\/v2\/posts\/5456","targetHints":{"allow":["GET"]}}],"collection":[{"href":"https:\/\/aguaslindasnoticias.com.br\/index.php\/wp-json\/wp\/v2\/posts"}],"about":[{"href":"https:\/\/aguaslindasnoticias.com.br\/index.php\/wp-json\/wp\/v2\/types\/post"}],"author":[{"embeddable":true,"href":"https:\/\/aguaslindasnoticias.com.br\/index.php\/wp-json\/wp\/v2\/users\/1"}],"replies":[{"embeddable":true,"href":"https:\/\/aguaslindasnoticias.com.br\/index.php\/wp-json\/wp\/v2\/comments?post=5456"}],"version-history":[{"count":0,"href":"https:\/\/aguaslindasnoticias.com.br\/index.php\/wp-json\/wp\/v2\/posts\/5456\/revisions"}],"wp:attachment":[{"href":"https:\/\/aguaslindasnoticias.com.br\/index.php\/wp-json\/wp\/v2\/media?parent=5456"}],"wp:term":[{"taxonomy":"category","embeddable":true,"href":"https:\/\/aguaslindasnoticias.com.br\/index.php\/wp-json\/wp\/v2\/categories?post=5456"},{"taxonomy":"post_tag","embeddable":true,"href":"https:\/\/aguaslindasnoticias.com.br\/index.php\/wp-json\/wp\/v2\/tags?post=5456"}],"curies":[{"name":"wp","href":"https:\/\/api.w.org\/{rel}","templated":true}]}}