{"id":5455,"date":"2023-01-04T10:13:07","date_gmt":"2023-01-04T13:13:07","guid":{"rendered":"https:\/\/aguaslindasnoticias.com.br\/index.php\/2023\/01\/04\/conselheiros-tutelares-terao-aumento-e-uma-nova-sede-em-santa-maria\/"},"modified":"2023-01-04T10:13:07","modified_gmt":"2023-01-04T13:13:07","slug":"conselheiros-tutelares-terao-aumento-e-uma-nova-sede-em-santa-maria","status":"publish","type":"post","link":"https:\/\/aguaslindasnoticias.com.br\/index.php\/2023\/01\/04\/conselheiros-tutelares-terao-aumento-e-uma-nova-sede-em-santa-maria\/","title":{"rendered":"Conselheiros tutelares ter\u00e3o aumento e uma nova sede em Santa Maria"},"content":{"rendered":"\n<figure class=\"wp-block-image\"><img decoding=\"async\" src=\"http:\/\/agenciabrasilia.df.gov.br\/wp-conteudo\/uploads\/2022\/02\/Dentro-1-Foto-L%C3%BAcio-Bernardo-Jr.jpg\" alt=\"\" class=\"wp-image-378128\"\/><figcaption>O governador Ibaneis Rocha, ao mesmo tempo em que autoriza o in\u00edcio das obras de uma nova unidade do conselho tutelar em Santa Maria, anuncia o envio \u00e0 CLDF de projeto para reajuste da remunera\u00e7\u00e3o da categoria | Foto: Renato Alves \/ Ag\u00eancia Bras\u00edlia<\/figcaption><\/figure>\n\n\n\n<blockquote class=\"wp-block-quote is-layout-flow wp-block-quote-is-layout-flow\"><p>\u201cVamos encaminhar \u00e0 C\u00e2mara Legislativa uma altera\u00e7\u00e3o na remunera\u00e7\u00e3o dos conselheiros tutelares. Um pedido muito antigo da categoria, que desde a sua cria\u00e7\u00e3o, em 2014, n\u00e3o recebia qualquer esp\u00e9cie de reajuste\u201d, afirma o governador Ibaneis Rocha<\/p><\/blockquote>\n\n\n\n<p>O Governo do Distrito Federal (GDF) vai encaminhar um projeto de lei para aumentar a gratifica\u00e7\u00e3o dos cerca de 200 conselheiros tutelares. A medida foi anunciada nesta quarta-feira (16) pelo governador Ibaneis Rocha durante agenda em Santa Maria. Na ocasi\u00e3o, ele autorizou o in\u00edcio da obra de constru\u00e7\u00e3o de uma nova sede para o conselho tutelar na cidade e outras melhorias.<\/p>\n\n\n\n<p>\u201cVamos encaminhar \u00e0 C\u00e2mara Legislativa (CLDF) uma altera\u00e7\u00e3o na remunera\u00e7\u00e3o dos conselheiros tutelares. Um pedido muito antigo da categoria, que desde a sua cria\u00e7\u00e3o, em 2014, n\u00e3o recebia qualquer esp\u00e9cie de reajuste. Vamos fazer essa altera\u00e7\u00e3o na fun\u00e7\u00e3o que eles recebem\u201d, afirma o governador Ibaneis Rocha.<\/p>\n\n\n\n<p>Segundo a secret\u00e1ria de Justi\u00e7a e Cidadania (Sejus), Marcela Passamani, o aumento na remunera\u00e7\u00e3o \u00e9 uma repara\u00e7\u00e3o hist\u00f3rica com os conselheiros. \u201cDesde 2014, quando a categoria passou a ser remunerada, nunca teve aumento. Hoje, o governador muda essa remunera\u00e7\u00e3o, passando de aproximadamente R$ 4,6 mil para R$ 6,5 mil. Isso \u00e9 um grande motivador para que esses conselheiros continuem fazendo esse trabalho de dedica\u00e7\u00e3o exclusiva \u00e0s nossas crian\u00e7as e adolescentes\u201d, aponta.<\/p>\n\n\n\n<figure><iframe src=\"https:\/\/www.youtube.com\/embed\/eDFRDrdR-MU\" width=\"560\" height=\"315\" allowfullscreen=\"allowfullscreen\"><\/iframe><\/figure>\n\n\n\n<p>Os conselhos tutelares foram criados pelo Estatuto da Crian\u00e7a e do Adolescente (ECA) como \u00f3rg\u00e3os aut\u00f4nomos, permanentes e n\u00e3o jurisdicionais, que integram a administra\u00e7\u00e3o p\u00fablica local. No caso do Distrito Federal, s\u00e3o vinculados administrativamente \u00e0 Sejus.<\/p>\n\n\n\n<blockquote class=\"wp-block-quote is-layout-flow wp-block-quote-is-layout-flow\"><p>\u201cSabemos que o conselho tutelar \u00e9 uma das portas de entrada para os servi\u00e7os ofertados pelo governo e, quando soube desse problema na institui\u00e7\u00e3o, fui atr\u00e1s de uma nova sede. Hoje ela tem uma estrutura f\u00edsica digna, mas batalhamos e conseguimos uma sede pr\u00f3pria\u201d, acrescenta a secret\u00e1ria de Justi\u00e7a e Cidadania, Marcela Passamani<\/p><\/blockquote>\n\n\n\n<p>Eleitos pelos cidad\u00e3os, os conselheiros t\u00eam a miss\u00e3o de garantir que as crian\u00e7as e adolescentes tenham todos os seus direitos respeitados e s\u00e3o respons\u00e1veis, por exemplo, por receber den\u00fancias de situa\u00e7\u00f5es de viol\u00eancia, como neglig\u00eancia, maus-tratos e explora\u00e7\u00e3o sexual.<\/p>\n\n\n\n<p><strong>Nova sede<\/strong><\/p>\n\n\n\n<p>Pensando justamente no cuidado das crian\u00e7as e adolescentes, o GDF tirou do papel a constru\u00e7\u00e3o de uma nova sede em Santa Maria. A cidade conta com duas unidades, a de Santa Maria I (Sul) e Santa Maria II (Norte) \u2013 sendo que esta ocupa um espa\u00e7o alugado e, agora, vai ganhar uma sede pr\u00f3pria.<\/p>\n\n\n\n<p>\u201cSabemos que o conselho tutelar \u00e9 uma das portas de entrada para os servi\u00e7os ofertados pelo governo e, quando soube desse problema na institui\u00e7\u00e3o, fui atr\u00e1s de uma nova sede. Hoje ela tem uma estrutura f\u00edsica digna, mas batalhamos e conseguimos uma sede pr\u00f3pria\u201d, acrescenta Marcela Passamani.<\/p>\n\n\n\n<p>O Conselho Tutelar de Santa Maria II (Norte) foi criado em 2009 e ocupava-se em espa\u00e7o cedido pela administra\u00e7\u00e3o regional. A estrutura era prec\u00e1ria, com infiltra\u00e7\u00f5es, problemas na redes el\u00e9trica e hidr\u00e1ulica, entre outros problemas. O GDF providenciou uma nova sede em estrutura adequada, por\u00e9m, alugada.<\/p>\n\n\n\n<p>A unidade que ser\u00e1 constru\u00edda vai contar com espa\u00e7o planejado, incluindo parque recreativo de areia, salas pr\u00f3prias para conselheiros tutelares e banheiros com acessibilidade, al\u00e9m de sala de reuni\u00e3o e estacionamento.<\/p>\n\n\n\n<p>Administradora e moradora da cidade, Marileide Rom\u00e3o comemora a constru\u00e7\u00e3o da nova sede. \u201cVivemos um momento de mudan\u00e7a, de transforma\u00e7\u00e3o e renova\u00e7\u00e3o da cidade, e isso passa por todas essas e outras obras anunciadas e entregues\u201d, aponta.<\/p>\n\n\n\n<p><strong>Ian Ferraz, da Ag\u00eancia Bras\u00edlia | Edi\u00e7\u00e3o: Saulo Moreno<\/strong><\/p>\n","protected":false},"excerpt":{"rendered":"<p>\u201cVamos encaminhar \u00e0 C\u00e2mara Legislativa uma altera\u00e7\u00e3o na remunera\u00e7\u00e3o dos conselheiros tutelares. Um pedido muito antigo da categoria, que desde a sua cria\u00e7\u00e3o, em 2014, n\u00e3o recebia qualquer esp\u00e9cie de reajuste\u201d, afirma o governador Ibaneis Rocha O Governo do Distrito Federal (GDF) vai encaminhar um projeto de lei para aumentar a gratifica\u00e7\u00e3o dos cerca de [&hellip;]<\/p>\n","protected":false},"author":1,"featured_media":0,"comment_status":"open","ping_status":"open","sticky":false,"template":"","format":"standard","meta":{"footnotes":""},"categories":[],"tags":[],"class_list":["post-5455","post","type-post","status-publish","format-standard","hentry"],"_links":{"self":[{"href":"https:\/\/aguaslindasnoticias.com.br\/index.php\/wp-json\/wp\/v2\/posts\/5455","targetHints":{"allow":["GET"]}}],"collection":[{"href":"https:\/\/aguaslindasnoticias.com.br\/index.php\/wp-json\/wp\/v2\/posts"}],"about":[{"href":"https:\/\/aguaslindasnoticias.com.br\/index.php\/wp-json\/wp\/v2\/types\/post"}],"author":[{"embeddable":true,"href":"https:\/\/aguaslindasnoticias.com.br\/index.php\/wp-json\/wp\/v2\/users\/1"}],"replies":[{"embeddable":true,"href":"https:\/\/aguaslindasnoticias.com.br\/index.php\/wp-json\/wp\/v2\/comments?post=5455"}],"version-history":[{"count":0,"href":"https:\/\/aguaslindasnoticias.com.br\/index.php\/wp-json\/wp\/v2\/posts\/5455\/revisions"}],"wp:attachment":[{"href":"https:\/\/aguaslindasnoticias.com.br\/index.php\/wp-json\/wp\/v2\/media?parent=5455"}],"wp:term":[{"taxonomy":"category","embeddable":true,"href":"https:\/\/aguaslindasnoticias.com.br\/index.php\/wp-json\/wp\/v2\/categories?post=5455"},{"taxonomy":"post_tag","embeddable":true,"href":"https:\/\/aguaslindasnoticias.com.br\/index.php\/wp-json\/wp\/v2\/tags?post=5455"}],"curies":[{"name":"wp","href":"https:\/\/api.w.org\/{rel}","templated":true}]}}