{"id":5454,"date":"2023-01-04T10:13:07","date_gmt":"2023-01-04T13:13:07","guid":{"rendered":"https:\/\/aguaslindasnoticias.com.br\/index.php\/2023\/01\/04\/mudanca-para-os-passageiros-que-utilizam-a-rodoviaria-do-gama\/"},"modified":"2023-01-04T10:13:07","modified_gmt":"2023-01-04T13:13:07","slug":"mudanca-para-os-passageiros-que-utilizam-a-rodoviaria-do-gama","status":"publish","type":"post","link":"https:\/\/aguaslindasnoticias.com.br\/index.php\/2023\/01\/04\/mudanca-para-os-passageiros-que-utilizam-a-rodoviaria-do-gama\/","title":{"rendered":"Mudan\u00e7a para os passageiros que utilizam a Rodovi\u00e1ria do Gama"},"content":{"rendered":"\n<p>Os passageiros que utilizam as linhas do sistema de transporte p\u00fablico coletivo na Rodovi\u00e1ria do Gama, localizada no Setor Central da cidade, devem ficar atentos. A partir deste domingo (20), 17 linhas que utilizam o terminal como ponto de controle ser\u00e3o remanejadas temporariamente, por conta da obra que est\u00e1 sendo realizada na estrutura. Com isso, haver\u00e1 mudan\u00e7a no local de embarque e desembarque dos passageiros que costumam utilizar o terminal.<\/p>\n\n\n\n<p>Onze linhas passam a operar no Terminal do Gama Sul, duas no Terminal de Integra\u00e7\u00e3o do BRT do Gama e outras quatro no Terminal de Integra\u00e7\u00e3o do BRT de Santa Maria. A previs\u00e3o \u00e9 que a nova opera\u00e7\u00e3o dure 16 meses, prazo para a reforma ser conclu\u00edda.<\/p>\n\n\n\n<figure class=\"wp-block-image\"><img decoding=\"async\" src=\"http:\/\/agenciabrasilia.df.gov.br\/wp-conteudo\/uploads\/2022\/02\/WhatsApp-Image-2022-02-16-at-16.39.44.jpeg\" alt=\"\" class=\"wp-image-378305\"\/><figcaption>A reforma do Terminal de \u00d4nibus do Gama, que vai custar R$ 5,5 milh\u00f5es, est\u00e1 prevista para durar 16 meses, per\u00edodo durante o qual 17 linhas que operam no local ficar\u00e3o circulando a partir de outros terminais | Foto: Divulga\u00e7\u00e3o\/Semob-DF<\/figcaption><\/figure>\n\n\n\n<p>\u201cDurante esse per\u00edodo, todas as linhas v\u00e3o continuar atendendo aos passageiros nos abrigos provis\u00f3rios que foram instalados nas imedia\u00e7\u00f5es do terminal, no estacionamento do Edif\u00edcio Gama Center\u201d, explica o subsecret\u00e1rio de Opera\u00e7\u00f5es da Secretaria de Transporte e Mobilidade (Semob), M\u00e1rcio Ant\u00f4nio de Jesus.<\/p>\n\n\n\n<blockquote class=\"wp-block-quote is-layout-flow wp-block-quote-is-layout-flow\"><p>O projeto contempla a atualiza\u00e7\u00e3o das redes de instala\u00e7\u00e3o de \u00e1gua, esgoto, el\u00e9trica, telef\u00f4nica, bem como refor\u00e7o na preven\u00e7\u00e3o contra inc\u00eandio e na acessibilidade. Entre os boxes de paradas dos \u00f4nibus ser\u00e3o constru\u00eddas cal\u00e7adas com piso t\u00e1til<\/p><\/blockquote>\n\n\n\n<p>Com essas mudan\u00e7as, as linhas 251.6, 251.7, 251.8 e 271.3 deixam de operar com sentidos de ida e volta, passando a funcionar como circular, com ponto de controle somente no Terminal de Integra\u00e7\u00e3o BRT de Santa Maria, com o mesmo n\u00famero de viagens atual.<\/p>\n\n\n\n<p>J\u00e1 as linhas que ter\u00e3o seu ponto de controle alterado para o Terminal Sul do Gama acrescentar\u00e3o \u00e0 sua extens\u00e3o aproximadamente 3,9 km em cada sentido, mantendo o restante do itiner\u00e1rio da linha conforme o operado atualmente.<\/p>\n\n\n\n<p>Por sua vez, as linhas do Servi\u00e7o de Transporte Semiurbano do Entorno e as rurais n\u00e3o ser\u00e3o impactadas, permanecendo com a opera\u00e7\u00e3o na Rodovi\u00e1ria do Gama.<\/p>\n\n\n\n<p><strong>Reforma<\/strong><\/p>\n\n\n\n<p>A primeira etapa da reforma da Rodovi\u00e1ria do Gama come\u00e7ou a ser realizada em dezembro do ano passado. A conclus\u00e3o da obra deve acontecer em at\u00e9 18 meses ap\u00f3s a assinatura do contrato, cujo valor \u00e9 de R$ 5.560.672,87. A obra ser\u00e1 completa e o terminal ser\u00e1 modernizado e adequado para atender a atual demanda de transporte p\u00fablico.<\/p>\n\n\n\n<p>O projeto contempla a atualiza\u00e7\u00e3o das redes de instala\u00e7\u00e3o de \u00e1gua, esgoto, el\u00e9trica, telef\u00f4nica, bem como refor\u00e7o na preven\u00e7\u00e3o contra inc\u00eandio e na acessibilidade. Entre os boxes de paradas dos \u00f4nibus ser\u00e3o constru\u00eddas cal\u00e7adas com piso t\u00e1til. Os degraus das plataformas e da \u00e1rea comercial ser\u00e3o retirados.<\/p>\n\n\n\n<p>As melhorias visam garantir aos usu\u00e1rios do terminal maior seguran\u00e7a para as pessoas com defici\u00eancia f\u00edsica ou quaisquer dificuldades de locomo\u00e7\u00e3o.<\/p>\n\n\n\n<p><strong>Confira onde vai operar cada uma das 17 linhas a partir de domingo (20):<\/strong><\/p>\n\n\n\n<figure class=\"wp-block-image\"><img decoding=\"async\" src=\"http:\/\/agenciabrasilia.df.gov.br\/wp-conteudo\/uploads\/2022\/02\/WhatsApp-Image-2022-02-16-at-17.51.44.jpeg\" alt=\"\" class=\"wp-image-378335\"\/><figcaption>Arte: Semob-DF<\/figcaption><\/figure>\n\n\n\n<p><em><br>*Com informa\u00e7\u00f5es da Semob-DF<\/em><\/p>\n\n\n\n<p><strong>Ag\u00eancia Bras\u00edlia* | Edi\u00e7\u00e3o: Saulo Moreno<\/strong><\/p>\n","protected":false},"excerpt":{"rendered":"<p>Os passageiros que utilizam as linhas do sistema de transporte p\u00fablico coletivo na Rodovi\u00e1ria do Gama, localizada no Setor Central da cidade, devem ficar atentos. A partir deste domingo (20), 17 linhas que utilizam o terminal como ponto de controle ser\u00e3o remanejadas temporariamente, por conta da obra que est\u00e1 sendo realizada na estrutura. Com isso, [&hellip;]<\/p>\n","protected":false},"author":1,"featured_media":0,"comment_status":"open","ping_status":"open","sticky":false,"template":"","format":"standard","meta":{"footnotes":""},"categories":[],"tags":[],"class_list":["post-5454","post","type-post","status-publish","format-standard","hentry"],"_links":{"self":[{"href":"https:\/\/aguaslindasnoticias.com.br\/index.php\/wp-json\/wp\/v2\/posts\/5454","targetHints":{"allow":["GET"]}}],"collection":[{"href":"https:\/\/aguaslindasnoticias.com.br\/index.php\/wp-json\/wp\/v2\/posts"}],"about":[{"href":"https:\/\/aguaslindasnoticias.com.br\/index.php\/wp-json\/wp\/v2\/types\/post"}],"author":[{"embeddable":true,"href":"https:\/\/aguaslindasnoticias.com.br\/index.php\/wp-json\/wp\/v2\/users\/1"}],"replies":[{"embeddable":true,"href":"https:\/\/aguaslindasnoticias.com.br\/index.php\/wp-json\/wp\/v2\/comments?post=5454"}],"version-history":[{"count":0,"href":"https:\/\/aguaslindasnoticias.com.br\/index.php\/wp-json\/wp\/v2\/posts\/5454\/revisions"}],"wp:attachment":[{"href":"https:\/\/aguaslindasnoticias.com.br\/index.php\/wp-json\/wp\/v2\/media?parent=5454"}],"wp:term":[{"taxonomy":"category","embeddable":true,"href":"https:\/\/aguaslindasnoticias.com.br\/index.php\/wp-json\/wp\/v2\/categories?post=5454"},{"taxonomy":"post_tag","embeddable":true,"href":"https:\/\/aguaslindasnoticias.com.br\/index.php\/wp-json\/wp\/v2\/tags?post=5454"}],"curies":[{"name":"wp","href":"https:\/\/api.w.org\/{rel}","templated":true}]}}