{"id":5451,"date":"2023-01-04T10:13:07","date_gmt":"2023-01-04T13:13:07","guid":{"rendered":"https:\/\/aguaslindasnoticias.com.br\/index.php\/2023\/01\/04\/escolas-tem-r-454-milhoes-para-iniciar-ano-letivo\/"},"modified":"2023-01-04T10:13:07","modified_gmt":"2023-01-04T13:13:07","slug":"escolas-tem-r-454-milhoes-para-iniciar-ano-letivo","status":"publish","type":"post","link":"https:\/\/aguaslindasnoticias.com.br\/index.php\/2023\/01\/04\/escolas-tem-r-454-milhoes-para-iniciar-ano-letivo\/","title":{"rendered":"Escolas t\u00eam R$ 45,4 milh\u00f5es para iniciar ano letivo"},"content":{"rendered":"\n<p>As escolas p\u00fablicas do Distrito Federal e as coordena\u00e7\u00f5es regionais de ensino ser\u00e3o beneficiadas com R$ 45.444.734,00 do Programa de Descentraliza\u00e7\u00e3o Administrativa e Financeira (Pdaf) no primeiro semestre. O montante foi liberado pela Secretaria de Educa\u00e7\u00e3o do Distrito Federal por meio das portarias n\u00ba 89 e n\u00ba 81, publicadas no Di\u00e1rio Oficial do DF desta quinta-feira (10) e de ter\u00e7a-feira (8), respectivamente.<\/p>\n\n\n\n<p>O valor dever\u00e1 ser suplementado ao longo do ano. Os recursos ser\u00e3o utilizados para despesas de custeio: aquisi\u00e7\u00e3o de materiais de consumo, contrata\u00e7\u00e3o de servi\u00e7os de pessoa f\u00edsica ou jur\u00eddica, e realiza\u00e7\u00e3o de manuten\u00e7\u00e3o nos pr\u00e9dios, entre outras.<\/p>\n\n\n\n<figure class=\"wp-block-image\"><img decoding=\"async\" src=\"http:\/\/www.agenciabrasilia.df.gov.br\/wp-conteudo\/uploads\/2022\/02\/WhatsApp-Image-2022-02-10-at-19.20.19-1.jpeg\" alt=\"\" class=\"wp-image-376676\"\/><figcaption>As escolas p\u00fablicas do Distrito Federal e as regionais de ensino ser\u00e3o beneficiadas neste semestre com R$ 45.444.734,00 do Pdaf | Foto: \u00c1lvaro Henrique\/SEEDF<\/figcaption><\/figure>\n\n\n\n<p>A portaria publicada informa crit\u00e9rios de c\u00e1lculos para os repasses. As escolas ir\u00e3o receber um valor-base, a partir das informa\u00e7\u00f5es do censo escolar de 2021. O valor de R$ 55 por estudante ser\u00e1 pago para as institui\u00e7\u00f5es de ensino com servi\u00e7os terceirizados de conserva\u00e7\u00e3o e limpeza, e R$ 65 para as que n\u00e3o possuem.<\/p>\n\n\n\n<p>Al\u00e9m disso, foram estabelecidos crit\u00e9rios para as escolas que t\u00eam atendimentos diferenciados, como ensino especial e educa\u00e7\u00e3o integral, que recebem adicional por estudante, em raz\u00e3o da especificidade do atendimento, conforme detalhado na portaria.<\/p>\n\n\n\n<p><strong>Conquista<\/strong><\/p>\n\n\n\n<p>A diretora Ana Paula Salim, do Centro de Ensino Fundamental 306 Norte, que atende 470 alunos, vai receber neste primeiro momento R$ 25.052,50. Ela avalia o Pdaf como uma grande conquista para a comunidade escolar.<\/p>\n\n\n\n<p>\u201cDesde a cria\u00e7\u00e3o do programa, as escolas passaram a ter mais autonomia e, dessa maneira, podem adquirir materiais que atendem melhor as necessidades dos alunos e as propostas pedag\u00f3gicas\u201d, pontua. A celeridade no processo de compra e at\u00e9 mesmo de servi\u00e7os tamb\u00e9m s\u00e3o pontos de destaque para a diretora.<\/p>\n\n\n\n<blockquote class=\"wp-block-quote is-layout-flow wp-block-quote-is-layout-flow\"><p>Foram estabelecidos crit\u00e9rios para as escolas que t\u00eam atendimentos diferenciados, tais como ensino especial e educa\u00e7\u00e3o integral, que recebem adicional por estudante, em raz\u00e3o da especificidade do atendimento<\/p><\/blockquote>\n\n\n\n<p>As escolas da regional de ensino de Ceil\u00e2ndia, com 90 mil estudantes, receber\u00e3o um total de R$ 730 mil. O coordenador regional de ensino, Carlos Ney Cavalcante, comemora o programa. \u201cEle garantiu um avan\u00e7o significativo na qualidade da estrutura das escolas\u201d, avalia.<\/p>\n\n\n\n<p>Carlo Ney destaca que o programa tamb\u00e9m \u00e9 o respons\u00e1vel por estreitar a proximidade entre os atores da comunidade escolar: pais, alunos e gestores. \u201cV\u00e1rias unidades de ensino passaram a escutar mais a popula\u00e7\u00e3o e a realizar melhorias atendendo aqueles que, de fato, mais usam os espa\u00e7os\u201d, observa o coordenador regional.<\/p>\n\n\n\n<div class=\"wp-block-image\"><figure class=\"aligncenter\"><img decoding=\"async\" src=\"http:\/\/www.agenciabrasilia.df.gov.br\/wp-conteudo\/uploads\/2022\/02\/WhatsApp-Image-2022-02-10-at-19.37.16.jpeg\" alt=\"\" class=\"wp-image-376692\"\/><\/figure><\/div>\n\n\n\n<p><strong>Regionais de ensino<\/strong><\/p>\n\n\n\n<p>A Portaria n\u00b0 81 garantiu R$ 5.000.073,00 do Pdaf para atender as 14 coordena\u00e7\u00f5es regionais de ensino, na categoria de despesas de capital. Ou seja, aquisi\u00e7\u00e3o de materiais permanentes, aqueles que se incorporam ao patrim\u00f4nio, como computadores, impressoras, mobili\u00e1rio, entre outros.<\/p>\n\n\n\n<p>A coordenadora da regional de ensino de S\u00e3o Sebasti\u00e3o, Luciana Pontes Dias, define o programa como revolucion\u00e1rio. \u201cPassamos a viver outra realidade. Deixamos de sofrer com falta de manuten\u00e7\u00e3o b\u00e1sica, com escassez de materiais e de recursos pedag\u00f3gicos para o atendimento aos alunos. O gestor, que \u00e9 quem est\u00e1 diariamente na escola e conhece sua realidade, ganhou autonomia para promover melhorias no ambiente escolar. Isso faz toda a diferen\u00e7a\u201d, comenta.<\/p>\n\n\n\n<div class=\"wp-block-image\"><figure class=\"aligncenter\"><img decoding=\"async\" src=\"http:\/\/www.agenciabrasilia.df.gov.br\/wp-conteudo\/uploads\/2022\/02\/WhatsApp-Image-2022-02-10-at-19.37.16-2.jpeg\" alt=\"\" class=\"wp-image-376690\"\/><\/figure><\/div>\n\n\n\n<p>Tamb\u00e9m foram liberados para as regionais de ensino do N\u00facleo Bandeirante, Plano Piloto e Taguatinga recursos de emendas parlamentares, por meio das portarias n\u00ba 68, 69, 70 e 71, publicadas no Di\u00e1rio Oficial do DF de 8 de fevereiro. Os valores somam R$ 1.645.000,00 e ser\u00e3o utilizados com despesas de capital e de custeio.<\/p>\n\n\n\n<p><strong>Mais recursos<\/strong><\/p>\n\n\n\n<p>O coordenador da regional de ensino de Taguatinga, Murilo Marconi, afirma que este \u00e9 um dos principais programas do Governo do Distrito Federal. \u201c\u00c9 de grande import\u00e2ncia para a consolida\u00e7\u00e3o das regionais e das unidades escolares. Atende nossas demandas desde a compra de materiais pedag\u00f3gicos at\u00e9 obras e reparos necess\u00e1rios\u201d, observa.<\/p>\n\n\n\n<div class=\"wp-block-image\"><figure class=\"aligncenter\"><img decoding=\"async\" src=\"http:\/\/www.agenciabrasilia.df.gov.br\/wp-conteudo\/uploads\/2022\/02\/WhatsApp-Image-2022-02-10-at-19.37.16-1.jpeg\" alt=\"\" class=\"wp-image-376691\"\/><\/figure><\/div>\n\n\n\n<p><em><br>*Com informa\u00e7\u00f5es da Secretaria de Educa\u00e7\u00e3o<\/em><\/p>\n\n\n\n<p><strong>Ag\u00eancia Bras\u00edlia* | Edi\u00e7\u00e3o: Renata Lu<\/strong><\/p>\n","protected":false},"excerpt":{"rendered":"<p>As escolas p\u00fablicas do Distrito Federal e as coordena\u00e7\u00f5es regionais de ensino ser\u00e3o beneficiadas com R$ 45.444.734,00 do Programa de Descentraliza\u00e7\u00e3o Administrativa e Financeira (Pdaf) no primeiro semestre. O montante foi liberado pela Secretaria de Educa\u00e7\u00e3o do Distrito Federal por meio das portarias n\u00ba 89 e n\u00ba 81, publicadas no Di\u00e1rio Oficial do DF desta [&hellip;]<\/p>\n","protected":false},"author":1,"featured_media":0,"comment_status":"open","ping_status":"open","sticky":false,"template":"","format":"standard","meta":{"footnotes":""},"categories":[],"tags":[],"class_list":["post-5451","post","type-post","status-publish","format-standard","hentry"],"_links":{"self":[{"href":"https:\/\/aguaslindasnoticias.com.br\/index.php\/wp-json\/wp\/v2\/posts\/5451","targetHints":{"allow":["GET"]}}],"collection":[{"href":"https:\/\/aguaslindasnoticias.com.br\/index.php\/wp-json\/wp\/v2\/posts"}],"about":[{"href":"https:\/\/aguaslindasnoticias.com.br\/index.php\/wp-json\/wp\/v2\/types\/post"}],"author":[{"embeddable":true,"href":"https:\/\/aguaslindasnoticias.com.br\/index.php\/wp-json\/wp\/v2\/users\/1"}],"replies":[{"embeddable":true,"href":"https:\/\/aguaslindasnoticias.com.br\/index.php\/wp-json\/wp\/v2\/comments?post=5451"}],"version-history":[{"count":0,"href":"https:\/\/aguaslindasnoticias.com.br\/index.php\/wp-json\/wp\/v2\/posts\/5451\/revisions"}],"wp:attachment":[{"href":"https:\/\/aguaslindasnoticias.com.br\/index.php\/wp-json\/wp\/v2\/media?parent=5451"}],"wp:term":[{"taxonomy":"category","embeddable":true,"href":"https:\/\/aguaslindasnoticias.com.br\/index.php\/wp-json\/wp\/v2\/categories?post=5451"},{"taxonomy":"post_tag","embeddable":true,"href":"https:\/\/aguaslindasnoticias.com.br\/index.php\/wp-json\/wp\/v2\/tags?post=5451"}],"curies":[{"name":"wp","href":"https:\/\/api.w.org\/{rel}","templated":true}]}}