{"id":5450,"date":"2023-01-04T10:13:07","date_gmt":"2023-01-04T13:13:07","guid":{"rendered":"https:\/\/aguaslindasnoticias.com.br\/index.php\/2023\/01\/04\/df-aplica-dose-de-reforco-com-imunizante-da-astrazeneca-ou-janssen\/"},"modified":"2023-01-04T10:13:07","modified_gmt":"2023-01-04T13:13:07","slug":"df-aplica-dose-de-reforco-com-imunizante-da-astrazeneca-ou-janssen","status":"publish","type":"post","link":"https:\/\/aguaslindasnoticias.com.br\/index.php\/2023\/01\/04\/df-aplica-dose-de-reforco-com-imunizante-da-astrazeneca-ou-janssen\/","title":{"rendered":"DF aplica dose de refor\u00e7o com imunizante da AstraZeneca ou Janssen"},"content":{"rendered":"\n<p>A partir desta sexta-feira (11), a dose de refor\u00e7o da vacina contra a covid-19 ser\u00e1 aplicada no Distrito Federal com os imunizantes AstraZeneca ou Janssen. A mudan\u00e7a vale at\u00e9 a chegada de lotes adicionais da Pfizer-BioNTech.<\/p>\n\n\n\n<p>Dessa forma, maiores de 18 anos que tiverem recebido a segunda dose h\u00e1 pelo menos quatro meses ser\u00e3o imunizados com AstraZeneca ou Janssen como refor\u00e7o, independentemente de a primeira e a segunda doses terem sido de AstraZeneca, CoronaVac ou Pfizer. J\u00e1 para quem recebeu a Janssen, o modelo continua o mesmo: a dose de refor\u00e7o deve ser aplicada dois meses depois.<\/p>\n\n\n\n<figure class=\"wp-block-image\"><img decoding=\"async\" src=\"http:\/\/agenciabrasilia.df.gov.br\/wp-conteudo\/uploads\/2022\/02\/11.2.-Dose-de-refor%C3%A7o-Vacina%C3%A7%C3%A3o-contra-a-covid-19-Foto-Geovana-Albuquerque-Arquivo-Ag%C3%AAncia-Sa%C3%BAde-.jpg\" alt=\"\" class=\"wp-image-376764\"\/><figcaption>Maiores de 18 anos que tomaram a segunda dose h\u00e1 pelo menos quatro meses poder\u00e3o receber qualquer uma das tr\u00eas vacinas como refor\u00e7o | Foto: Geovana Albuquerque\/Arquivo Ag\u00eancia Sa\u00fade<\/figcaption><\/figure>\n\n\n\n<p>Gr\u00e1vidas e pu\u00e9rperas, por sua vez, devem receber a dose de refor\u00e7o da Pfizer quatro meses ap\u00f3s a segunda dose. Nesse caso, a mulher precisa levar um exame que comprove a gesta\u00e7\u00e3o.<\/p>\n\n\n\n<blockquote class=\"wp-block-quote is-layout-flow wp-block-quote-is-layout-flow\"><p>Al\u00e9m do material dispon\u00edvel nos pontos de vacina\u00e7\u00e3o, Secretaria de Sa\u00fade conta com mais de 76 mil doses da Pfizer na Rede de Frio Central<\/p><\/blockquote>\n\n\n\n<p>Quem recebeu a primeira dose da Pfizer-BioNTech tem a sua segunda dose garantida com esse mesmo imunizante. J\u00e1 aqueles que forem tomar a primeira dose podem decidir entre AstraZeneca, CoronaVac ou Janssen. Adolescentes de 12 a 17 anos imunossuprimidos devem receber o imunizante Pfizer.<\/p>\n\n\n\n<p>O comit\u00ea gestor de operacionaliza\u00e7\u00e3o da vacina\u00e7\u00e3o contra a covid-19 da Secretaria de Sa\u00fade (SES) trabalha para manter as altera\u00e7\u00f5es nas regras at\u00e9 a chegada de mais doses da Pfizer, seguindo orienta\u00e7\u00e3o do Minist\u00e9rio da Sa\u00fade. Hoje, a secretaria conta com 76.050 doses do imunizante na Rede de Frio Central, al\u00e9m do que j\u00e1 est\u00e1 nos locais de vacina\u00e7\u00e3o.<\/p>\n\n\n\n<p>N\u00e3o h\u00e1 altera\u00e7\u00e3o prevista para a vacina\u00e7\u00e3o infantil. Crian\u00e7as de 6 a 11 anos s\u00e3o imunizadas com CoronaVac. J\u00e1 as de 5 anos ou imunossuprimidas recebem a vers\u00e3o infantil do imunizante da Pfizer-BioNTech.<\/p>\n\n\n\n<p>*<em>Com informa\u00e7\u00f5es da Secretaria de Sa\u00fade<\/em><\/p>\n\n\n\n<p><strong>Ag\u00eancia Bras\u00edlia* | Edi\u00e7\u00e3o: Chico Neto<\/strong><\/p>\n","protected":false},"excerpt":{"rendered":"<p>A partir desta sexta-feira (11), a dose de refor\u00e7o da vacina contra a covid-19 ser\u00e1 aplicada no Distrito Federal com os imunizantes AstraZeneca ou Janssen. A mudan\u00e7a vale at\u00e9 a chegada de lotes adicionais da Pfizer-BioNTech. Dessa forma, maiores de 18 anos que tiverem recebido a segunda dose h\u00e1 pelo menos quatro meses ser\u00e3o imunizados [&hellip;]<\/p>\n","protected":false},"author":1,"featured_media":0,"comment_status":"open","ping_status":"open","sticky":false,"template":"","format":"standard","meta":{"footnotes":""},"categories":[],"tags":[],"class_list":["post-5450","post","type-post","status-publish","format-standard","hentry"],"_links":{"self":[{"href":"https:\/\/aguaslindasnoticias.com.br\/index.php\/wp-json\/wp\/v2\/posts\/5450","targetHints":{"allow":["GET"]}}],"collection":[{"href":"https:\/\/aguaslindasnoticias.com.br\/index.php\/wp-json\/wp\/v2\/posts"}],"about":[{"href":"https:\/\/aguaslindasnoticias.com.br\/index.php\/wp-json\/wp\/v2\/types\/post"}],"author":[{"embeddable":true,"href":"https:\/\/aguaslindasnoticias.com.br\/index.php\/wp-json\/wp\/v2\/users\/1"}],"replies":[{"embeddable":true,"href":"https:\/\/aguaslindasnoticias.com.br\/index.php\/wp-json\/wp\/v2\/comments?post=5450"}],"version-history":[{"count":0,"href":"https:\/\/aguaslindasnoticias.com.br\/index.php\/wp-json\/wp\/v2\/posts\/5450\/revisions"}],"wp:attachment":[{"href":"https:\/\/aguaslindasnoticias.com.br\/index.php\/wp-json\/wp\/v2\/media?parent=5450"}],"wp:term":[{"taxonomy":"category","embeddable":true,"href":"https:\/\/aguaslindasnoticias.com.br\/index.php\/wp-json\/wp\/v2\/categories?post=5450"},{"taxonomy":"post_tag","embeddable":true,"href":"https:\/\/aguaslindasnoticias.com.br\/index.php\/wp-json\/wp\/v2\/tags?post=5450"}],"curies":[{"name":"wp","href":"https:\/\/api.w.org\/{rel}","templated":true}]}}