{"id":5449,"date":"2023-01-04T10:13:07","date_gmt":"2023-01-04T13:13:07","guid":{"rendered":"https:\/\/aguaslindasnoticias.com.br\/index.php\/2023\/01\/04\/distritais-querem-estender-beneficios-para-policiais-aos-demais-servidores\/"},"modified":"2023-01-04T10:13:07","modified_gmt":"2023-01-04T13:13:07","slug":"distritais-querem-estender-beneficios-para-policiais-aos-demais-servidores","status":"publish","type":"post","link":"https:\/\/aguaslindasnoticias.com.br\/index.php\/2023\/01\/04\/distritais-querem-estender-beneficios-para-policiais-aos-demais-servidores\/","title":{"rendered":"Distritais querem estender benef\u00edcios para policiais aos demais servidores"},"content":{"rendered":"\n<p>Foto: Carlos Gandra\/CLDF<\/p>\n\n\n\n<figure class=\"wp-block-image\"><img decoding=\"async\" src=\"https:\/\/www.cl.df.gov.br\/documents\/10162\/25476179\/2211193CG+%28110%29.jpg\/fa8bb239-4a11-1906-ee00-b899a294dd3c?t=1644438695003\" alt=\"#\"\/><\/figure>\n\n\n\n<p>A chegada \u00e0 C\u00e2mara Legislativa de proposta, encaminhada pelo GDF, para aumentar o valor do aux\u00edlio alimenta\u00e7\u00e3o para os policiais civis, entre outras medidas, levou os deputados distritais a se mobilizarem a favor das demais categorias de servidores p\u00fablicos, sejam civis ou militares. V\u00e1rios parlamentares trataram do tema durante a sess\u00e3o ordin\u00e1ria realizada na tarde desta quarta-feira (9).<\/p>\n\n\n\n<p><img decoding=\"async\" width=\"415\" src=\"https:\/\/www.cl.df.gov.br\/documents\/10162\/25476179\/2211193CG+%28111%29.jpg\/250511fc-87d4-14c6-f92c-3d47b6c5105d?t=1644438695128\">Na opini\u00e3o de Roosevelt Vilela (PSB), que \u00e9 oriundo do Corpo de Bombeiros do DF, as concess\u00f5es aos policiais s\u00e3o justas. Por\u00e9m, segundo ele, o governador precisa cumprir o que prometeu a respeito da isonomia entre as for\u00e7as de seguran\u00e7a do DF, que inclui ainda a Pol\u00edcia Militar. Ele discorreu sobre a necessidade de estabelecer v\u00e1rias medidas, entre elas, a reposi\u00e7\u00e3o salarial, para os servidores da seguran\u00e7a p\u00fablica. \u201cSeriam necess\u00e1rios 37% somente para corrigir as perdas inflacion\u00e1rias\u201d, calculou.<\/p>\n\n\n\n<p>O deputado Professor Reginaldo Veras (PDT) afirmou que \u00e9 \u201cpreciso ampliar o debate sobre a situa\u00e7\u00e3o de todos os servidores, da educa\u00e7\u00e3o, sa\u00fade, assist\u00eancia social, bem como da administra\u00e7\u00e3o direta, que est\u00e3o h\u00e1 10 anos sem aumento\u201d. Ele lembrou que o vale alimenta\u00e7\u00e3o, que o projeto de lei n\u00ba&nbsp; 2.515\/2022 pretende majorar para uma \u00fanica categoria\u201d, no caso dos professores, \u00e9 de R$ 320,00.<\/p>\n\n\n\n<p>Por seu turno, o deputado Agaciel Maia (PL) reivindicou a extens\u00e3o do aux\u00edlio alimenta\u00e7\u00e3o tamb\u00e9m para os servidores terceirizados. No que foi seguido por Eduardo Pedrosa (DEM) e Arlete Sampaio (PT). Enquanto o deputado Guarda Janio (Pros), referindo-se ao discurso proferido por Roosevelt Vilela, apoiou a isen\u00e7\u00e3o do imposto de renda sobre a gratifica\u00e7\u00e3o a t\u00edtulo de servi\u00e7o volunt\u00e1rio na \u00e1rea de seguran\u00e7a.<\/p>\n\n\n\n<figure class=\"wp-block-image\"><img decoding=\"async\" src=\"https:\/\/www.cl.df.gov.br\/documents\/10162\/25476179\/2211193CG+%2814%29.jpg\/09985220-7d4d-d976-7d6a-44a16a7e9eeb?t=1644438695581\" alt=\"\"\/><\/figure>\n\n\n\n<p><br>O deputado Reginaldo Sardinha (Avante) discordou da postura dos colegas. Na opini\u00e3o dele, a tribuna n\u00e3o deve ser usada \u201cpara falar que determinada categoria est\u00e1 ganhando benef\u00edcios\u201d. O parlamentar defendeu que \u00e9 necess\u00e1rio aceitar a decis\u00e3o do governo e fazer gest\u00f5es a respeito dos demais servidores.<\/p>\n\n\n\n<p><strong>Marco T\u00falio Alencar &#8211; Ag\u00eancia CLDF<\/strong><\/p>\n","protected":false},"excerpt":{"rendered":"<p>Foto: Carlos Gandra\/CLDF A chegada \u00e0 C\u00e2mara Legislativa de proposta, encaminhada pelo GDF, para aumentar o valor do aux\u00edlio alimenta\u00e7\u00e3o para os policiais civis, entre outras medidas, levou os deputados distritais a se mobilizarem a favor das demais categorias de servidores p\u00fablicos, sejam civis ou militares. V\u00e1rios parlamentares trataram do tema durante a sess\u00e3o ordin\u00e1ria [&hellip;]<\/p>\n","protected":false},"author":1,"featured_media":0,"comment_status":"open","ping_status":"open","sticky":false,"template":"","format":"standard","meta":{"footnotes":""},"categories":[],"tags":[],"class_list":["post-5449","post","type-post","status-publish","format-standard","hentry"],"_links":{"self":[{"href":"https:\/\/aguaslindasnoticias.com.br\/index.php\/wp-json\/wp\/v2\/posts\/5449","targetHints":{"allow":["GET"]}}],"collection":[{"href":"https:\/\/aguaslindasnoticias.com.br\/index.php\/wp-json\/wp\/v2\/posts"}],"about":[{"href":"https:\/\/aguaslindasnoticias.com.br\/index.php\/wp-json\/wp\/v2\/types\/post"}],"author":[{"embeddable":true,"href":"https:\/\/aguaslindasnoticias.com.br\/index.php\/wp-json\/wp\/v2\/users\/1"}],"replies":[{"embeddable":true,"href":"https:\/\/aguaslindasnoticias.com.br\/index.php\/wp-json\/wp\/v2\/comments?post=5449"}],"version-history":[{"count":0,"href":"https:\/\/aguaslindasnoticias.com.br\/index.php\/wp-json\/wp\/v2\/posts\/5449\/revisions"}],"wp:attachment":[{"href":"https:\/\/aguaslindasnoticias.com.br\/index.php\/wp-json\/wp\/v2\/media?parent=5449"}],"wp:term":[{"taxonomy":"category","embeddable":true,"href":"https:\/\/aguaslindasnoticias.com.br\/index.php\/wp-json\/wp\/v2\/categories?post=5449"},{"taxonomy":"post_tag","embeddable":true,"href":"https:\/\/aguaslindasnoticias.com.br\/index.php\/wp-json\/wp\/v2\/tags?post=5449"}],"curies":[{"name":"wp","href":"https:\/\/api.w.org\/{rel}","templated":true}]}}