{"id":5447,"date":"2023-01-04T10:13:07","date_gmt":"2023-01-04T13:13:07","guid":{"rendered":"https:\/\/aguaslindasnoticias.com.br\/index.php\/2023\/01\/04\/confira-quem-sao-os-sorteados-para-estudar-nos-centros-de-linguas-do-df\/"},"modified":"2023-01-04T10:13:07","modified_gmt":"2023-01-04T13:13:07","slug":"confira-quem-sao-os-sorteados-para-estudar-nos-centros-de-linguas-do-df","status":"publish","type":"post","link":"https:\/\/aguaslindasnoticias.com.br\/index.php\/2023\/01\/04\/confira-quem-sao-os-sorteados-para-estudar-nos-centros-de-linguas-do-df\/","title":{"rendered":"Confira quem s\u00e3o os sorteados para estudar nos centros de l\u00ednguas do DF"},"content":{"rendered":"\n<div class=\"wp-block-image\"><figure class=\"aligncenter\"><img decoding=\"async\" src=\"http:\/\/agenciabrasilia.df.gov.br\/wp-conteudo\/uploads\/2022\/02\/FullBanner_Capa_Volta_%C3%A0s_aulas_2022-1.png\" alt=\"\" class=\"wp-image-375727\"\/><\/figure><\/div>\n\n\n\n<p>J\u00e1 est\u00e1 dispon\u00edvel o&nbsp;<a href=\"https:\/\/ieducar.se.df.gov.br\/ieducar\/matricula\/internet\/inscricoes\/consulta_resultado_captacao.php?captacao=115\">resultado com os contemplados para as vagas remanescentes dos Centros Interescolares de L\u00ednguas (CILs)<\/a>. As matr\u00edculas ser\u00e3o realizadas de 9 a 11 de fevereiro, presencialmente, na unidade para a qual o interessado se inscreveu.<\/p>\n\n\n\n<p>Participaram desta etapa pessoas que conclu\u00edram o ensino m\u00e9dio, aquelas que est\u00e3o efetivamente cursando a partir do 6\u00ba ano, em escola p\u00fablica ou particular. Tamb\u00e9m puderam se inscrever estudantes da rede p\u00fablica de ensino que n\u00e3o tenham feito o cadastro nas tr\u00eas oportunidades abertas antes especificamente para quem j\u00e1 \u00e9 da rede p\u00fablica.<\/p>\n\n\n\n<p>Ao todo, a Secretaria de Educa\u00e7\u00e3o conta com 17 CILs. Os interessados optaram entre os cursos de ingl\u00eas, espanhol, japon\u00eas, alem\u00e3o e franc\u00eas.<\/p>\n\n\n\n<p><strong>Para fazer a matr\u00edcula, \u00e9 necess\u00e1rio apresentar original e c\u00f3pia dos seguintes documentos:<\/strong><\/p>\n\n\n\n<p>\u21b3 Documento de identifica\u00e7\u00e3o \u2013 RG, certid\u00e3o de nascimento ou documento oficial com foto<\/p>\n\n\n\n<p>\u21b3 CPF<\/p>\n\n\n\n<p>\u21b3 Duas fotos 3X4 (poder\u00e3o ser entregues na secretaria do CIL, no retorno das aulas presenciais)<\/p>\n\n\n\n<p>\u21b3 Comprovante de resid\u00eancia<\/p>\n\n\n\n<p>\u21b3 Comprovante de escolaridade \u2013 declara\u00e7\u00e3o, hist\u00f3rico escolar ou diploma<\/p>\n\n\n\n<p><strong><a href=\"http:\/\/www.agenciabrasilia.df.gov.br\/wp-conteudo\/uploads\/2022\/02\/CILs-1.pdf\">Veja aqui os CILs e cursos ofertados por unidade<\/a>.<\/strong><\/p>\n\n\n\n<p>*Com informa\u00e7\u00f5es da Secretaria de Educa\u00e7\u00e3o do DF<\/p>\n","protected":false},"excerpt":{"rendered":"<p>J\u00e1 est\u00e1 dispon\u00edvel o&nbsp;resultado com os contemplados para as vagas remanescentes dos Centros Interescolares de L\u00ednguas (CILs). As matr\u00edculas ser\u00e3o realizadas de 9 a 11 de fevereiro, presencialmente, na unidade para a qual o interessado se inscreveu. Participaram desta etapa pessoas que conclu\u00edram o ensino m\u00e9dio, aquelas que est\u00e3o efetivamente cursando a partir do 6\u00ba [&hellip;]<\/p>\n","protected":false},"author":1,"featured_media":0,"comment_status":"open","ping_status":"open","sticky":false,"template":"","format":"standard","meta":{"footnotes":""},"categories":[],"tags":[],"class_list":["post-5447","post","type-post","status-publish","format-standard","hentry"],"_links":{"self":[{"href":"https:\/\/aguaslindasnoticias.com.br\/index.php\/wp-json\/wp\/v2\/posts\/5447","targetHints":{"allow":["GET"]}}],"collection":[{"href":"https:\/\/aguaslindasnoticias.com.br\/index.php\/wp-json\/wp\/v2\/posts"}],"about":[{"href":"https:\/\/aguaslindasnoticias.com.br\/index.php\/wp-json\/wp\/v2\/types\/post"}],"author":[{"embeddable":true,"href":"https:\/\/aguaslindasnoticias.com.br\/index.php\/wp-json\/wp\/v2\/users\/1"}],"replies":[{"embeddable":true,"href":"https:\/\/aguaslindasnoticias.com.br\/index.php\/wp-json\/wp\/v2\/comments?post=5447"}],"version-history":[{"count":0,"href":"https:\/\/aguaslindasnoticias.com.br\/index.php\/wp-json\/wp\/v2\/posts\/5447\/revisions"}],"wp:attachment":[{"href":"https:\/\/aguaslindasnoticias.com.br\/index.php\/wp-json\/wp\/v2\/media?parent=5447"}],"wp:term":[{"taxonomy":"category","embeddable":true,"href":"https:\/\/aguaslindasnoticias.com.br\/index.php\/wp-json\/wp\/v2\/categories?post=5447"},{"taxonomy":"post_tag","embeddable":true,"href":"https:\/\/aguaslindasnoticias.com.br\/index.php\/wp-json\/wp\/v2\/tags?post=5447"}],"curies":[{"name":"wp","href":"https:\/\/api.w.org\/{rel}","templated":true}]}}