{"id":5445,"date":"2023-01-04T10:13:07","date_gmt":"2023-01-04T13:13:07","guid":{"rendered":"https:\/\/aguaslindasnoticias.com.br\/index.php\/2023\/01\/04\/gdf-vai-ampliar-vagas-para-acolhimento-a-idosos\/"},"modified":"2023-01-04T10:13:07","modified_gmt":"2023-01-04T13:13:07","slug":"gdf-vai-ampliar-vagas-para-acolhimento-a-idosos","status":"publish","type":"post","link":"https:\/\/aguaslindasnoticias.com.br\/index.php\/2023\/01\/04\/gdf-vai-ampliar-vagas-para-acolhimento-a-idosos\/","title":{"rendered":"GDF vai ampliar vagas para acolhimento a idosos"},"content":{"rendered":"\n<p>O acolhimento institucional para pessoas idosas ser\u00e1 ampliado no Distrito Federal nos pr\u00f3ximos meses.&nbsp;A Secretaria de Desenvolvimento Social (Sedes) lan\u00e7ou, nesta ter\u00e7a-feira (8),&nbsp;<a href=\"https:\/\/www.sedes.df.gov.br\/wp-conteudo\/uploads\/2018\/02\/SEI_GDF-79415762-Edital-implantacao-execucao-e-manutencao-do-Servico-de-Acolhimento-Institucional-para-Pessoas-Idosas-na-modalidade-Abrigo-Institucional.pdf\">edital para a abertura de mais 330 novas vagas<\/a>&nbsp;em abrigo para esse p\u00fablico. Atualmente, a Sedes oferta o servi\u00e7o em seis unidades com um total de 284 vagas.<\/p>\n\n\n\n<blockquote class=\"wp-block-quote is-layout-flow wp-block-quote-is-layout-flow\"><p>\u201c\u00c9 um trabalho que exige um atendimento ainda mais qualificado e direcionado\u201d, ressalta a secret\u00e1ria de Desenvolvimento Social, Mayara Noronha Rocha<\/p><\/blockquote>\n\n\n\n<p>Com o objetivo de atender pessoas com mais de 60 anos, o chamamento p\u00fablico quer selecionar organiza\u00e7\u00f5es da sociedade civil (OSCs) para, em parceria com o Governo do Distrito Federal (GDF), implantar, executar e manter o Servi\u00e7o de Acolhimento Institucional para Pessoas Idosas. A parceria prev\u00ea dura\u00e7\u00e3o de 60 meses, prorrog\u00e1veis por at\u00e9 igual per\u00edodo.<\/p>\n\n\n\n<p>\u201c\u00c9 um trabalho que exige um atendimento ainda mais qualificado e direcionado. Apesar de n\u00e3o ser um servi\u00e7o relacionado \u00e0 sa\u00fade, a institui\u00e7\u00e3o estar\u00e1 em constante articula\u00e7\u00e3o com essa pol\u00edtica p\u00fablica para garantir a aten\u00e7\u00e3o devida a essas pessoas\u201d, explica a secret\u00e1ria de Desenvolvimento Social, Mayara Noronha Rocha.<\/p>\n\n\n\n<figure class=\"wp-block-image\"><img decoding=\"async\" src=\"http:\/\/agenciabrasilia.df.gov.br\/wp-conteudo\/uploads\/2022\/02\/1%C2%BA.10.-Dia-do-Idoso.-Foto-Divulga%C3%A7%C3%A3o-Sedes.jpeg\" alt=\"\" class=\"wp-image-375741\"\/><figcaption>Atualmente, a Sedes oferta o servi\u00e7o em seis unidades com um total de 284 vagas | Foto: Divulga\u00e7\u00e3o Sedes-DF<\/figcaption><\/figure>\n\n\n\n<p>Das vagas ofertadas, no m\u00ednimo 30% devem ser destinadas para acolher usu\u00e1rios com grau de depend\u00eancia I ou II ou III. As demais vagas podem ser preenchidas por pessoas idosas com graus de depend\u00eancia I ou II, conforme necessidade da administra\u00e7\u00e3o p\u00fablica e viabilidade operacional e administrativa da organiza\u00e7\u00e3o da sociedade civil \u2013 quanto maior o grau, mais dependente o cidad\u00e3o \u00e9 do suporte de terceiros para realiza\u00e7\u00e3o das atividades do cotidiano.<\/p>\n\n\n\n<p>\u00c9 importante destacar que n\u00e3o se trata de um servi\u00e7o relacionado \u00e0 sa\u00fade. Outras pol\u00edticas p\u00fablicas de Estado v\u00e3o atuar quando as pessoas idosas tiverem doen\u00e7as que exijam assist\u00eancia m\u00e9dica permanente ou assist\u00eancia de enfermagem intensiva, uma vez que a falta desse suporte pode agravar ou p\u00f4r em risco a vida desse cidad\u00e3o.<\/p>\n\n\n\n<p>Com funcionamento ininterrupto de 24 horas, os abrigos v\u00e3o contar com equipes de refer\u00eancia compostas por coordenadores de n\u00edvel superior, psic\u00f3logos, assistentes sociais, terapeutas ocupacionais, cuidadores e auxiliares.<\/p>\n\n\n\n<p><em>*Com informa\u00e7\u00f5es da Sedes-DF<\/em><\/p>\n","protected":false},"excerpt":{"rendered":"<p>O acolhimento institucional para pessoas idosas ser\u00e1 ampliado no Distrito Federal nos pr\u00f3ximos meses.&nbsp;A Secretaria de Desenvolvimento Social (Sedes) lan\u00e7ou, nesta ter\u00e7a-feira (8),&nbsp;edital para a abertura de mais 330 novas vagas&nbsp;em abrigo para esse p\u00fablico. Atualmente, a Sedes oferta o servi\u00e7o em seis unidades com um total de 284 vagas. \u201c\u00c9 um trabalho que exige [&hellip;]<\/p>\n","protected":false},"author":1,"featured_media":0,"comment_status":"open","ping_status":"open","sticky":false,"template":"","format":"standard","meta":{"footnotes":""},"categories":[],"tags":[],"class_list":["post-5445","post","type-post","status-publish","format-standard","hentry"],"_links":{"self":[{"href":"https:\/\/aguaslindasnoticias.com.br\/index.php\/wp-json\/wp\/v2\/posts\/5445","targetHints":{"allow":["GET"]}}],"collection":[{"href":"https:\/\/aguaslindasnoticias.com.br\/index.php\/wp-json\/wp\/v2\/posts"}],"about":[{"href":"https:\/\/aguaslindasnoticias.com.br\/index.php\/wp-json\/wp\/v2\/types\/post"}],"author":[{"embeddable":true,"href":"https:\/\/aguaslindasnoticias.com.br\/index.php\/wp-json\/wp\/v2\/users\/1"}],"replies":[{"embeddable":true,"href":"https:\/\/aguaslindasnoticias.com.br\/index.php\/wp-json\/wp\/v2\/comments?post=5445"}],"version-history":[{"count":0,"href":"https:\/\/aguaslindasnoticias.com.br\/index.php\/wp-json\/wp\/v2\/posts\/5445\/revisions"}],"wp:attachment":[{"href":"https:\/\/aguaslindasnoticias.com.br\/index.php\/wp-json\/wp\/v2\/media?parent=5445"}],"wp:term":[{"taxonomy":"category","embeddable":true,"href":"https:\/\/aguaslindasnoticias.com.br\/index.php\/wp-json\/wp\/v2\/categories?post=5445"},{"taxonomy":"post_tag","embeddable":true,"href":"https:\/\/aguaslindasnoticias.com.br\/index.php\/wp-json\/wp\/v2\/tags?post=5445"}],"curies":[{"name":"wp","href":"https:\/\/api.w.org\/{rel}","templated":true}]}}