{"id":5441,"date":"2023-01-04T10:13:07","date_gmt":"2023-01-04T13:13:07","guid":{"rendered":"https:\/\/aguaslindasnoticias.com.br\/index.php\/2023\/01\/04\/campanha-incentiva-educacao-no-transito-na-volta-as-aulas\/"},"modified":"2023-01-04T10:13:07","modified_gmt":"2023-01-04T13:13:07","slug":"campanha-incentiva-educacao-no-transito-na-volta-as-aulas","status":"publish","type":"post","link":"https:\/\/aguaslindasnoticias.com.br\/index.php\/2023\/01\/04\/campanha-incentiva-educacao-no-transito-na-volta-as-aulas\/","title":{"rendered":"Campanha incentiva educa\u00e7\u00e3o no tr\u00e2nsito na volta \u00e0s aulas"},"content":{"rendered":"\n<p>Durante a\u00e7\u00f5es educativas em escolas particulares, DER-DF espera atender a cerca de 1.000 alunos<\/p>\n\n\n\n<p><strong>Ag\u00eancia Bras\u00edlia* I Edi\u00e7\u00e3o: D\u00e9bora Cronemberger<\/strong><\/p>\n\n\n\n<figure class=\"wp-block-image\"><img decoding=\"async\" src=\"https:\/\/www.agenciabrasilia.df.gov.br\/wp-conteudo\/uploads\/2022\/02\/7.2.-Transitol%C3%A2ndia.-Foto-Vinicius-de-Melo-Ag%C3%AAncia-Bras%C3%ADlia.jpeg\" alt=\"\"\/><\/figure>\n\n\n\n<p>O Departamento de Estradas de Rodagem do Distrito Federal (DER-DF), por meio da Escola Vivencial de Tr\u00e2nsito \u2013 Transitol\u00e2ndia, vai promover, a partir desta segunda-feira (7), uma s\u00e9rie de a\u00e7\u00f5es na Campanha Volta \u00e0s Aulas 2022. At\u00e9 o dia 11, eventos educativos ser\u00e3o realizados em escolas particulares, nos per\u00edodos matutino e vespertino. A expectativa \u00e9 de que cerca de 1.000 estudantes sejam atendidos.<\/p>\n\n\n\n<figure class=\"wp-block-image\"><img decoding=\"async\" src=\"http:\/\/agenciabrasilia.df.gov.br\/wp-conteudo\/uploads\/2022\/02\/7.2.-Transitol%C3%A2ndia.-Foto-Vinicius-de-Melo-Ag%C3%AAncia-Bras%C3%ADlia2.jpeg\" alt=\"\" class=\"wp-image-375321\"\/><figcaption>Iniciativa do Detran prev\u00ea atividades educativas nos turnos matutino e vespertino | Foto: Vinicius de Melo\/Ag\u00eancia Bras\u00edlia<\/figcaption><\/figure>\n\n\n\n<p>O objetivo da visita\u00e7\u00e3o \u00e0s institui\u00e7\u00f5es \u00e9 ensinar os alunos a terem um comportamento seguro para travessia das vias, enfatizar a import\u00e2ncia do uso do cinto de seguran\u00e7a e fazer com que a comunidade escolar reconhe\u00e7a, interprete e obede\u00e7a a sinaliza\u00e7\u00e3o de tr\u00e2nsito.<\/p>\n\n\n\n<p>A a\u00e7\u00e3o visa, ainda, despertar a paci\u00eancia, responsabilidade e senso de cidadania no tr\u00e2nsito, e tamb\u00e9m orientar sobre as regras de circula\u00e7\u00e3o, normas b\u00e1sicas de transporte, seguran\u00e7a e acessibilidade contidas no C\u00f3digo de Tr\u00e2nsito Brasileiro (CTB).<\/p>\n\n\n\n<p><strong>Divers\u00e3o e aprendizado<\/strong><\/p>\n\n\n\n<p>A equipe de educadores do DER&nbsp;far\u00e1 apresenta\u00e7\u00f5es de teatro de fantoches para chamar aten\u00e7\u00e3o dos pais, alunos e profissionais da \u00e1rea da educa\u00e7\u00e3o. Tamb\u00e9m ser\u00e1 distribu\u00eddo material educativo sobre deslocamento seguro, embarque e desembarque em locais apropriados, al\u00e9m do respeito \u00e0s sinaliza\u00e7\u00f5es e normas previstas na legisla\u00e7\u00e3o.<\/p>\n\n\n\n<p>A diretora de educa\u00e7\u00e3o do DER, Jucianne Nogueira, explica que as a\u00e7\u00f5es educativas visam envolver a comunidade escolar e disseminar o conhecimento adquirido na campanha para preservar vidas.<\/p>\n\n\n\n<p>\u201cNossa ideia \u00e9 envolver alunos, respons\u00e1veis e professores nessa campanha, para estimular h\u00e1bitos e comportamentos seguros no tr\u00e2nsito, transformando o conhecimento adquirido em a\u00e7\u00e3o di\u00e1ria, por meio de viv\u00eancias e situa\u00e7\u00f5es encontradas no dia a dia, para que vidas sejam salvas\u201d, concluiu.<\/p>\n\n\n\n<p>Confira a rela\u00e7\u00e3o das escolas particulares que ser\u00e3o visitadas pela equipe da Transitol\u00e2ndia nesta campanha:<\/p>\n\n\n\n<div class=\"wp-block-image\"><figure class=\"aligncenter\"><img decoding=\"async\" src=\"http:\/\/www.agenciabrasilia.df.gov.br\/wp-conteudo\/uploads\/2022\/02\/WhatsApp-Image-2022-02-04-at-16.26.32.jpeg\" alt=\"\" class=\"wp-image-374890\"\/><\/figure><\/div>\n\n\n\n<p>As datas e locais de realiza\u00e7\u00e3o da campanha em institui\u00e7\u00f5es p\u00fablicas de ensino ser\u00e3o divulgados nos pr\u00f3ximos dias.<\/p>\n\n\n\n<p><em>*Com informa\u00e7\u00f5es do DER-DF<\/em><\/p>\n","protected":false},"excerpt":{"rendered":"<p>Durante a\u00e7\u00f5es educativas em escolas particulares, DER-DF espera atender a cerca de 1.000 alunos Ag\u00eancia Bras\u00edlia* I Edi\u00e7\u00e3o: D\u00e9bora Cronemberger O Departamento de Estradas de Rodagem do Distrito Federal (DER-DF), por meio da Escola Vivencial de Tr\u00e2nsito \u2013 Transitol\u00e2ndia, vai promover, a partir desta segunda-feira (7), uma s\u00e9rie de a\u00e7\u00f5es na Campanha Volta \u00e0s Aulas [&hellip;]<\/p>\n","protected":false},"author":1,"featured_media":0,"comment_status":"open","ping_status":"open","sticky":false,"template":"","format":"standard","meta":{"footnotes":""},"categories":[],"tags":[],"class_list":["post-5441","post","type-post","status-publish","format-standard","hentry"],"_links":{"self":[{"href":"https:\/\/aguaslindasnoticias.com.br\/index.php\/wp-json\/wp\/v2\/posts\/5441","targetHints":{"allow":["GET"]}}],"collection":[{"href":"https:\/\/aguaslindasnoticias.com.br\/index.php\/wp-json\/wp\/v2\/posts"}],"about":[{"href":"https:\/\/aguaslindasnoticias.com.br\/index.php\/wp-json\/wp\/v2\/types\/post"}],"author":[{"embeddable":true,"href":"https:\/\/aguaslindasnoticias.com.br\/index.php\/wp-json\/wp\/v2\/users\/1"}],"replies":[{"embeddable":true,"href":"https:\/\/aguaslindasnoticias.com.br\/index.php\/wp-json\/wp\/v2\/comments?post=5441"}],"version-history":[{"count":0,"href":"https:\/\/aguaslindasnoticias.com.br\/index.php\/wp-json\/wp\/v2\/posts\/5441\/revisions"}],"wp:attachment":[{"href":"https:\/\/aguaslindasnoticias.com.br\/index.php\/wp-json\/wp\/v2\/media?parent=5441"}],"wp:term":[{"taxonomy":"category","embeddable":true,"href":"https:\/\/aguaslindasnoticias.com.br\/index.php\/wp-json\/wp\/v2\/categories?post=5441"},{"taxonomy":"post_tag","embeddable":true,"href":"https:\/\/aguaslindasnoticias.com.br\/index.php\/wp-json\/wp\/v2\/tags?post=5441"}],"curies":[{"name":"wp","href":"https:\/\/api.w.org\/{rel}","templated":true}]}}