{"id":5440,"date":"2023-01-04T10:13:07","date_gmt":"2023-01-04T13:13:07","guid":{"rendered":"https:\/\/aguaslindasnoticias.com.br\/index.php\/2023\/01\/04\/como-voce-pode-ajudar-animais-que-sofrem-maus-tratos\/"},"modified":"2023-01-04T10:13:07","modified_gmt":"2023-01-04T13:13:07","slug":"como-voce-pode-ajudar-animais-que-sofrem-maus-tratos","status":"publish","type":"post","link":"https:\/\/aguaslindasnoticias.com.br\/index.php\/2023\/01\/04\/como-voce-pode-ajudar-animais-que-sofrem-maus-tratos\/","title":{"rendered":"Como voc\u00ea pode ajudar animais que sofrem maus-tratos"},"content":{"rendered":"\n<p>Sociedade \u00e9 convidada a apresentar sugest\u00f5es para amparar pets que se encontram nessa situa\u00e7\u00e3o<\/p>\n\n\n\n<p><strong>Ag\u00eancia Bras\u00edlia* | Edi\u00e7\u00e3o: Chico Neto<\/strong><\/p>\n\n\n\n<figure class=\"wp-block-image\"><img decoding=\"async\" src=\"https:\/\/www.agenciabrasilia.df.gov.br\/wp-conteudo\/uploads\/2022\/02\/2.2.-Animais.-Foto-Breno-Esaki-Arquivo-Ag%C3%AAncia-Sa%C3%BAde3.jpeg\" alt=\"\"\/><\/figure>\n\n\n\n<p>Na pr\u00f3xima quarta-feira (9), o Instituto Bras\u00edlia Ambiental promove reuni\u00e3o para discutir uma proposta de destina\u00e7\u00e3o de c\u00e3es e gatos v\u00edtimas de maus-tratos. Aberto \u00e0 popula\u00e7\u00e3o, o encontro ser\u00e1 a partir das 9h30, no formato virtual, com transmiss\u00e3o pelo&nbsp;<a href=\"https:\/\/www.youtube.com\/brasiliaambiental\">canal do instituto no YouTube<\/a>.<\/p>\n\n\n\n<figure class=\"wp-block-image\"><img decoding=\"async\" src=\"http:\/\/www.agenciabrasilia.df.gov.br\/wp-conteudo\/uploads\/2022\/02\/2.2.-Animais.-Foto-Breno-Esaki-Arquivo-Ag%C3%AAncia-Sa%C3%BAde2.jpeg\" alt=\"\" class=\"wp-image-374078\"\/><figcaption>Todo cidad\u00e3o pode opinar sobre a melhor forma de encaminhar c\u00e3es e gatos que n\u00e3o estejam sendo bem-tratados | Foto: Breno Esaki\/Arquivo Ag\u00eancia Sa\u00fade<\/figcaption><\/figure>\n\n\n\n<p>O objetivo \u00e9 coletar sugest\u00f5es de entidades da sociedade civil organizada para a futura edi\u00e7\u00e3o de uma proposta de gest\u00e3o compartilhada de local tempor\u00e1rio para c\u00e3es e gatos do Distrito Federal apreendidos pela fiscaliza\u00e7\u00e3o do \u00f3rg\u00e3o por estarem sofrendo maus-tratos.<\/p>\n\n\n\n<p>A iniciativa visa refletir sobre um problema que vem sendo enfrentado pelos auditores do Bras\u00edlia Ambiental: o encaminhamento adequado desses animais. Para a fauna fora do \u00e2mbito urbano, existem as unidades do Centro de Triagem de Animais Silvestres (Cetas), mas animais dom\u00e9sticos ainda n\u00e3o contam com um modelo similar de prote\u00e7\u00e3o.<\/p>\n\n\n\n<p>\u201cNo DF n\u00e3o h\u00e1 uma entidade que possa recepcionar esses animais sem condi\u00e7\u00f5es de permanecer com os tutores, uma vez que j\u00e1 estavam em situa\u00e7\u00e3o degradante\u201d, explica o coordenador do grupo de trabalho do Bras\u00edlia Ambiental sobre destina\u00e7\u00e3o de animais dom\u00e9sticos apreendidos em situa\u00e7\u00e3o de maus-tratos, Rodrigo Santos. \u201cEntende-se que uma parceria com Organiza\u00e7\u00e3o da Sociedade Civil [OSC] que pudesse receb\u00ea-los e promover a ado\u00e7\u00e3o, por meio de campanhas, supriria esse gargalo\u201d.<\/p>\n\n\n\n<p><strong>Parceria<\/strong><\/p>\n\n\n\n<p>Durante o evento, ser\u00e1 apresentado um panorama preliminar de operacionaliza\u00e7\u00e3o, bem como uma proje\u00e7\u00e3o sobre o funcionamento de uma poss\u00edvel parceria entre o setor p\u00fablico e OSCs, para gest\u00e3o de local tempor\u00e1rio de destina\u00e7\u00e3o de c\u00e3es e gatos.<\/p>\n\n\n\n<p>Os eixos a serem discutidos s\u00e3o destina\u00e7\u00e3o de c\u00e3es e gatos, legisla\u00e7\u00e3o para operacionaliza\u00e7\u00e3o da parceria, crit\u00e9rios para concorrer a um poss\u00edvel edital e expectativas do instituto sobre a OSC parceira. A proposta n\u00e3o prev\u00ea a constru\u00e7\u00e3o de um abrigo p\u00fablico pelo setor p\u00fablico, mas a utiliza\u00e7\u00e3o do aparato da organiza\u00e7\u00e3o social.<\/p>\n\n\n\n<p>Ap\u00f3s apresenta\u00e7\u00e3o dos temas, a discuss\u00e3o ser\u00e1 aberta ao p\u00fablico, para sugest\u00f5es ou d\u00favidas. Cada participante ter\u00e1 um tempo determinado para formular sua pergunta ou sugest\u00e3o.<\/p>\n\n\n\n<p>*<em>Com informa\u00e7\u00f5es do Bras\u00edlia Ambiental<\/em><\/p>\n","protected":false},"excerpt":{"rendered":"<p>Sociedade \u00e9 convidada a apresentar sugest\u00f5es para amparar pets que se encontram nessa situa\u00e7\u00e3o Ag\u00eancia Bras\u00edlia* | Edi\u00e7\u00e3o: Chico Neto Na pr\u00f3xima quarta-feira (9), o Instituto Bras\u00edlia Ambiental promove reuni\u00e3o para discutir uma proposta de destina\u00e7\u00e3o de c\u00e3es e gatos v\u00edtimas de maus-tratos. Aberto \u00e0 popula\u00e7\u00e3o, o encontro ser\u00e1 a partir das 9h30, no formato [&hellip;]<\/p>\n","protected":false},"author":1,"featured_media":0,"comment_status":"open","ping_status":"open","sticky":false,"template":"","format":"standard","meta":{"footnotes":""},"categories":[],"tags":[],"class_list":["post-5440","post","type-post","status-publish","format-standard","hentry"],"_links":{"self":[{"href":"https:\/\/aguaslindasnoticias.com.br\/index.php\/wp-json\/wp\/v2\/posts\/5440","targetHints":{"allow":["GET"]}}],"collection":[{"href":"https:\/\/aguaslindasnoticias.com.br\/index.php\/wp-json\/wp\/v2\/posts"}],"about":[{"href":"https:\/\/aguaslindasnoticias.com.br\/index.php\/wp-json\/wp\/v2\/types\/post"}],"author":[{"embeddable":true,"href":"https:\/\/aguaslindasnoticias.com.br\/index.php\/wp-json\/wp\/v2\/users\/1"}],"replies":[{"embeddable":true,"href":"https:\/\/aguaslindasnoticias.com.br\/index.php\/wp-json\/wp\/v2\/comments?post=5440"}],"version-history":[{"count":0,"href":"https:\/\/aguaslindasnoticias.com.br\/index.php\/wp-json\/wp\/v2\/posts\/5440\/revisions"}],"wp:attachment":[{"href":"https:\/\/aguaslindasnoticias.com.br\/index.php\/wp-json\/wp\/v2\/media?parent=5440"}],"wp:term":[{"taxonomy":"category","embeddable":true,"href":"https:\/\/aguaslindasnoticias.com.br\/index.php\/wp-json\/wp\/v2\/categories?post=5440"},{"taxonomy":"post_tag","embeddable":true,"href":"https:\/\/aguaslindasnoticias.com.br\/index.php\/wp-json\/wp\/v2\/tags?post=5440"}],"curies":[{"name":"wp","href":"https:\/\/api.w.org\/{rel}","templated":true}]}}