{"id":5439,"date":"2023-01-04T10:13:07","date_gmt":"2023-01-04T13:13:07","guid":{"rendered":"https:\/\/aguaslindasnoticias.com.br\/index.php\/2023\/01\/04\/camara-legislativa-lanca-exposicao-virtual-para-contar-seus-30-anos-de-historia\/"},"modified":"2023-01-04T10:13:07","modified_gmt":"2023-01-04T13:13:07","slug":"camara-legislativa-lanca-exposicao-virtual-para-contar-seus-30-anos-de-historia","status":"publish","type":"post","link":"https:\/\/aguaslindasnoticias.com.br\/index.php\/2023\/01\/04\/camara-legislativa-lanca-exposicao-virtual-para-contar-seus-30-anos-de-historia\/","title":{"rendered":"C\u00e2mara Legislativa lan\u00e7a exposi\u00e7\u00e3o virtual para contar seus 30 anos de hist\u00f3ria"},"content":{"rendered":"\n<p>Foto: Divulga\u00e7\u00e3o\/CLDF<\/p>\n\n\n\n<figure class=\"wp-block-image\"><img decoding=\"async\" src=\"https:\/\/www.cl.df.gov.br\/documents\/10162\/25376140\/30anos.jpg\/e60dbdfe-2377-53c0-9e3b-6c63470e38b9?t=1639682256101\" alt=\"Fruto de pesquisa no acervo fotogr\u00e1fico e documental da Casa, linha do tempo \u00e9 um convite para conhecer de forma mais profunda a trajet\u00f3ria da C\u00e2mara Legislativa enquanto institui\u00e7\u00e3o democr\u00e1tica\"\/><\/figure>\n\n\n\n<p>Fruto de pesquisa no acervo fotogr\u00e1fico e documental da Casa, linha do tempo \u00e9 um convite para conhecer de forma mais profunda a trajet\u00f3ria da C\u00e2mara Legislativa enquanto institui\u00e7\u00e3o democr\u00e1tica<\/p>\n\n\n\n<p>Instalada em janeiro de 1991, a C\u00e2mara Legislativa do Distrito Federal vem garantindo \u00e0 popula\u00e7\u00e3o do DF direitos civis, pol\u00edticos e sociais. Ao longo de tr\u00eas d\u00e9cadas, a institui\u00e7\u00e3o vem atuando como s\u00edmbolo de participa\u00e7\u00e3o popular no processo democr\u00e1tico. De cada um desses 30 anos de exist\u00eancia, fatos marcantes de sua atua\u00e7\u00e3o foram escolhidos para integrar a&nbsp;<a href=\"https:\/\/www.cl.df.gov.br\/web\/cldf-30-anos\">Exposi\u00e7\u00e3o Virtual &#8220;CLDF: 30 Anos de Representatividade&#8221;<\/a>, que est\u00e1 dispon\u00edvel para o p\u00fablico no site da Casa.<\/p>\n\n\n\n<p>A exposi\u00e7\u00e3o est\u00e1 organizada em uma \u201clinha do tempo\u201d dividida por d\u00e9cadas e, nela, h\u00e1 imagens e informa\u00e7\u00f5es que demonstram a evolu\u00e7\u00e3o administrativa, a produ\u00e7\u00e3o legislativa e o relacionamento do Poder Legislativo local com outros poderes e com a comunidade. Al\u00e9m da exposi\u00e7\u00e3o, um document\u00e1rio &#8211; que ser\u00e1 lan\u00e7ado em fevereiro &#8211; registrou relatos e hist\u00f3rias de parlamentares, servidores e cidad\u00e3o que foram testemunhas do processo de cria\u00e7\u00e3o e consolida\u00e7\u00e3o da CLDF e, em \u00faltima inst\u00e2ncia, da pr\u00f3pria democracia no DF. J\u00e1 \u00e9 poss\u00edvel conferir&nbsp;<a href=\"https:\/\/www.cl.df.gov.br\/web\/cldf-30-anos\/documentario\">o trailer do filme&nbsp;<\/a>na p\u00e1gina da exposi\u00e7\u00e3o.<\/p>\n\n\n\n<p>O Terceiro Secret\u00e1rio da CLDF e respons\u00e1vel por organizar a comemora\u00e7\u00e3o do 30\u00ba anivers\u00e1rio da Casa, deputado Reginaldo Sardinha, diz ser \u201cuma honra participar dessa legislatura e em especial, estar \u00e0 frente da Terceira Secretaria, no momento de comemora\u00e7\u00e3o de tr\u00eas d\u00e9cadas da C\u00e2mara Legislativa do Distrito Federal. A exposi\u00e7\u00e3o resgata a hist\u00f3ria, trajet\u00f3ria e avan\u00e7os da Casa de Leis da capital federal\u201d, destaca o distrital.<\/p>\n\n\n\n<p>J\u00e1 o coordenador&nbsp;do projeto &#8220;CLDF: 30 Anos de Representatividade&#8221;, o arquivista Leonardo Neves Moreira, ressalta que as organiza\u00e7\u00f5es contempor\u00e2neas est\u00e3o cada vez mais conscientes da import\u00e2ncia de valorizar seus registros e o testemunho que eles fazem do passado.<br>&nbsp;<\/p>\n\n\n\n<figure class=\"wp-block-image\"><img decoding=\"async\" src=\"https:\/\/www.cl.df.gov.br\/documents\/10162\/0\/20211123+-+Cinto+de+seguran%C3%A7a.jpg\/51225e7a-1448-a9f5-41d8-fed6db7560e0?t=1639682563812\" alt=\"\"\/><\/figure>\n\n\n\n<p>&#8220;Direcionamos nosso projeto de mem\u00f3ria de forma que fosse poss\u00edvel valorizar tanto o conhecimento expl\u00edcito registrado nos documentos preservados, quanto o conhecimento presente na mente de parlamentares e servidores.&nbsp;Isso se manifestou em dois produtos de resgate e valoriza\u00e7\u00e3o da mem\u00f3ria institucional&#8221;, explica o servidor da Casa.<\/p>\n\n\n\n<p><strong>Linha do Tempo<\/strong><\/p>\n\n\n\n<p>Fruto de minuciosa pesquisa no acervo fotogr\u00e1fico e documental da Casa, o material produzido \u00e9 um convite para conhecer de forma mais profunda o papel fundamental e a trajet\u00f3ria da C\u00e2mara Legislativa enquanto institui\u00e7\u00e3o democr\u00e1tica essencial para a evolu\u00e7\u00e3o e crescimento do Distrito Federal.&nbsp;<\/p>\n\n\n\n<p>Sobre os primeiros anos, a mostra relembra, por exemplo, a posse dos deputados distritais ap\u00f3s longo per\u00edodo no qual a fun\u00e7\u00e3o legislativa havia sido exercida pela Comiss\u00e3o do DF do Senado Federal. Naquele tempo, entre outras atividades, a C\u00e2mara Legislativa organizou-se internamente, realizou concurso para compor o quadro de servidores, trabalhou na elabora\u00e7\u00e3o do Regimento Interno e na constru\u00e7\u00e3o da Lei Org\u00e2nica do DF.<\/p>\n\n\n\n<p>A partir dos anos 2000, a CLDF estreita sua liga\u00e7\u00e3o com a comunidade, torna-se protagonista de grandes debates, al\u00e9m de concluir o ciclo de instala\u00e7\u00e3o f\u00edsica, com a constru\u00e7\u00e3o e mudan\u00e7a para uma sede pr\u00f3pria, de f\u00e1cil acesso, localizada no Eixo Monumental. O parlamento do DF tamb\u00e9m inicia discuss\u00f5es sobre o impacto das novas tecnologias na vida dos cidad\u00e3os, incrementa a articula\u00e7\u00e3o com os demais poderes e aprova medidas com o objetivo de modernizar o Distrito Federal e prepar\u00e1-lo para os desafios do s\u00e9culo XXI.<\/p>\n\n\n\n<p>Nos \u00faltimos dez anos, evidencia a exposi\u00e7\u00e3o, a Casa entrou em um ciclo de maturidade institucional caracterizado pelo di\u00e1logo permanente com a sociedade, moderniza\u00e7\u00e3o de processos legislativos e amplia\u00e7\u00e3o de a\u00e7\u00f5es de Transpar\u00eancia e Governan\u00e7a.&nbsp;<\/p>\n\n\n\n<figure class=\"wp-block-image\"><img decoding=\"async\" src=\"https:\/\/www.cl.df.gov.br\/documents\/10162\/0\/1408239CG+%2830%29+-+Carlos+Gandra+-+2014.jpg\/c08490a4-13f4-2d80-9377-2b7a82e2fad3?t=1639682704340\" alt=\"\"\/><\/figure>\n\n\n\n<p>Aos 30 anos a C\u00e2mara Legislativa assumiu ainda um papel central na recupera\u00e7\u00e3o da economia, na gera\u00e7\u00e3o de emprego, na mitiga\u00e7\u00e3o da fome e na reconstru\u00e7\u00e3o de v\u00e1rios aspectos da vida em comunidade, ap\u00f3s passada a fase mais aguda da pandemia de Covid-19. A Casa tamb\u00e9m tem buscado uma maior comunica\u00e7\u00e3o com a popula\u00e7\u00e3o: al\u00e9m de ampliar seu aparato de tecnologia da informa\u00e7\u00e3o, criou, neste 2021, um canal aberto de TV: a TV C\u00e2mara Distrital. Sintonize no canal 9.3 e saiba mais sobre o que ficar\u00e1 para hist\u00f3ria nos pr\u00f3ximos anos de atua\u00e7\u00e3o do Legislativo local.<\/p>\n\n\n\n<p>Fonte: Ag\u00eancia CLDF<\/p>\n","protected":false},"excerpt":{"rendered":"<p>Foto: Divulga\u00e7\u00e3o\/CLDF Fruto de pesquisa no acervo fotogr\u00e1fico e documental da Casa, linha do tempo \u00e9 um convite para conhecer de forma mais profunda a trajet\u00f3ria da C\u00e2mara Legislativa enquanto institui\u00e7\u00e3o democr\u00e1tica Instalada em janeiro de 1991, a C\u00e2mara Legislativa do Distrito Federal vem garantindo \u00e0 popula\u00e7\u00e3o do DF direitos civis, pol\u00edticos e sociais. Ao [&hellip;]<\/p>\n","protected":false},"author":1,"featured_media":0,"comment_status":"open","ping_status":"open","sticky":false,"template":"","format":"standard","meta":{"footnotes":""},"categories":[],"tags":[],"class_list":["post-5439","post","type-post","status-publish","format-standard","hentry"],"_links":{"self":[{"href":"https:\/\/aguaslindasnoticias.com.br\/index.php\/wp-json\/wp\/v2\/posts\/5439","targetHints":{"allow":["GET"]}}],"collection":[{"href":"https:\/\/aguaslindasnoticias.com.br\/index.php\/wp-json\/wp\/v2\/posts"}],"about":[{"href":"https:\/\/aguaslindasnoticias.com.br\/index.php\/wp-json\/wp\/v2\/types\/post"}],"author":[{"embeddable":true,"href":"https:\/\/aguaslindasnoticias.com.br\/index.php\/wp-json\/wp\/v2\/users\/1"}],"replies":[{"embeddable":true,"href":"https:\/\/aguaslindasnoticias.com.br\/index.php\/wp-json\/wp\/v2\/comments?post=5439"}],"version-history":[{"count":0,"href":"https:\/\/aguaslindasnoticias.com.br\/index.php\/wp-json\/wp\/v2\/posts\/5439\/revisions"}],"wp:attachment":[{"href":"https:\/\/aguaslindasnoticias.com.br\/index.php\/wp-json\/wp\/v2\/media?parent=5439"}],"wp:term":[{"taxonomy":"category","embeddable":true,"href":"https:\/\/aguaslindasnoticias.com.br\/index.php\/wp-json\/wp\/v2\/categories?post=5439"},{"taxonomy":"post_tag","embeddable":true,"href":"https:\/\/aguaslindasnoticias.com.br\/index.php\/wp-json\/wp\/v2\/tags?post=5439"}],"curies":[{"name":"wp","href":"https:\/\/api.w.org\/{rel}","templated":true}]}}