{"id":5438,"date":"2023-01-04T10:12:59","date_gmt":"2023-01-04T13:12:59","guid":{"rendered":"https:\/\/aguaslindasnoticias.com.br\/index.php\/2023\/01\/04\/cldf-aprovou-mais-de-mil-proposicoes-em-2021-pautas-socioeconomicas-e-fundiarias-sao-prioridade-para-2022\/"},"modified":"2023-01-04T10:12:59","modified_gmt":"2023-01-04T13:12:59","slug":"cldf-aprovou-mais-de-mil-proposicoes-em-2021-pautas-socioeconomicas-e-fundiarias-sao-prioridade-para-2022","status":"publish","type":"post","link":"https:\/\/aguaslindasnoticias.com.br\/index.php\/2023\/01\/04\/cldf-aprovou-mais-de-mil-proposicoes-em-2021-pautas-socioeconomicas-e-fundiarias-sao-prioridade-para-2022\/","title":{"rendered":"CLDF aprovou mais de mil proposi\u00e7\u00f5es em 2021; pautas socioecon\u00f4micas e fundi\u00e1rias s\u00e3o prioridade para 2022"},"content":{"rendered":"\n<p>Foto: Rinaldo Morelli\/CLDF<\/p>\n\n\n\n<figure class=\"wp-block-image\"><img decoding=\"async\" src=\"https:\/\/www.cl.df.gov.br\/documents\/10162\/25379859\/2111188RM+%2812%29.jpg\/9c595b80-608f-dcb9-81dd-2e2519161556?t=1639750493540\" alt=\"Prudente creditou o aumento significativo do n\u00famero de proposi\u00e7\u00f5es aprovadas no ano ao compromisso da Casa com as medidas para fazer frente aos efeitos da pandemia \"\/><\/figure>\n\n\n\n<p>Prudente creditou o aumento significativo do n\u00famero de proposi\u00e7\u00f5es aprovadas no ano ao compromisso da Casa com as medidas para fazer frente aos efeitos da pandemia<\/p>\n\n\n\n<p>O ano de 2021 exigiu do Legislativo local celeridade e compromisso na discuss\u00e3o e aprecia\u00e7\u00e3o de um grande volume de proposi\u00e7\u00f5es legais, muitas delas urgentes no cen\u00e1rio de pandemia de Covid-19. Isso, com comiss\u00f5es e sess\u00f5es plen\u00e1rias que funcionaram, por meses, de forma remota. No total, a C\u00e2mara Legislativa aprovou 1.044 propostas, entre projetos de lei, projetos de lei complementar, altera\u00e7\u00f5es \u00e0 Lei Org\u00e2nica e requerimentos; o n\u00famero representa um aumento de cerca de 30% em rela\u00e7\u00e3o \u00e0 produ\u00e7\u00e3o legislativa de 2020.<\/p>\n\n\n\n<p>Durante encontro com representantes da m\u00eddia alternativa, nesta sexta-feira (17), o presidente da Casa, deputado Rafael Prudente (MDB), falou sobre a atua\u00e7\u00e3o da CLDF nos \u00faltimos 12 meses, destacando a aprova\u00e7\u00e3o de v\u00e1rios projetos, como a&nbsp;<a href=\"https:\/\/www.cl.df.gov.br\/-\/cldf-aprova-cria-c3-a7-c3-a3o-da-universidade-do-distrito-federal-c2-a0\">cria\u00e7\u00e3o da primeira universidade p\u00fablica do Distrito Federal, a UnDF<\/a>; a redu\u00e7\u00e3o de impostos para estimular setores produtivos, como o de&nbsp;<a href=\"https:\/\/www.cl.df.gov.br\/-\/setor-de-eventos-poder-c3-a1-pedir-anistia-de-multas-e-juros-do-iptu-e-ipva\">eventos<\/a>&nbsp;e o&nbsp;<a href=\"https:\/\/www.cl.df.gov.br\/-\/al-c3-adquota-de-iss-relativa-a-servi-c3-a7os-de-hospedagem-passar-c3-a1-de-5-para-3-\">hoteleiro<\/a>, e a cria\u00e7\u00e3o de uma s\u00e9rie de programas sociais, a exemplo do&nbsp;<a href=\"https:\/\/www.cl.df.gov.br\/-\/c-c3-a2mara-legislativa-aprova-plano-df-social-com-programas-de-transfer-c3-aancia-de-renda\">DF Social<\/a>, do&nbsp;<a href=\"https:\/\/www.cl.df.gov.br\/-\/plen-c3-a1rio-aprova-cart-c3-a3o-prato-cheio-e-cart-c3-a3o-g-c3-a1s-para-enfrentamento-das-consequ-c3-aancias-da-pandemia\">Cart\u00e3o G\u00e1s<\/a>&nbsp;e do&nbsp;<a href=\"https:\/\/www.cl.df.gov.br\/-\/cldf-aprova-cart-c3-a3o-creche-para-crian-c3-a7as-de-4-meses-a-3-anos\">Cart\u00e3o Creche<\/a>. \u201cEsses programas foram institucionalizados, passam a integrar nosso arcabou\u00e7o legal. Assim, n\u00e3o ser\u00e3o uma pol\u00edtica de governo e, sim, de Estado\u201d, ressaltou.<\/p>\n\n\n\n<p>Prudente creditou o aumento significativo do n\u00famero de proposi\u00e7\u00f5es aprovadas no ano ao compromisso da Casa com as medidas para fazer frente aos efeitos da pandemia e \u00e0s altera\u00e7\u00f5es legais necess\u00e1rias para implementar muitas dessas a\u00e7\u00f5es.&nbsp;<\/p>\n\n\n\n<p><img decoding=\"async\" width=\"388\" src=\"https:\/\/www.cl.df.gov.br\/documents\/10162\/25379859\/2111188RM+%284%29.jpg\/2422745f-38ff-874c-e2d4-653caa74da86?t=1639750493996\">O presidente do Legislativo tamb\u00e9m elencou algumas a\u00e7\u00f5es da C\u00e2mara Legislativa voltadas \u00e0 aproxima\u00e7\u00e3o com a popula\u00e7\u00e3o do DF: a instala\u00e7\u00e3o da&nbsp;<a href=\"https:\/\/www.cl.df.gov.br\/-\/tv-c-c3-a2mara-distrital-estreia-em-canal-aberto-nesta-segunda-feira-25-\">TV C\u00e2mara Distrital em canal aberto<\/a>, a reformula\u00e7\u00e3o do portal da Casa e a cria\u00e7\u00e3o de aplicativos, como o \u201c<a href=\"https:\/\/www.cl.df.gov.br\/-\/aplicativo-agora-c3-a9-lei-df-re-c3-bane-toda-a-legisla-c3-a7-c3-a3o-do-distrito-federal\">Agora \u00e9 Lei<\/a>\u201d. O parlamentar espera, em breve, poder retomar o \u201cC\u00e2mara Mais Perto de Voc\u00ea\u201d: \u201cA popula\u00e7\u00e3o, inclusive, nos cobra\u201d.<\/p>\n\n\n\n<p>Em 2022, ano marcado por disputa eleitoral, Rafael Prudente disse esperar que a CLDF siga desempenhando seu papel legiferante e fiscalizador. \u201cEspero que as elei\u00e7\u00f5es interfiram pouco\u201d, afirmou.&nbsp;<\/p>\n\n\n\n<p>Ele adiantou algumas pautas priorit\u00e1rias para o pr\u00f3ximo ano: como a social e a econ\u00f4mica. \u201cPrecisamos gerar empregos e deixar o empresariado trabalhar\u201d, disse. Outra prioridade vai ser a pauta fundi\u00e1ria, em especial a Lei de Uso e Ocupa\u00e7\u00e3o do Solo (Luos), o Plano Diretor de Ordenamento Territorial (PDOT) e o Plano de Preserva\u00e7\u00e3o do Conjunto Urban\u00edstico de Bras\u00edlia (PPCUB).<\/p>\n\n\n\n<figure class=\"wp-block-image\"><img decoding=\"async\" src=\"https:\/\/www.cl.df.gov.br\/documents\/10162\/25379859\/2111188RM+%2818%29.jpg\/0bee9b00-5fe3-7754-20cb-223add626025?t=1639750493912\" alt=\"\"\/><\/figure>\n\n\n\n<p><strong>N\u00fameros<\/strong>&nbsp;<\/p>\n\n\n\n<p>Das 1.044 proposi\u00e7\u00f5es aprovadas, 302 s\u00e3o projetos de lei (PL); 18 s\u00e3o projetos de lei complementar (PLC), e seis s\u00e3o projetos de Emenda \u00e0 Lei Org\u00e2nica (PELO). Dos PLs acatados, 27 dizem respeito \u00e0 pandemia de Covid-19. O montante total n\u00e3o inclui a aprecia\u00e7\u00e3o dos vetos do governador.<\/p>\n\n\n\n<p>Com rela\u00e7\u00e3o \u00e0s audi\u00eancias p\u00fablicas, a Casa realizou 177 discuss\u00f5es em ambiente remoto e seis presenciais, totalizando 183. Considerando que um ano tem 365 dias, o n\u00famero representa metade deles; o que equivaleria dizer que a CLDF realizou uma audi\u00eancia p\u00fablica a cada dois dias.&nbsp;<\/p>\n\n\n\n<p><strong>Denise Caputo &#8211; Ag\u00eancia CLDF<\/strong><\/p>\n","protected":false},"excerpt":{"rendered":"<p>Foto: Rinaldo Morelli\/CLDF Prudente creditou o aumento significativo do n\u00famero de proposi\u00e7\u00f5es aprovadas no ano ao compromisso da Casa com as medidas para fazer frente aos efeitos da pandemia O ano de 2021 exigiu do Legislativo local celeridade e compromisso na discuss\u00e3o e aprecia\u00e7\u00e3o de um grande volume de proposi\u00e7\u00f5es legais, muitas delas urgentes no [&hellip;]<\/p>\n","protected":false},"author":1,"featured_media":0,"comment_status":"open","ping_status":"open","sticky":false,"template":"","format":"standard","meta":{"footnotes":""},"categories":[],"tags":[],"class_list":["post-5438","post","type-post","status-publish","format-standard","hentry"],"_links":{"self":[{"href":"https:\/\/aguaslindasnoticias.com.br\/index.php\/wp-json\/wp\/v2\/posts\/5438","targetHints":{"allow":["GET"]}}],"collection":[{"href":"https:\/\/aguaslindasnoticias.com.br\/index.php\/wp-json\/wp\/v2\/posts"}],"about":[{"href":"https:\/\/aguaslindasnoticias.com.br\/index.php\/wp-json\/wp\/v2\/types\/post"}],"author":[{"embeddable":true,"href":"https:\/\/aguaslindasnoticias.com.br\/index.php\/wp-json\/wp\/v2\/users\/1"}],"replies":[{"embeddable":true,"href":"https:\/\/aguaslindasnoticias.com.br\/index.php\/wp-json\/wp\/v2\/comments?post=5438"}],"version-history":[{"count":0,"href":"https:\/\/aguaslindasnoticias.com.br\/index.php\/wp-json\/wp\/v2\/posts\/5438\/revisions"}],"wp:attachment":[{"href":"https:\/\/aguaslindasnoticias.com.br\/index.php\/wp-json\/wp\/v2\/media?parent=5438"}],"wp:term":[{"taxonomy":"category","embeddable":true,"href":"https:\/\/aguaslindasnoticias.com.br\/index.php\/wp-json\/wp\/v2\/categories?post=5438"},{"taxonomy":"post_tag","embeddable":true,"href":"https:\/\/aguaslindasnoticias.com.br\/index.php\/wp-json\/wp\/v2\/tags?post=5438"}],"curies":[{"name":"wp","href":"https:\/\/api.w.org\/{rel}","templated":true}]}}