{"id":5437,"date":"2023-01-04T10:12:59","date_gmt":"2023-01-04T13:12:59","guid":{"rendered":"https:\/\/aguaslindasnoticias.com.br\/index.php\/2023\/01\/04\/gdf-entrega-a-chave-de-15-quiosques-reformados-no-paranoa-parque\/"},"modified":"2023-01-04T10:12:59","modified_gmt":"2023-01-04T13:12:59","slug":"gdf-entrega-a-chave-de-15-quiosques-reformados-no-paranoa-parque","status":"publish","type":"post","link":"https:\/\/aguaslindasnoticias.com.br\/index.php\/2023\/01\/04\/gdf-entrega-a-chave-de-15-quiosques-reformados-no-paranoa-parque\/","title":{"rendered":"GDF entrega a chave de 15 quiosques reformados no Parano\u00e1 Parque"},"content":{"rendered":"\n<p>Os espa\u00e7os estavam abandonados e foram reformados pela administra\u00e7\u00e3o. Agora, o com\u00e9rcio vai beneficiar 40 mil moradores da regi\u00e3o<\/p>\n\n\n\n<p><strong>Marlene Gomes, da Ag\u00eancia Bras\u00edlia | Edi\u00e7\u00e3o: Renata Lu<\/strong><\/p>\n\n\n\n<figure class=\"wp-block-image\"><img decoding=\"async\" src=\"https:\/\/www.agenciabrasilia.df.gov.br\/wp-conteudo\/uploads\/2022\/02\/CAPA-6.jpg\" alt=\"\"\/><\/figure>\n\n\n\n<p>A Secretaria das Cidades entregou 15 Termos de Permiss\u00e3o de Uso Qualificado para Ocupa\u00e7\u00e3o dos quiosques do Parano\u00e1 Parque. Com o documento, os contemplados j\u00e1 podem solicitar a instala\u00e7\u00e3o de \u00e1gua e energia el\u00e9trica, \u00faltimo passo para a abertura efetiva dos espa\u00e7os. No total, foram constru\u00eddos 26 quiosques, mas 11 ainda ser\u00e3o licitados. A reforma dos espa\u00e7os custou R$ 241.412,47, recursos de emenda parlamentar do deputado Rafael Prudente.<\/p>\n\n\n\n<p>A abertura dos quiosques vai beneficiar 40 mil pessoas, aproximadamente, que residem nas nove mil unidades habitacionais do Parano\u00e1 Parque, j\u00e1 que o local \u00e9 carente de com\u00e9rcio.<\/p>\n\n\n\n<p>Os quiosques t\u00eam tamanhos variados. O tipo 1 mede 34,51 m\u00b2 e o tipo 2 tem 52,14 m\u00b2. Os espa\u00e7os poder\u00e3o ser utilizados para diferentes atividades, como lanchonete e chaveiro, para servi\u00e7os de corte e costura ou de sapateiro, entre outros.<\/p>\n\n\n\n<figure class=\"wp-block-image\"><img decoding=\"async\" src=\"http:\/\/www.agenciabrasilia.df.gov.br\/wp-conteudo\/uploads\/2022\/02\/Cl%C3%ADvia-Dias-JRO_4027.jpg\" alt=\"\" class=\"wp-image-375290\"\/><figcaption>\u201cQuando tem mais com\u00e9rcio a gente pode at\u00e9 comprar mais barato pertinho de casa\u201d, comemora a moradora do Parano\u00e1 Parque, C\u00edlvia Dias | Foto: Joel Rodrigues\/Ag\u00eancia Bras\u00edlia<\/figcaption><\/figure>\n\n\n\n<p>Esses pontos de venda foram constru\u00eddos na gest\u00e3o passada, mas j\u00e1 estavam deteriorados. Abandonados, com o tempo, sofreram a a\u00e7\u00e3o de v\u00e2ndalos, que depredaram as instala\u00e7\u00f5es. Alguns tamb\u00e9m foram ocupados por moradores de rua.<\/p>\n\n\n\n<blockquote class=\"wp-block-quote is-layout-flow wp-block-quote-is-layout-flow\"><p>\u201cAntes, esses espa\u00e7os para a explora\u00e7\u00e3o comercial eram dados \u00e0s pessoas por apadrinhamento pol\u00edtico. Agora, n\u00e3o. A regulariza\u00e7\u00e3o \u00e9 feita por licita\u00e7\u00e3o, que \u00e9 a forma correta e dentro da lei\u201d _ Alexandre Yanez, subsecret\u00e1rio de Mobili\u00e1rio Urbano e Apoio \u00e0s Cidades<\/p><\/blockquote>\n\n\n\n<p>O GDF reformou essas edifica\u00e7\u00f5es e as entregou em condi\u00e7\u00f5es de uso para que os benefici\u00e1rios possam desenvolver suas atividades econ\u00f4micas possibilitando, assim, o aumento de emprego, gera\u00e7\u00e3o de renda e melhoria da qualidade de vida da comunidade local.<\/p>\n\n\n\n<p>\u201cS\u00e3o 15 pais de fam\u00edlia que agora j\u00e1 podem trabalhar, cada um em sua atividade profissional, de forma regular e com seguran\u00e7a. O Parano\u00e1 Parque n\u00e3o tinha nenhum equipamento p\u00fablico como esse para atender ao com\u00e9rcio local\u201d, comemorou o administrador do Parano\u00e1, S\u00e9rgio Damasceno.<\/p>\n\n\n\n<p><strong>Saindo das ruas<\/strong><\/p>\n\n\n\n<p>H\u00e1 mais de uma d\u00e9cada trabalhando como vendedora de bolos e salgados pelas ruas do Parano\u00e1, Dinairan Uedijan Cavalcante de Melo, 51 anos, \u00e9 s\u00f3 alegria. O sorriso f\u00e1cil da mulher de nome dif\u00edcil tem um motivo nobre: Dinairan \u00e9 uma das 15 pessoas que receberam as chaves dos quiosques, um sonho que se tornou realidade.<\/p>\n\n\n\n<p>\u201cEu precisava muito sair das ruas \u2013 j\u00e1 sou uma senhora. Ent\u00e3o, estou muito feliz com essa conquista. Foi um longo tempo, mas valeu a pena esperar. Era uma coisa que eu queria muito e fiquei bastante satisfeita quando abri a porta do quiosque e vi que ele est\u00e1 todo arrumadinho e bonito. Estou mesmo muito animada\u201d, desabafou Dinairan, sem economizar palavras.<\/p>\n\n\n\n<p>Nesta semana mesmo, Dinairan pretende iniciar as atividades. O espa\u00e7o ser\u00e1 transformado em uma lanchonete, onde ela pretende vender os bolos e salgados que sempre produziu. Ela vai contar tamb\u00e9m com a ajuda do filho, Efrain, 30, que est\u00e1 desempregado, para preparar hamb\u00fargueres.<\/p>\n\n\n\n<p>O presidente da Associa\u00e7\u00e3o dos Quiosques do Parano\u00e1 Parque, Josiran de Oliveira Ferreira, ressaltou o esfor\u00e7o da Administra\u00e7\u00e3o do Parano\u00e1 para a regulariza\u00e7\u00e3o dos quiosques e oficializa\u00e7\u00e3o das atividades econ\u00f4micas nos espa\u00e7os.<\/p>\n\n\n\n<figure class=\"wp-block-image\"><img decoding=\"async\" src=\"http:\/\/www.agenciabrasilia.df.gov.br\/wp-conteudo\/uploads\/2022\/02\/Francisco-Newton-JRO_3999.jpg\" alt=\"\" class=\"wp-image-375291\"\/><figcaption>Francisco Newton tamb\u00e9m est\u00e1 animado com a novidade: \u201cCom os quiosques, vai melhorar muito para todo mundo. Aqui no Parano\u00e1 Parque s\u00f3 tem um mercado e uma farm\u00e1cia\u201d&nbsp; | Foto: Joel Rodrigues\/Ag\u00eancia Bras\u00edlia<\/figcaption><\/figure>\n\n\n\n<p><strong>Gest\u00e3o respons\u00e1vel<\/strong><\/p>\n\n\n\n<p>\u201cFoi um per\u00edodo dif\u00edcil. Tivemos a mudan\u00e7a de gest\u00e3o e a epidemia da covid-19, mas o administrador assumiu os tr\u00e2mites legais para que os quiosques fossem finalmente entregues aos contemplados, depois de mais de tr\u00eas anos da realiza\u00e7\u00e3o da licita\u00e7\u00e3o. Agora sim, essas pessoas id\u00f4neas, que necessitam trabalhar, v\u00e3o poder cuidar melhor de suas fam\u00edlias\u201d, disse Josiran Ferreira.<\/p>\n\n\n\n<blockquote class=\"wp-block-quote is-layout-flow wp-block-quote-is-layout-flow\"><p>\u201cS\u00e3o 15 pais de fam\u00edlia que agora j\u00e1 podem trabalhar, cada um em sua atividade profissional, de forma regular e com seguran\u00e7a. O Parano\u00e1 Parque n\u00e3o tinha nenhum equipamento p\u00fablico como esse para atender ao com\u00e9rcio local\u201d _ S\u00e9rgio Damasceno, administrador do Parano\u00e1,<\/p><\/blockquote>\n\n\n\n<p>A libera\u00e7\u00e3o dos quiosques contribui n\u00e3o apenas para melhorar a quest\u00e3o de emprego e renda para os contemplados. O funcionamento desses espa\u00e7os vai ajudar bastante os moradores do Parano\u00e1 Parque. Eles, agora, n\u00e3o v\u00e3o mais precisar se deslocar por grandes dist\u00e2ncias para fazer compras ou usufruir de um servi\u00e7o.<\/p>\n\n\n\n<p>Moradora da quadra 3, conjunto 4, a dona de casa Cl\u00edzia Dias Vasconcelos estava torcendo para que o com\u00e9rcio chegasse mais perto de casa. Um dos quiosques fica perto da sua resid\u00eancia e, mesmo n\u00e3o sabendo direito qual o servi\u00e7o ele vai prestar, ela elogia a futura benfeitoria. \u201cQuando tem mais com\u00e9rcio a gente pode at\u00e9 comprar mais barato pertinho de casa\u201d, explicou Cl\u00edzia Vasconcelos.<\/p>\n\n\n\n<p>\u201cCom os quiosques, vai melhorar muito para todo mundo. Aqui no Parano\u00e1 Parque s\u00f3 tem um mercado e uma farm\u00e1cia. Os quiosques, que ficam perto dos pr\u00e9dios, nunca foram ocupados e j\u00e1 estavam depredados\u201d, disse o vendedor aut\u00f4nomo de roupas, Francisco Newton Freitas, 47 anos, morador do Parano\u00e1 Parque desde 2018.<\/p>\n\n\n\n<p><strong>Licita\u00e7\u00e3o<\/strong><\/p>\n\n\n\n<p>Dos 26 quiosques constru\u00eddos, restam 11 unidades para serem regularizadas. De acordo com o subsecret\u00e1rio de Mobili\u00e1rio Urbano e Apoio \u00e0s Cidades, Alexandre Yanez, a Secretaria das Cidades j\u00e1 prepara o edital para a licita\u00e7\u00e3o desses espa\u00e7os remanescentes.<\/p>\n\n\n\n<p>\u201cAntes, esses espa\u00e7os para a explora\u00e7\u00e3o comercial eram dados \u00e0s pessoas por apadrinhamento pol\u00edtico. Agora, n\u00e3o. A regulariza\u00e7\u00e3o \u00e9 feita por licita\u00e7\u00e3o, que \u00e9 a forma correta e dentro da lei\u201d, destacou Alexandre Yanez.<\/p>\n\n\n\n<figure class=\"wp-block-image\"><img decoding=\"async\" src=\"http:\/\/www.agenciabrasilia.df.gov.br\/wp-conteudo\/uploads\/2022\/02\/JRO_4022.jpg\" alt=\"\" class=\"wp-image-375292\"\/><figcaption>A abertura dos quiosques vai beneficiar 40 mil pessoas, aproximadamente, que residem nas nove mil unidades habitacionais do Parano\u00e1 Parque, j\u00e1 que o local \u00e9 carente de com\u00e9rcio | Foto: Joel Rodrigues\/Ag\u00eancia Bras\u00edlia<\/figcaption><\/figure>\n","protected":false},"excerpt":{"rendered":"<p>Os espa\u00e7os estavam abandonados e foram reformados pela administra\u00e7\u00e3o. Agora, o com\u00e9rcio vai beneficiar 40 mil moradores da regi\u00e3o Marlene Gomes, da Ag\u00eancia Bras\u00edlia | Edi\u00e7\u00e3o: Renata Lu A Secretaria das Cidades entregou 15 Termos de Permiss\u00e3o de Uso Qualificado para Ocupa\u00e7\u00e3o dos quiosques do Parano\u00e1 Parque. Com o documento, os contemplados j\u00e1 podem solicitar [&hellip;]<\/p>\n","protected":false},"author":1,"featured_media":0,"comment_status":"open","ping_status":"open","sticky":false,"template":"","format":"standard","meta":{"footnotes":""},"categories":[],"tags":[],"class_list":["post-5437","post","type-post","status-publish","format-standard","hentry"],"_links":{"self":[{"href":"https:\/\/aguaslindasnoticias.com.br\/index.php\/wp-json\/wp\/v2\/posts\/5437","targetHints":{"allow":["GET"]}}],"collection":[{"href":"https:\/\/aguaslindasnoticias.com.br\/index.php\/wp-json\/wp\/v2\/posts"}],"about":[{"href":"https:\/\/aguaslindasnoticias.com.br\/index.php\/wp-json\/wp\/v2\/types\/post"}],"author":[{"embeddable":true,"href":"https:\/\/aguaslindasnoticias.com.br\/index.php\/wp-json\/wp\/v2\/users\/1"}],"replies":[{"embeddable":true,"href":"https:\/\/aguaslindasnoticias.com.br\/index.php\/wp-json\/wp\/v2\/comments?post=5437"}],"version-history":[{"count":0,"href":"https:\/\/aguaslindasnoticias.com.br\/index.php\/wp-json\/wp\/v2\/posts\/5437\/revisions"}],"wp:attachment":[{"href":"https:\/\/aguaslindasnoticias.com.br\/index.php\/wp-json\/wp\/v2\/media?parent=5437"}],"wp:term":[{"taxonomy":"category","embeddable":true,"href":"https:\/\/aguaslindasnoticias.com.br\/index.php\/wp-json\/wp\/v2\/categories?post=5437"},{"taxonomy":"post_tag","embeddable":true,"href":"https:\/\/aguaslindasnoticias.com.br\/index.php\/wp-json\/wp\/v2\/tags?post=5437"}],"curies":[{"name":"wp","href":"https:\/\/api.w.org\/{rel}","templated":true}]}}