{"id":5435,"date":"2023-01-04T10:12:59","date_gmt":"2023-01-04T13:12:59","guid":{"rendered":"https:\/\/aguaslindasnoticias.com.br\/index.php\/2023\/01\/04\/polo-agroindustrial-do-rio-preto-visa-alavancar-desenvolvimento-rural\/"},"modified":"2023-01-04T10:12:59","modified_gmt":"2023-01-04T13:12:59","slug":"polo-agroindustrial-do-rio-preto-visa-alavancar-desenvolvimento-rural","status":"publish","type":"post","link":"https:\/\/aguaslindasnoticias.com.br\/index.php\/2023\/01\/04\/polo-agroindustrial-do-rio-preto-visa-alavancar-desenvolvimento-rural\/","title":{"rendered":"Polo Agroindustrial do Rio Preto visa alavancar desenvolvimento rural"},"content":{"rendered":"\n<p>Edital de chamamento p\u00fablico recebe propostas para implementa\u00e7\u00e3o<\/p>\n\n\n\n<p><strong>Ag\u00eancia Bras\u00edlia* I Edi\u00e7\u00e3o: D\u00e9bora Cronemberger<\/strong><\/p>\n\n\n\n<figure class=\"wp-block-image\"><img decoding=\"async\" src=\"https:\/\/www.agenciabrasilia.df.gov.br\/wp-conteudo\/uploads\/2022\/02\/unnamed.png\" alt=\"\"\/><\/figure>\n\n\n\n<p>Est\u00e1 aberto o&nbsp;<a href=\"https:\/\/www.sde.df.gov.br\/chamamento-publico-no-01-2022\/\">Edital de Chamamento P\u00fablico n\u00ba 1\/2022<\/a>&nbsp;para acolhimento de propostas de empreendimentos para implanta\u00e7\u00e3o no Polo Agroindustrial do Rio Preto, em Planaltina. Por meio do edital, ser\u00e1 poss\u00edvel a inscri\u00e7\u00e3o de propostas de empreendimento de pessoas jur\u00eddicas com potencial para instala\u00e7\u00e3o no polo.<\/p>\n\n\n\n<p>Um dos principais prop\u00f3sitos do projeto \u00e9 o desenvolvimento rural do Distrito Federal. A meta \u00e9 criar uma nova base de sustenta\u00e7\u00e3o da agropecu\u00e1ria da regi\u00e3o para promover a gera\u00e7\u00e3o de empregos e renda no meio rural por meio por meio da inova\u00e7\u00e3o e da diversifica\u00e7\u00e3o.<\/p>\n\n\n\n<p>A regi\u00e3o do N\u00facleo Rural do Rio Preto possui grande potencial para polo irradiador de tecnologias e de empreendedorismo ligados ao agroneg\u00f3cio, o que pode ser ampliado com a cria\u00e7\u00e3o de incentivos.<strong>Polo quer atrair tecnologia e manter jovens no campo<\/strong><\/p>\n\n\n\n<p>O objetivo do projeto de alavancar o desenvolvimento do mercado local pode resultar em outros benef\u00edcios, como a moderniza\u00e7\u00e3o das atividades agropecu\u00e1rias, o fortalecimento das cadeias produtivas e a integra\u00e7\u00e3o de atividades j\u00e1 consolidadas, entre outras.<\/p>\n\n\n\n<p>A Secretaria de Desenvolvimento Econ\u00f4mico atua nesse projeto em parceria com as secretarias de Agricultura e de Projetos Especiais.<\/p>\n\n\n\n<p><em>&nbsp;*Com informa\u00e7\u00f5es da Secretaria de Desenvolvimento Econ\u00f4mico<\/em><\/p>\n","protected":false},"excerpt":{"rendered":"<p>Edital de chamamento p\u00fablico recebe propostas para implementa\u00e7\u00e3o Ag\u00eancia Bras\u00edlia* I Edi\u00e7\u00e3o: D\u00e9bora Cronemberger Est\u00e1 aberto o&nbsp;Edital de Chamamento P\u00fablico n\u00ba 1\/2022&nbsp;para acolhimento de propostas de empreendimentos para implanta\u00e7\u00e3o no Polo Agroindustrial do Rio Preto, em Planaltina. Por meio do edital, ser\u00e1 poss\u00edvel a inscri\u00e7\u00e3o de propostas de empreendimento de pessoas jur\u00eddicas com potencial para [&hellip;]<\/p>\n","protected":false},"author":1,"featured_media":0,"comment_status":"open","ping_status":"open","sticky":false,"template":"","format":"standard","meta":{"footnotes":""},"categories":[],"tags":[],"class_list":["post-5435","post","type-post","status-publish","format-standard","hentry"],"_links":{"self":[{"href":"https:\/\/aguaslindasnoticias.com.br\/index.php\/wp-json\/wp\/v2\/posts\/5435","targetHints":{"allow":["GET"]}}],"collection":[{"href":"https:\/\/aguaslindasnoticias.com.br\/index.php\/wp-json\/wp\/v2\/posts"}],"about":[{"href":"https:\/\/aguaslindasnoticias.com.br\/index.php\/wp-json\/wp\/v2\/types\/post"}],"author":[{"embeddable":true,"href":"https:\/\/aguaslindasnoticias.com.br\/index.php\/wp-json\/wp\/v2\/users\/1"}],"replies":[{"embeddable":true,"href":"https:\/\/aguaslindasnoticias.com.br\/index.php\/wp-json\/wp\/v2\/comments?post=5435"}],"version-history":[{"count":0,"href":"https:\/\/aguaslindasnoticias.com.br\/index.php\/wp-json\/wp\/v2\/posts\/5435\/revisions"}],"wp:attachment":[{"href":"https:\/\/aguaslindasnoticias.com.br\/index.php\/wp-json\/wp\/v2\/media?parent=5435"}],"wp:term":[{"taxonomy":"category","embeddable":true,"href":"https:\/\/aguaslindasnoticias.com.br\/index.php\/wp-json\/wp\/v2\/categories?post=5435"},{"taxonomy":"post_tag","embeddable":true,"href":"https:\/\/aguaslindasnoticias.com.br\/index.php\/wp-json\/wp\/v2\/tags?post=5435"}],"curies":[{"name":"wp","href":"https:\/\/api.w.org\/{rel}","templated":true}]}}