{"id":5434,"date":"2023-01-04T10:12:59","date_gmt":"2023-01-04T13:12:59","guid":{"rendered":"https:\/\/aguaslindasnoticias.com.br\/index.php\/2023\/01\/04\/brasil-recebe-mais-21-milhoes-de-doses-de-vacinas-da-pfizer\/"},"modified":"2023-01-04T10:12:59","modified_gmt":"2023-01-04T13:12:59","slug":"brasil-recebe-mais-21-milhoes-de-doses-de-vacinas-da-pfizer","status":"publish","type":"post","link":"https:\/\/aguaslindasnoticias.com.br\/index.php\/2023\/01\/04\/brasil-recebe-mais-21-milhoes-de-doses-de-vacinas-da-pfizer\/","title":{"rendered":"Brasil recebe mais 2,1 milh\u00f5es de doses de vacinas da Pfizer"},"content":{"rendered":"\n<p>Mais de 2,1 milh\u00f5es de doses da vacina da Pfizer contra a covid-19, voltadas para o p\u00fablico acima de 12 anos de idade, chegam ao Brasil nesta sexta-feira (4). Este \u00e9 o primeiro lote de dois que ser\u00e3o entregues at\u00e9 o fim de semana, segundo o Minist\u00e9rio da Sa\u00fade.<\/p>\n\n\n\n<p>A nova remessa ir\u00e1 se unir com as mais de 177 milh\u00f5es de doses da vacina enviadas para a campanha de imuniza\u00e7\u00e3o.<\/p>\n\n\n\n<p>As vacinas desembarcam no Aeroporto de Guarulhos, em S\u00e3o Paulo. \u201cLogo ap\u00f3s passarem por um r\u00edgido controle de qualidade, os imunizantes come\u00e7ar\u00e3o a ser distribu\u00eddos aos estados e ao Distrito Federal, seguindo crit\u00e9rios de igualdade e propor\u00e7\u00e3o populacional\u201d, informa o minist\u00e9rio.<\/p>\n\n\n\n<p>Vacina\u00e7\u00e3o<br>A campanha de vacina\u00e7\u00e3o contra a covid-19 ultrapassou mais de 407 milh\u00f5es de doses de vacinas distribu\u00eddas para estados, munic\u00edpios e Distrito Federal. Destas, mais de 359 milh\u00f5es foram aplicadas, segundo balan\u00e7o do minist\u00e9rio.<\/p>\n\n\n\n<p>Edi\u00e7\u00e3o: Fernando Fraga<\/p>\n\n\n\n<p>Foto: T\u00e2nia R\u00eago\/Ag\u00eancia Brasil<\/p>\n\n\n\n<p>Fonte: Ag\u00eancia Brasil<\/p>\n","protected":false},"excerpt":{"rendered":"<p>Mais de 2,1 milh\u00f5es de doses da vacina da Pfizer contra a covid-19, voltadas para o p\u00fablico acima de 12 anos de idade, chegam ao Brasil nesta sexta-feira (4). Este \u00e9 o primeiro lote de dois que ser\u00e3o entregues at\u00e9 o fim de semana, segundo o Minist\u00e9rio da Sa\u00fade. A nova remessa ir\u00e1 se unir [&hellip;]<\/p>\n","protected":false},"author":1,"featured_media":0,"comment_status":"open","ping_status":"open","sticky":false,"template":"","format":"standard","meta":{"footnotes":""},"categories":[],"tags":[],"class_list":["post-5434","post","type-post","status-publish","format-standard","hentry"],"_links":{"self":[{"href":"https:\/\/aguaslindasnoticias.com.br\/index.php\/wp-json\/wp\/v2\/posts\/5434","targetHints":{"allow":["GET"]}}],"collection":[{"href":"https:\/\/aguaslindasnoticias.com.br\/index.php\/wp-json\/wp\/v2\/posts"}],"about":[{"href":"https:\/\/aguaslindasnoticias.com.br\/index.php\/wp-json\/wp\/v2\/types\/post"}],"author":[{"embeddable":true,"href":"https:\/\/aguaslindasnoticias.com.br\/index.php\/wp-json\/wp\/v2\/users\/1"}],"replies":[{"embeddable":true,"href":"https:\/\/aguaslindasnoticias.com.br\/index.php\/wp-json\/wp\/v2\/comments?post=5434"}],"version-history":[{"count":0,"href":"https:\/\/aguaslindasnoticias.com.br\/index.php\/wp-json\/wp\/v2\/posts\/5434\/revisions"}],"wp:attachment":[{"href":"https:\/\/aguaslindasnoticias.com.br\/index.php\/wp-json\/wp\/v2\/media?parent=5434"}],"wp:term":[{"taxonomy":"category","embeddable":true,"href":"https:\/\/aguaslindasnoticias.com.br\/index.php\/wp-json\/wp\/v2\/categories?post=5434"},{"taxonomy":"post_tag","embeddable":true,"href":"https:\/\/aguaslindasnoticias.com.br\/index.php\/wp-json\/wp\/v2\/tags?post=5434"}],"curies":[{"name":"wp","href":"https:\/\/api.w.org\/{rel}","templated":true}]}}