{"id":5433,"date":"2023-01-04T10:12:59","date_gmt":"2023-01-04T13:12:59","guid":{"rendered":"https:\/\/aguaslindasnoticias.com.br\/index.php\/2023\/01\/04\/inscreveu-se-para-bolsa-de-estudo-confira-o-resultado\/"},"modified":"2023-01-04T10:12:59","modified_gmt":"2023-01-04T13:12:59","slug":"inscreveu-se-para-bolsa-de-estudo-confira-o-resultado","status":"publish","type":"post","link":"https:\/\/aguaslindasnoticias.com.br\/index.php\/2023\/01\/04\/inscreveu-se-para-bolsa-de-estudo-confira-o-resultado\/","title":{"rendered":"Inscreveu-se para bolsa de estudo? Confira o resultado"},"content":{"rendered":"\n<figure class=\"wp-block-image\"><img decoding=\"async\" src=\"https:\/\/www.agenciabrasilia.df.gov.br\/wp-conteudo\/uploads\/2022\/02\/SELO-mat%C3%A9rias-DODF.png\" alt=\"\"\/><\/figure>\n\n\n\n<p>Na edi\u00e7\u00e3o desta quinta-feira (3) do Di\u00e1rio Oficial do Distrito Federal (DODF) foi publicado o resultado final do programa de concess\u00e3o de bolsas de estudo do Centro de Ensino Universit\u00e1rio do Distrito Federal (UDF) para os candidatos da sociedade civil. Ao todo, 36 candidatos, egressos da rede p\u00fablica de ensino do DF, foram contemplados com bolsas de estudo para cursos do ensino superior que ter\u00e3o in\u00edcio no pr\u00f3ximo dia 21.<\/p>\n\n\n\n<p>O candidato contemplado dever\u00e1 entrar em contato com o UDF, a partir do segundo dia \u00fatil ap\u00f3s a publica\u00e7\u00e3o do edital, para prestar o vestibular. Ap\u00f3s a aprova\u00e7\u00e3o, ser\u00e1 preciso fazer a matr\u00edcula e enviar a confirma\u00e7\u00e3o ao e-mail&nbsp;<a href=\"mailto:cbudf.egov@economia.df.gov.br\">cbudf.egov@economia.df.gov.br<\/a>, para fins de valida\u00e7\u00e3o da bolsa de estudo.<\/p>\n\n\n\n<p>No primeiro semestre letivo deste ano, s\u00e3o 100 vagas oferecidas pelo UDF para o programa de bolsas. O n\u00famero equivale a 10% das vagas abertas nos cursos oferecidos pela institui\u00e7\u00e3o. Ao todo, nesta edi\u00e7\u00e3o, a sele\u00e7\u00e3o dos representantes da sociedade civil recebeu quase 4 mil acessos. Desse total, 153 inscri\u00e7\u00f5es foram habilitadas para a apura\u00e7\u00e3o final.<\/p>\n\n\n\n<figure class=\"wp-block-image\"><img decoding=\"async\" src=\"http:\/\/agenciabrasilia.df.gov.br\/wp-conteudo\/uploads\/2022\/02\/3.2.-Bolsas-de-estudo.-1-1-e1643910618279.png\" alt=\"\" class=\"wp-image-374435\"\/><figcaption>S\u00e3o 100 vagas oferecidas para o primeiro semestre letivo deste ano | Arte: Egov<\/figcaption><\/figure>\n\n\n\n<p>Ap\u00f3s a divulga\u00e7\u00e3o do resultado final, o UDF&nbsp;receber\u00e1 of\u00edcio com a rela\u00e7\u00e3o dos contemplados para cada curso. O procedimento de ingresso e de matr\u00edcula \u00e9 de inteira responsabilidade do candidato, que dever\u00e1 seguir as exig\u00eancias da institui\u00e7\u00e3o de ensino. Na pr\u00f3xima semana, a comiss\u00e3o do programa divulgar\u00e1 os resultados das 64 vagas destinadas a servidores e empregados p\u00fablicos do GDF.<\/p>\n\n\n\n<p><strong>Incentivo \u00e0 educa\u00e7\u00e3o<\/strong><\/p>\n\n\n\n<blockquote class=\"wp-block-quote is-layout-flow wp-block-quote-is-layout-flow\"><p>\u201cEsse programa \u00e9 de extrema relev\u00e2ncia para Bras\u00edlia, porque garante transforma\u00e7\u00e3o da vida e da fam\u00edlia do cidad\u00e3o\u201d&nbsp;\u2013 Adriana Faria, secret\u00e1ria executiva de Valoriza\u00e7\u00e3o e Qualidade de Vida<\/p><\/blockquote>\n\n\n\n<p>Atualmente, 373 estudantes contemplados em edi\u00e7\u00f5es anteriores est\u00e3o tendo a oportunidade de cursar o ensino superior de forma totalmente gratuita. A gest\u00e3o do programa \u00e9 feita pela Escola de Governo do Distrito Federal (Egov), entidade sob supervis\u00e3o da Secretaria Executiva de Valoriza\u00e7\u00e3o e Qualidade de Vida (Sequali), da Secretaria de Economia (Seec).<\/p>\n\n\n\n<p>\u201cA forma\u00e7\u00e3o agrega valor para a sociedade\u201d, explica a titular da Sequali, Adriana Faria. \u201cFomentar a educa\u00e7\u00e3o \u00e9 o caminho para o progresso de uma coletividade cada vez mais igualit\u00e1ria e justa. Esse programa \u00e9 de extrema relev\u00e2ncia para Bras\u00edlia, porque garante transforma\u00e7\u00e3o da vida e da fam\u00edlia do cidad\u00e3o.\u201d<\/p>\n\n\n\n<p>A diretora executiva da Egov, Juliana Tolentino, lembra da import\u00e2ncia do apoio do Governo do Distrito Federal (GDF) ao programa: \u201cEstamos imensamente felizes com esse resultado. O governador Ibaneis Rocha acompanhou pessoalmente a reestrutura\u00e7\u00e3o do programa, que foi uma das primeiras entregas da atual gest\u00e3o, a fim de ampliar a inclus\u00e3o social e o acesso \u00e0 educa\u00e7\u00e3o superior dos candidatos da sociedade civil do DF\u201d.<\/p>\n\n\n\n<p>Acesse&nbsp;<a href=\"https:\/\/egov.df.gov.br\/processo-seletivo-1o-semestre-de-2022\/\">aqui&nbsp;<\/a>o resultado do processo seletivo.<\/p>\n\n\n\n<p>*<em>Com informa\u00e7\u00f5es da Escola de Governo<\/em><\/p>\n","protected":false},"excerpt":{"rendered":"<p>Na edi\u00e7\u00e3o desta quinta-feira (3) do Di\u00e1rio Oficial do Distrito Federal (DODF) foi publicado o resultado final do programa de concess\u00e3o de bolsas de estudo do Centro de Ensino Universit\u00e1rio do Distrito Federal (UDF) para os candidatos da sociedade civil. Ao todo, 36 candidatos, egressos da rede p\u00fablica de ensino do DF, foram contemplados com [&hellip;]<\/p>\n","protected":false},"author":1,"featured_media":0,"comment_status":"open","ping_status":"open","sticky":false,"template":"","format":"standard","meta":{"footnotes":""},"categories":[],"tags":[],"class_list":["post-5433","post","type-post","status-publish","format-standard","hentry"],"_links":{"self":[{"href":"https:\/\/aguaslindasnoticias.com.br\/index.php\/wp-json\/wp\/v2\/posts\/5433","targetHints":{"allow":["GET"]}}],"collection":[{"href":"https:\/\/aguaslindasnoticias.com.br\/index.php\/wp-json\/wp\/v2\/posts"}],"about":[{"href":"https:\/\/aguaslindasnoticias.com.br\/index.php\/wp-json\/wp\/v2\/types\/post"}],"author":[{"embeddable":true,"href":"https:\/\/aguaslindasnoticias.com.br\/index.php\/wp-json\/wp\/v2\/users\/1"}],"replies":[{"embeddable":true,"href":"https:\/\/aguaslindasnoticias.com.br\/index.php\/wp-json\/wp\/v2\/comments?post=5433"}],"version-history":[{"count":0,"href":"https:\/\/aguaslindasnoticias.com.br\/index.php\/wp-json\/wp\/v2\/posts\/5433\/revisions"}],"wp:attachment":[{"href":"https:\/\/aguaslindasnoticias.com.br\/index.php\/wp-json\/wp\/v2\/media?parent=5433"}],"wp:term":[{"taxonomy":"category","embeddable":true,"href":"https:\/\/aguaslindasnoticias.com.br\/index.php\/wp-json\/wp\/v2\/categories?post=5433"},{"taxonomy":"post_tag","embeddable":true,"href":"https:\/\/aguaslindasnoticias.com.br\/index.php\/wp-json\/wp\/v2\/tags?post=5433"}],"curies":[{"name":"wp","href":"https:\/\/api.w.org\/{rel}","templated":true}]}}