{"id":5432,"date":"2023-01-04T10:12:59","date_gmt":"2023-01-04T13:12:59","guid":{"rendered":"https:\/\/aguaslindasnoticias.com.br\/index.php\/2023\/01\/04\/lago-norte-recebera-primeiro-campus-da-universidade-do-df\/"},"modified":"2023-01-04T10:12:59","modified_gmt":"2023-01-04T13:12:59","slug":"lago-norte-recebera-primeiro-campus-da-universidade-do-df","status":"publish","type":"post","link":"https:\/\/aguaslindasnoticias.com.br\/index.php\/2023\/01\/04\/lago-norte-recebera-primeiro-campus-da-universidade-do-df\/","title":{"rendered":"Lago Norte receber\u00e1 primeiro campus da Universidade do DF"},"content":{"rendered":"\n<figure class=\"wp-block-image\"><img decoding=\"async\" src=\"https:\/\/www.agenciabrasilia.df.gov.br\/wp-conteudo\/uploads\/2022\/02\/Foto-Ascom-AR-Lago-Norte-2.jpg\" alt=\"\"\/><\/figure>\n\n\n\n<p>O administrador regional do Lago Norte, Marcelo Ferreira, recebeu nessa quarta-feira (2), a reitora pro tempore da Universidade do Distrito Federal Professor Jorge Amaury Maia Nunes (UnDF), Simone Benck, no pr\u00e9dio cedido pela Terracap para instala\u00e7\u00e3o do primeiro campus da institui\u00e7\u00e3o, localizado no CA 2 do Lago Norte.<\/p>\n\n\n\n<blockquote class=\"wp-block-quote is-layout-flow wp-block-quote-is-layout-flow\"><p>Campus trar\u00e1 possibilidade de oferta de educa\u00e7\u00e3o superior p\u00fablica aos moradores ao redor do Lago Norte, como Parano\u00e1, Itapo\u00e3, Granja do Torto, Varj\u00e3o, e para \u00e1reas rurais localizadas na ponta norte do DF<\/p><\/blockquote>\n\n\n\n<p>As obras de reforma do pr\u00e9dio j\u00e1 est\u00e3o em andamento. A Novacap, em parceria com a administra\u00e7\u00e3o, far\u00e1 a limpeza das \u00e1reas externas, recupera\u00e7\u00e3o das cal\u00e7adas e p\u00e1tios, al\u00e9m do servi\u00e7o de jardinagem. A Secretaria de Educa\u00e7\u00e3o do DF est\u00e1 custeando a obra para melhoria do pr\u00e9dio. A estimativa \u00e9 que seja entregue no final de fevereiro e que no segundo semestre de 2022 tudo esteja pronto para o in\u00edcio dos trabalhos.<\/p>\n\n\n\n<p>Esse campus trar\u00e1 a possibilidade de oferta de educa\u00e7\u00e3o superior p\u00fablica aos moradores ao redor do Lago Norte, como Parano\u00e1, Itapo\u00e3, Granja do Torto, Varj\u00e3o, e para \u00e1reas rurais localizadas na ponta norte do DF.<\/p>\n\n\n\n<figure class=\"wp-block-image\"><img decoding=\"async\" src=\"http:\/\/agenciabrasilia.df.gov.br\/wp-conteudo\/uploads\/2022\/02\/Foto-Ascom-AR-Lago-Norte-1.jpg\" alt=\"\" class=\"wp-image-374505\"\/><figcaption>A san\u00e7\u00e3o da lei que criou a UnDF foi assinada em julho de 2021 pelo governador Ibaneis Rocha | Fotos: Ascom\/AR Lago Norte<\/figcaption><\/figure>\n\n\n\n<p>\u201cRecebi com muita alegria a not\u00edcia que o primeiro campus da UnDF seria aqui no Lago Norte. Toda a regi\u00e3o norte do Distrito Federal ser\u00e1 beneficiada com essa estrutura\u201d, afirma o administrador Marcelo Ferreira.<\/p>\n\n\n\n<p>Simone Benck destaca que a UnDF atuar\u00e1 de forma multicampi e multiespacial, aproveitando espa\u00e7os f\u00edsicos subutilizados pela administra\u00e7\u00e3o p\u00fablica, com infraestruturas j\u00e1 institu\u00eddas \u2013 e ociosas \u2013 do Estado. Com isso, a oferta de educa\u00e7\u00e3o superior gratuita privilegiar\u00e1 as localidades do DF que ainda n\u00e3o possuem universidades.<\/p>\n\n\n\n<blockquote class=\"wp-block-quote is-layout-flow wp-block-quote-is-layout-flow\"><p>R$ 200 milh\u00f5es ser\u00e3o investidos pelos pr\u00f3ximos quatro anos na implanta\u00e7\u00e3o da UnDF<\/p><\/blockquote>\n\n\n\n<p><strong>Cursos oferecidos<\/strong><\/p>\n\n\n\n<p>A Lei Complementar n\u00ba 987\/2021 define em seu Artigo 7\u00b0 que a UnDF poder\u00e1 atuar em todos os campos do conhecimento, cujas \u00e1reas de excel\u00eancia interessem aos seus programas e projetos, enfatizando Ci\u00eancias humanas, Cidadania e meio ambiente; Gest\u00e3o governamental de pol\u00edticas p\u00fablicas e de servi\u00e7os; Educa\u00e7\u00e3o e magist\u00e9rio; Letras, artes e l\u00ednguas estrangeiras modernas; Ci\u00eancias da natureza e matem\u00e1tica; Educa\u00e7\u00e3o f\u00edsica e esportes; Seguran\u00e7a p\u00fablica e defesa social; engenharias e \u00e1reas tecnol\u00f3gicas de setores produtivos; Arquitetura e urbanismo e Ci\u00eancias da sa\u00fade.<\/p>\n\n\n\n<p>A san\u00e7\u00e3o da lei que criou a UnDF foi assinada em julho de 2021 pelo governador Ibaneis Rocha. Fruto de um sonho de d\u00e9cadas, o projeto pioneiro, de autoria do Executivo local, autoriza a constru\u00e7\u00e3o do primeiro centro universit\u00e1rio distrital, ampliando a oferta gratuita de vagas no ensino superior.<\/p>\n\n\n\n<p>Na ocasi\u00e3o, o chefe do Executivo anunciou investimento de R$ 200 milh\u00f5es pelos pr\u00f3ximos quatro anos, a realiza\u00e7\u00e3o de concurso p\u00fablico para 3,5 mil profissionais, a cess\u00e3o de um im\u00f3vel no Lago Norte para funcionamento inicial da universidade e o projeto para constru\u00e7\u00e3o de um pr\u00e9dio na \u00e1rea do Parque Tecnol\u00f3gico (Biotic), que tamb\u00e9m ser\u00e1 destinado \u00e0s instala\u00e7\u00f5es acad\u00eamicas.<\/p>\n\n\n\n<p>O nome da UnDF \u00e9 uma justa homenagem ao professor Jorge Amaury, que esteve na luta pela implanta\u00e7\u00e3o da UnDF at\u00e9 2021 e faleceu v\u00edtima de covid-19.<\/p>\n\n\n\n<p><em>*Com informa\u00e7\u00f5es da Administra\u00e7\u00e3o Regional do Lago Norte<\/em><\/p>\n","protected":false},"excerpt":{"rendered":"<p>O administrador regional do Lago Norte, Marcelo Ferreira, recebeu nessa quarta-feira (2), a reitora pro tempore da Universidade do Distrito Federal Professor Jorge Amaury Maia Nunes (UnDF), Simone Benck, no pr\u00e9dio cedido pela Terracap para instala\u00e7\u00e3o do primeiro campus da institui\u00e7\u00e3o, localizado no CA 2 do Lago Norte. Campus trar\u00e1 possibilidade de oferta de educa\u00e7\u00e3o [&hellip;]<\/p>\n","protected":false},"author":1,"featured_media":0,"comment_status":"open","ping_status":"open","sticky":false,"template":"","format":"standard","meta":{"footnotes":""},"categories":[],"tags":[],"class_list":["post-5432","post","type-post","status-publish","format-standard","hentry"],"_links":{"self":[{"href":"https:\/\/aguaslindasnoticias.com.br\/index.php\/wp-json\/wp\/v2\/posts\/5432","targetHints":{"allow":["GET"]}}],"collection":[{"href":"https:\/\/aguaslindasnoticias.com.br\/index.php\/wp-json\/wp\/v2\/posts"}],"about":[{"href":"https:\/\/aguaslindasnoticias.com.br\/index.php\/wp-json\/wp\/v2\/types\/post"}],"author":[{"embeddable":true,"href":"https:\/\/aguaslindasnoticias.com.br\/index.php\/wp-json\/wp\/v2\/users\/1"}],"replies":[{"embeddable":true,"href":"https:\/\/aguaslindasnoticias.com.br\/index.php\/wp-json\/wp\/v2\/comments?post=5432"}],"version-history":[{"count":0,"href":"https:\/\/aguaslindasnoticias.com.br\/index.php\/wp-json\/wp\/v2\/posts\/5432\/revisions"}],"wp:attachment":[{"href":"https:\/\/aguaslindasnoticias.com.br\/index.php\/wp-json\/wp\/v2\/media?parent=5432"}],"wp:term":[{"taxonomy":"category","embeddable":true,"href":"https:\/\/aguaslindasnoticias.com.br\/index.php\/wp-json\/wp\/v2\/categories?post=5432"},{"taxonomy":"post_tag","embeddable":true,"href":"https:\/\/aguaslindasnoticias.com.br\/index.php\/wp-json\/wp\/v2\/tags?post=5432"}],"curies":[{"name":"wp","href":"https:\/\/api.w.org\/{rel}","templated":true}]}}