{"id":5431,"date":"2023-01-04T10:12:59","date_gmt":"2023-01-04T13:12:59","guid":{"rendered":"https:\/\/aguaslindasnoticias.com.br\/index.php\/2023\/01\/04\/governo-reajusta-alimentacao-e-da-auxilio-inedito-a-policia-civil\/"},"modified":"2023-01-04T10:12:59","modified_gmt":"2023-01-04T13:12:59","slug":"governo-reajusta-alimentacao-e-da-auxilio-inedito-a-policia-civil","status":"publish","type":"post","link":"https:\/\/aguaslindasnoticias.com.br\/index.php\/2023\/01\/04\/governo-reajusta-alimentacao-e-da-auxilio-inedito-a-policia-civil\/","title":{"rendered":"Governo reajusta alimenta\u00e7\u00e3o e d\u00e1 aux\u00edlio in\u00e9dito \u00e0 Pol\u00edcia Civil"},"content":{"rendered":"\n<figure class=\"wp-block-image\"><img decoding=\"async\" src=\"https:\/\/www.agenciabrasilia.df.gov.br\/wp-conteudo\/uploads\/2022\/02\/114A1648.jpg\" alt=\"\"\/><\/figure>\n\n\n\n<p>O Governo do Distrito Federal encaminha nesta quinta-feira (3), \u00e0 C\u00e2mara Legislativa, dois projetos de lei do Executivo propondo \u00e0 Pol\u00edcia Civil a equipara\u00e7\u00e3o de benef\u00edcios j\u00e1 garantidos \u00e0s outras for\u00e7as de seguran\u00e7a p\u00fablica do DF.<\/p>\n\n\n\n<p>No primeiro texto, fica institu\u00eddo o aux\u00edlio uniforme, no valor de R$ 3 mil, a todas as carreiras da ativa da Pol\u00edcia Civil, como delegados, m\u00e9dicos legistas, peritos criminais, papiloscopistas, agentes de pol\u00edcia e escriv\u00e3es. O benef\u00edcio, j\u00e1 garantido aos servidores da Pol\u00edcia Militar e do Corpo de Bombeiros, ser\u00e1 pago em parcela \u00fanica anual nos meses de dezembro.<\/p>\n\n\n\n<figure class=\"wp-block-image\"><img decoding=\"async\" src=\"http:\/\/www.agenciabrasilia.df.gov.br\/wp-conteudo\/uploads\/2022\/02\/114A1644-1024x742.jpg\" alt=\"\" class=\"wp-image-374569\"\/><figcaption>\u201c\u00c9 a garantia de um compromisso de gest\u00e3o feito pelo governador Ibaneis de tratar com isonomia as for\u00e7as que cuidam, de forma integrada, da seguran\u00e7a dos cidad\u00e3os no Distrito Federal\u201d, destacou o secret\u00e1rio de Seguran\u00e7a P\u00fablica, J\u00falio Danilo | Foto: Renato Alves\/Ag\u00eancia Bras\u00edlia<\/figcaption><\/figure>\n\n\n\n<p>At\u00e9 ent\u00e3o, os policiais civis em opera\u00e7\u00f5es de rotina, dilig\u00eancias e plant\u00f5es precisavam custear por conta pr\u00f3pria a padroniza\u00e7\u00e3o do fardamento. \u201cTrata-se de um ganho in\u00e9dito para a carreira em toda a hist\u00f3ria da PCDF\u201d, afirma o delegado geral da Pol\u00edcia Civil do DF, Robson C\u00e2ndido.<\/p>\n\n\n\n<blockquote class=\"wp-block-quote is-layout-flow wp-block-quote-is-layout-flow\"><p>Os dois projetos de lei do Executivo ser\u00e3o submetidos \u00e0 an\u00e1lise dos deputados distritais para futura aprova\u00e7\u00e3o<\/p><\/blockquote>\n\n\n\n<p>O segundo projeto prop\u00f5e a suplementa\u00e7\u00e3o de R$ 392 mensais ao aux\u00edlio alimenta\u00e7\u00e3o dos policiais civis, que atualmente \u00e9 de R$ 458. Com isso, a verba indenizat\u00f3ria passa a ser de R$ 850 por m\u00eas, mesmo valor pago aos policiais militares e bombeiros desde 2015.<\/p>\n\n\n\n<p>Os dois aux\u00edlios ser\u00e3o incorporados aos subs\u00eddios dos servidores. \u201c\u00c9 a garantia de um compromisso de gest\u00e3o feito pelo governador Ibaneis de tratar com isonomia as for\u00e7as que cuidam, de forma integrada, da seguran\u00e7a dos cidad\u00e3os no Distrito Federal\u201d, ressalta o secret\u00e1rio de Seguran\u00e7a P\u00fablica J\u00falio Danilo.<\/p>\n\n\n\n<p>Os dois projetos de lei do Executivo ser\u00e3o submetidos \u00e0 an\u00e1lise dos deputados distritais para futura aprova\u00e7\u00e3o.<\/p>\n","protected":false},"excerpt":{"rendered":"<p>O Governo do Distrito Federal encaminha nesta quinta-feira (3), \u00e0 C\u00e2mara Legislativa, dois projetos de lei do Executivo propondo \u00e0 Pol\u00edcia Civil a equipara\u00e7\u00e3o de benef\u00edcios j\u00e1 garantidos \u00e0s outras for\u00e7as de seguran\u00e7a p\u00fablica do DF. No primeiro texto, fica institu\u00eddo o aux\u00edlio uniforme, no valor de R$ 3 mil, a todas as carreiras da [&hellip;]<\/p>\n","protected":false},"author":1,"featured_media":0,"comment_status":"open","ping_status":"open","sticky":false,"template":"","format":"standard","meta":{"footnotes":""},"categories":[],"tags":[],"class_list":["post-5431","post","type-post","status-publish","format-standard","hentry"],"_links":{"self":[{"href":"https:\/\/aguaslindasnoticias.com.br\/index.php\/wp-json\/wp\/v2\/posts\/5431","targetHints":{"allow":["GET"]}}],"collection":[{"href":"https:\/\/aguaslindasnoticias.com.br\/index.php\/wp-json\/wp\/v2\/posts"}],"about":[{"href":"https:\/\/aguaslindasnoticias.com.br\/index.php\/wp-json\/wp\/v2\/types\/post"}],"author":[{"embeddable":true,"href":"https:\/\/aguaslindasnoticias.com.br\/index.php\/wp-json\/wp\/v2\/users\/1"}],"replies":[{"embeddable":true,"href":"https:\/\/aguaslindasnoticias.com.br\/index.php\/wp-json\/wp\/v2\/comments?post=5431"}],"version-history":[{"count":0,"href":"https:\/\/aguaslindasnoticias.com.br\/index.php\/wp-json\/wp\/v2\/posts\/5431\/revisions"}],"wp:attachment":[{"href":"https:\/\/aguaslindasnoticias.com.br\/index.php\/wp-json\/wp\/v2\/media?parent=5431"}],"wp:term":[{"taxonomy":"category","embeddable":true,"href":"https:\/\/aguaslindasnoticias.com.br\/index.php\/wp-json\/wp\/v2\/categories?post=5431"},{"taxonomy":"post_tag","embeddable":true,"href":"https:\/\/aguaslindasnoticias.com.br\/index.php\/wp-json\/wp\/v2\/tags?post=5431"}],"curies":[{"name":"wp","href":"https:\/\/api.w.org\/{rel}","templated":true}]}}