{"id":5429,"date":"2023-01-04T10:12:59","date_gmt":"2023-01-04T13:12:59","guid":{"rendered":"https:\/\/aguaslindasnoticias.com.br\/index.php\/2023\/01\/04\/veiculos-abandonados-sao-retirados-no-plano-piloto\/"},"modified":"2023-01-04T10:12:59","modified_gmt":"2023-01-04T13:12:59","slug":"veiculos-abandonados-sao-retirados-no-plano-piloto","status":"publish","type":"post","link":"https:\/\/aguaslindasnoticias.com.br\/index.php\/2023\/01\/04\/veiculos-abandonados-sao-retirados-no-plano-piloto\/","title":{"rendered":"Ve\u00edculos abandonados s\u00e3o retirados no Plano Piloto"},"content":{"rendered":"\n<figure class=\"wp-block-image\"><img decoding=\"async\" src=\"https:\/\/www.agenciabrasilia.df.gov.br\/wp-conteudo\/uploads\/2022\/02\/WhatsApp-Image-2022-02-03-at-18.42.41-1.jpeg\" alt=\"\"\/><\/figure>\n\n\n\n<blockquote class=\"wp-block-quote is-layout-flow wp-block-quote-is-layout-flow\"><p>\u201cNosso objetivo \u00e9 retirar esses carros abandonados que trazem preju\u00edzos para a popula\u00e7\u00e3o devido ao ac\u00famulo de \u00e1gua em seus interiores, al\u00e9m de ser ponto de esconderijo para criminosos, bem como de abrigo para pessoas em situa\u00e7\u00e3o de rua\u201dMarcelo Batista, coordenador dos conselhos comunit\u00e1rios de seguran\u00e7a<\/p><\/blockquote>\n\n\n\n<p>Com o objetivo de aumentar a sensa\u00e7\u00e3o de seguran\u00e7a e prevenir a popula\u00e7\u00e3o do Distrito Federal de focos do mosquito da dengue, a Secretaria de Seguran\u00e7a P\u00fablica (SSP-DF) deu continuidade \u00e0 Opera\u00e7\u00e3o DF Livre de Carca\u00e7as, nesta quinta-feira (3), desta vez no Plano Piloto. Foram retirados oito carros na regi\u00e3o. Com a marca, foi alcan\u00e7ado o total de 775 carca\u00e7as retiradas das ruas do DF desde o in\u00edcio da iniciativa, em fevereiro de 2020.<\/p>\n\n\n\n<p>\u201cNosso objetivo \u00e9 retirar esses carros abandonados que trazem preju\u00edzos para a popula\u00e7\u00e3o devido ao ac\u00famulo de \u00e1gua em seus interiores, al\u00e9m de ser ponto de esconderijo para criminosos, bem como abrigo para pessoas em situa\u00e7\u00e3o de rua\u201d, aponta o respons\u00e1vel pela a\u00e7\u00e3o e coordenador dos conselhos comunit\u00e1rios de seguran\u00e7a (Consegs) da SSP-DF, Marcelo Batista. \u201cContando com o total apoio da Sala Distrital de Combate ao Aedes, da Secretaria de Sa\u00fade, e das for\u00e7as de seguran\u00e7a do DF, a SSP-DF estar\u00e1 atuando fortemente at\u00e9 conseguirmos limpar a nossa cidade\u201d, afirma Batista.<\/p>\n\n\n\n<p>Sob coordena\u00e7\u00e3o da SSP-DF, a DF Livre de Carca\u00e7as re\u00fane as secretarias de Cidades, Executiva de Pol\u00edticas P\u00fablicas e DF Legal, Detran-DF, Pol\u00edcia Militar do Distrito Federal (PMDF), Diretoria de Vigil\u00e2ncia Ambiental (Dival) da Secretaria de Sa\u00fade, Novacap e Departamento de Estradas de Rodagem (DER). Juntos, os \u00f3rg\u00e3os garantem sa\u00fade e seguran\u00e7a da popula\u00e7\u00e3o do DF.<\/p>\n\n\n\n<p>\u201cAp\u00f3s retirar esses ve\u00edculos das ruas, eles s\u00e3o levados para o dep\u00f3sito do 3\u00ba Distrito Rodovi\u00e1rio, do Departamento de Estradas de Rodagem do DF (DER-DF), onde os agentes de Vigil\u00e2ncia Ambiental aplicam solu\u00e7\u00f5es na \u00e1gua parada e fazem o controle vetorial\u201d, explica Marcelo, que tamb\u00e9m atua em trabalho educativo com moradores e comerciantes das proximidades.<\/p>\n\n\n\n<p><strong>Solicita\u00e7\u00f5es<\/strong><\/p>\n\n\n\n<figure class=\"wp-block-image\"><img decoding=\"async\" src=\"http:\/\/www.agenciabrasilia.df.gov.br\/wp-conteudo\/uploads\/2022\/02\/WhatsApp-Image-2022-02-03-at-18.42.41-1024x682.jpeg\" alt=\"\" class=\"wp-image-374567\"\/><figcaption>Opera\u00e7\u00e3o prioriza retirada de ve\u00edculos abandonados que estejam abertos, acumulando \u00e1gua ou lixo | Foto: Divulga\u00e7\u00e3o\/SSP-DF<\/figcaption><\/figure>\n\n\n\n<p>Os crit\u00e9rios para o recolhimento do autom\u00f3vel abandonado s\u00e3o de que os ve\u00edculos estejam abertos e acumulando \u00e1gua ou lixo no interior da carca\u00e7a. Com apoio dos Consegs e das administra\u00e7\u00f5es regionais, \u00e9 feito um mapeamento das regi\u00f5es e identifica\u00e7\u00e3o dos ve\u00edculos. Al\u00e9m disso, a popula\u00e7\u00e3o do DF tamb\u00e9m pode contribuir com den\u00fancias, por meio do envio de e-mail para&nbsp;<a href=\"mailto:conseg@ssp.df.gov.br\">conseg@ssp.df.gov.br<\/a>, descrevendo a situa\u00e7\u00e3o da carca\u00e7a e incluindo fotografias.<\/p>\n\n\n\n<p>As solicita\u00e7\u00f5es dos cidad\u00e3os tamb\u00e9m podem ser enviadas via Ouvidoria do Distrito Federal, que s\u00e3o encaminhadas para atendimento pela SSP-DF, como no caso da Opera\u00e7\u00e3o DF Livre de Carca\u00e7as realizada no Plano Piloto. \u201cRecebemos duas solicita\u00e7\u00f5es, via Ouvidoria, e conseguimos resolver rapidamente, por meio do trabalho integrado da pasta\u201d, conta o ouvidor da SSP-DF, Alan Blanco Cinnanti, satisfeito com o resultado.<\/p>\n\n\n\n<p>\u201cAp\u00f3s nossa a\u00e7\u00e3o, os moradores agradeceram. Em contrapartida, a gente tamb\u00e9m agradece pelo alerta e zelo deles para com a comunidade. O nosso trabalho s\u00f3 surte efeito porque h\u00e1 uma parceria muito grande das unidades envolvidas\u201d, completou Cinnanti.<\/p>\n\n\n\n<p>Quem tamb\u00e9m ficou satisfeito com a iniciativa foi o prefeito da 405 Sul, Marco Ant\u00f4nio Farah. \u201cA gente agradece por esse trabalho do Governo do Distrito Federal, que ajuda a retirar ve\u00edculos e evitar sujeira e ac\u00famulo de \u00e1gua na regi\u00e3o, prevenindo riscos \u00e0 sa\u00fade p\u00fablica e ajudando na pr\u00f3pria seguran\u00e7a dos moradores\u201d, agradeceu.<\/p>\n\n\n\n<p><strong>Servi\u00e7o<\/strong><\/p>\n\n\n\n<p>A solicita\u00e7\u00e3o via Ouvidoria pode ser feita pelo telefone 162, via internet, pelo site&nbsp;<a href=\"https:\/\/www.ouv.df.gov.br\/#\/\">https:\/\/www.ouv.df.gov.br\/#\/<\/a>&nbsp;ou de forma presencial (na sede de qualquer \u00f3rg\u00e3o do GDF).<\/p>\n\n\n\n<p><em>*Com informa\u00e7\u00f5es da Secretaria de Seguran\u00e7a P\u00fablica<\/em><\/p>\n","protected":false},"excerpt":{"rendered":"<p>\u201cNosso objetivo \u00e9 retirar esses carros abandonados que trazem preju\u00edzos para a popula\u00e7\u00e3o devido ao ac\u00famulo de \u00e1gua em seus interiores, al\u00e9m de ser ponto de esconderijo para criminosos, bem como de abrigo para pessoas em situa\u00e7\u00e3o de rua\u201dMarcelo Batista, coordenador dos conselhos comunit\u00e1rios de seguran\u00e7a Com o objetivo de aumentar a sensa\u00e7\u00e3o de seguran\u00e7a [&hellip;]<\/p>\n","protected":false},"author":1,"featured_media":0,"comment_status":"open","ping_status":"open","sticky":false,"template":"","format":"standard","meta":{"footnotes":""},"categories":[],"tags":[],"class_list":["post-5429","post","type-post","status-publish","format-standard","hentry"],"_links":{"self":[{"href":"https:\/\/aguaslindasnoticias.com.br\/index.php\/wp-json\/wp\/v2\/posts\/5429","targetHints":{"allow":["GET"]}}],"collection":[{"href":"https:\/\/aguaslindasnoticias.com.br\/index.php\/wp-json\/wp\/v2\/posts"}],"about":[{"href":"https:\/\/aguaslindasnoticias.com.br\/index.php\/wp-json\/wp\/v2\/types\/post"}],"author":[{"embeddable":true,"href":"https:\/\/aguaslindasnoticias.com.br\/index.php\/wp-json\/wp\/v2\/users\/1"}],"replies":[{"embeddable":true,"href":"https:\/\/aguaslindasnoticias.com.br\/index.php\/wp-json\/wp\/v2\/comments?post=5429"}],"version-history":[{"count":0,"href":"https:\/\/aguaslindasnoticias.com.br\/index.php\/wp-json\/wp\/v2\/posts\/5429\/revisions"}],"wp:attachment":[{"href":"https:\/\/aguaslindasnoticias.com.br\/index.php\/wp-json\/wp\/v2\/media?parent=5429"}],"wp:term":[{"taxonomy":"category","embeddable":true,"href":"https:\/\/aguaslindasnoticias.com.br\/index.php\/wp-json\/wp\/v2\/categories?post=5429"},{"taxonomy":"post_tag","embeddable":true,"href":"https:\/\/aguaslindasnoticias.com.br\/index.php\/wp-json\/wp\/v2\/tags?post=5429"}],"curies":[{"name":"wp","href":"https:\/\/api.w.org\/{rel}","templated":true}]}}