{"id":5428,"date":"2023-01-04T10:12:59","date_gmt":"2023-01-04T13:12:59","guid":{"rendered":"https:\/\/aguaslindasnoticias.com.br\/index.php\/2023\/01\/04\/audiencia-publica-discutira-obra-do-centro-de-logistica-de-medicamentos\/"},"modified":"2023-01-04T10:12:59","modified_gmt":"2023-01-04T13:12:59","slug":"audiencia-publica-discutira-obra-do-centro-de-logistica-de-medicamentos","status":"publish","type":"post","link":"https:\/\/aguaslindasnoticias.com.br\/index.php\/2023\/01\/04\/audiencia-publica-discutira-obra-do-centro-de-logistica-de-medicamentos\/","title":{"rendered":"Audi\u00eancia p\u00fablica discutir\u00e1 obra do Centro de Log\u00edstica de Medicamentos"},"content":{"rendered":"\n<figure class=\"wp-block-image\"><img decoding=\"async\" src=\"https:\/\/www.agenciabrasilia.df.gov.br\/wp-conteudo\/uploads\/2022\/02\/WhatsApp-Image-2022-02-03-at-20.09.21-1.jpeg\" alt=\"\"\/><\/figure>\n\n\n\n<p>O Governo do Distrito Federal (GDF), por meio da Secretaria de Projetos Especiais, realiza em 7 de mar\u00e7o de 2022, \u00e0s 10h, uma audi\u00eancia p\u00fablica para discuss\u00e3o do projeto de constru\u00e7\u00e3o do Centro de Log\u00edstica de Medicamentos do DF. A convoca\u00e7\u00e3o da sociedade civil para participar do encontro foi publicada na edi\u00e7\u00e3o do Di\u00e1rio Oficial (DODF) desta quinta-feira (3).<\/p>\n\n\n\n<p>Feito no modelo de Parceria P\u00fablico-Privada (PPP), esse centro de distribui\u00e7\u00e3o ser\u00e1 respons\u00e1vel pela opera\u00e7\u00e3o e manuten\u00e7\u00e3o de rede log\u00edstica de medicamentos, hemoderivados, vacinas, soros, insumos e itens de nutri\u00e7\u00e3o da Secretaria de Sa\u00fade.<\/p>\n\n\n\n<figure class=\"wp-block-image\"><img decoding=\"async\" src=\"http:\/\/www.agenciabrasilia.df.gov.br\/wp-conteudo\/uploads\/2022\/02\/WhatsApp-Image-2022-02-03-at-20.09.21.jpeg\" alt=\"\" class=\"wp-image-374672\"\/><figcaption>Centro de distribui\u00e7\u00e3o ser\u00e1 respons\u00e1vel pela opera\u00e7\u00e3o e manuten\u00e7\u00e3o de rede log\u00edstica de medicamentos, hemoderivados, vacinas, soros, insumos e itens de nutri\u00e7\u00e3o da Secretaria de Sa\u00fade | Foto: Paulo H Carvalho\/Ag\u00eancia Bras\u00edlia<\/figcaption><\/figure>\n\n\n\n<p>Em raz\u00e3o das medidas de restri\u00e7\u00e3o decorrentes da pandemia de covid-19, a audi\u00eancia p\u00fablica ser\u00e1 realizada online com transmiss\u00e3o pelo&nbsp;<a href=\"https:\/\/www.youtube.com\/channel\/UCBEvyMmzpo6rmIiiVXeAQrQ\">canal da Secretaria de Projetos Especiais no YouTube<\/a>.<\/p>\n\n\n\n<blockquote class=\"wp-block-quote is-layout-flow wp-block-quote-is-layout-flow\"><p>Os estudos preliminares estar\u00e3o dispon\u00edveis para consulta p\u00fablica e contribui\u00e7\u00f5es a quaisquer interessados no site da pasta<\/p><\/blockquote>\n\n\n\n<p>\u201cEstamos dando um passo importante na constru\u00e7\u00e3o de uma Rede de Log\u00edstica de Medicamentos para a melhoria da presta\u00e7\u00e3o de servi\u00e7o, de forma a evitar, por exemplo, que haja atrasos ou faltem medicamentos e insumos na rede hospitalar\u201d, explica o secret\u00e1rio de Projetos Especiais do DF, Roberto Andrade.<\/p>\n\n\n\n<p>No per\u00edodo compreendido entre a publica\u00e7\u00e3o de chamamento para a audi\u00eancia e o dia 11 de mar\u00e7o, os estudos preliminares estar\u00e3o dispon\u00edveis para consulta p\u00fablica e contribui\u00e7\u00f5es a quaisquer interessados no <a href=\"https:\/\/www.sepe.df.gov.br\/chamamento-publico-para-procedimento-de-manifestacao-de-interesse-rede-logistica-de-medicamentos\/\">site da pasta<\/a>.<\/p>\n\n\n\n<p><em>*Com informa\u00e7\u00f5es da Secretaria de Projetos Especiais<\/em><\/p>\n","protected":false},"excerpt":{"rendered":"<p>O Governo do Distrito Federal (GDF), por meio da Secretaria de Projetos Especiais, realiza em 7 de mar\u00e7o de 2022, \u00e0s 10h, uma audi\u00eancia p\u00fablica para discuss\u00e3o do projeto de constru\u00e7\u00e3o do Centro de Log\u00edstica de Medicamentos do DF. A convoca\u00e7\u00e3o da sociedade civil para participar do encontro foi publicada na edi\u00e7\u00e3o do Di\u00e1rio Oficial [&hellip;]<\/p>\n","protected":false},"author":1,"featured_media":0,"comment_status":"open","ping_status":"open","sticky":false,"template":"","format":"standard","meta":{"footnotes":""},"categories":[],"tags":[],"class_list":["post-5428","post","type-post","status-publish","format-standard","hentry"],"_links":{"self":[{"href":"https:\/\/aguaslindasnoticias.com.br\/index.php\/wp-json\/wp\/v2\/posts\/5428","targetHints":{"allow":["GET"]}}],"collection":[{"href":"https:\/\/aguaslindasnoticias.com.br\/index.php\/wp-json\/wp\/v2\/posts"}],"about":[{"href":"https:\/\/aguaslindasnoticias.com.br\/index.php\/wp-json\/wp\/v2\/types\/post"}],"author":[{"embeddable":true,"href":"https:\/\/aguaslindasnoticias.com.br\/index.php\/wp-json\/wp\/v2\/users\/1"}],"replies":[{"embeddable":true,"href":"https:\/\/aguaslindasnoticias.com.br\/index.php\/wp-json\/wp\/v2\/comments?post=5428"}],"version-history":[{"count":0,"href":"https:\/\/aguaslindasnoticias.com.br\/index.php\/wp-json\/wp\/v2\/posts\/5428\/revisions"}],"wp:attachment":[{"href":"https:\/\/aguaslindasnoticias.com.br\/index.php\/wp-json\/wp\/v2\/media?parent=5428"}],"wp:term":[{"taxonomy":"category","embeddable":true,"href":"https:\/\/aguaslindasnoticias.com.br\/index.php\/wp-json\/wp\/v2\/categories?post=5428"},{"taxonomy":"post_tag","embeddable":true,"href":"https:\/\/aguaslindasnoticias.com.br\/index.php\/wp-json\/wp\/v2\/tags?post=5428"}],"curies":[{"name":"wp","href":"https:\/\/api.w.org\/{rel}","templated":true}]}}