{"id":5427,"date":"2023-01-04T10:12:59","date_gmt":"2023-01-04T13:12:59","guid":{"rendered":"https:\/\/aguaslindasnoticias.com.br\/index.php\/2023\/01\/04\/populacao-deve-saber-qual-servico-de-saude-procurar\/"},"modified":"2023-01-04T10:12:59","modified_gmt":"2023-01-04T13:12:59","slug":"populacao-deve-saber-qual-servico-de-saude-procurar","status":"publish","type":"post","link":"https:\/\/aguaslindasnoticias.com.br\/index.php\/2023\/01\/04\/populacao-deve-saber-qual-servico-de-saude-procurar\/","title":{"rendered":"Popula\u00e7\u00e3o deve saber qual servi\u00e7o de sa\u00fade procurar"},"content":{"rendered":"\n<figure class=\"wp-block-image\"><img decoding=\"async\" src=\"https:\/\/www.agenciabrasilia.df.gov.br\/wp-conteudo\/uploads\/2022\/02\/Atendimento-em-Unidade-B%C3%A1sica-de-Sa%C3%BAde-Foto-Sandro-Ara%C3%BAjo-3.jpg\" alt=\"\"\/><\/figure>\n\n\n\n<p>A Secretaria de Sa\u00fade estima que at\u00e9 a primeira quinzena de fevereiro o cen\u00e1rio ser\u00e1 de sobrecarga nos servi\u00e7os da Aten\u00e7\u00e3o Prim\u00e1ria, em fun\u00e7\u00e3o dos casos de covid-19, s\u00edndromes gripais e respirat\u00f3rias. Neste cen\u00e1rio, a popula\u00e7\u00e3o precisa saber qual servi\u00e7o de sa\u00fade deve procurar, de acordo com cada necessidade. \u201c\u00c9 importante que a popula\u00e7\u00e3o saiba para onde se dirigir, assim o servi\u00e7o fica mais eficiente e din\u00e2mico\u201d, pontua Tha\u00eds Braga, gerente de Apoio ao Servi\u00e7o Fixo de Urg\u00eancia e Emerg\u00eancia.<\/p>\n\n\n\n<p>Os hospitais, por exemplo, s\u00e3o refer\u00eancia para urg\u00eancias e emerg\u00eancias de m\u00e9dia e alta complexidade, como partos, cirurgias, fraturas ou feridas abertas, incapacidade de falar, ver, andar ou se mover, dor no peito e interna\u00e7\u00f5es. Se houver suspeita de covid-19, a indica\u00e7\u00e3o \u00e9 procurar uma unidade de pronto atendimento (UPA) ou o pronto-socorro de hospitais, caso surjam sintomas respirat\u00f3rios, como falta de ar.<\/p>\n\n\n\n<figure class=\"wp-block-image\"><img decoding=\"async\" src=\"http:\/\/www.agenciabrasilia.df.gov.br\/wp-conteudo\/uploads\/2022\/02\/Atendimento-em-Unidade-B%C3%A1sica-de-Sa%C3%BAde-Foto-Sandro-Ara%C3%BAjo-3.jpg\" alt=\"\" class=\"wp-image-374583\"\/><figcaption>Cada UBS atende um territ\u00f3rio definido e as equipes de sa\u00fade da fam\u00edlia s\u00e3o respons\u00e1veis pela assist\u00eancia \u00e0 popula\u00e7\u00e3o daquele espa\u00e7o | Foto: Sandro Ara\u00fajo\/Ag\u00eancia Sa\u00fade<\/figcaption><\/figure>\n\n\n\n<p>No caso das crian\u00e7as, \u00e9 preciso estar atento a sinais importantes para buscar uma emerg\u00eancia, como febre por mais de tr\u00eas dias, falta de ar, v\u00f4mito ou diarreia com sinais de desidrata\u00e7\u00e3o: l\u00edngua seca, sonol\u00eancia excessiva, choro sem l\u00e1grima ou ficar mais de 12 horas sem urinar. \u201cPara os sintomas mais leves, as unidades b\u00e1sicas de sa\u00fade (UBS) oferecem todo o suporte\u201d, esclarece Tha\u00eds.<\/p>\n\n\n\n<blockquote class=\"wp-block-quote is-layout-flow wp-block-quote-is-layout-flow\"><p>Na unidade b\u00e1sica, o paciente \u00e9 avaliado, faz o teste, recebe orienta\u00e7\u00f5es e, caso seja necess\u00e1rio, \u00e9 encaminhado para os n\u00edveis mais complexos de aten\u00e7\u00e3o<\/p><\/blockquote>\n\n\n\n<p>As UBSs s\u00e3o a porta de entrada do SUS e contam com variedade de servi\u00e7os de sa\u00fade, como consultas programadas para grupos espec\u00edficos (gestantes, crian\u00e7as, pessoas com doen\u00e7as cr\u00f4nicas), curativos, suturas, administra\u00e7\u00e3o de medicamentos, atividades em grupo e visitas domiciliares pela equipe de sa\u00fade da fam\u00edlia. At\u00e9 alguns casos mais agudos podem ser resolvidos na unidade b\u00e1sica, como infec\u00e7\u00e3o urin\u00e1ria. \u201cTemos a Aten\u00e7\u00e3o Prim\u00e1ria como a famosa porta de entrada do sistema de sa\u00fade\u201d, afirma Thais Leite, diretora da Estrat\u00e9gia Sa\u00fade da Fam\u00edlia.<\/p>\n\n\n\n<p>Com rela\u00e7\u00e3o ao atendimento para sintomas gripais ou suspeita de covid-19 com sintomas leves, como dor de garganta, coriza, espirro, tosse, febre, dor de cabe\u00e7a ou perda de olfato ou paladar, \u201cas pessoas podem e devem procurar a UBS como primeiro ponto de apoio\u201d, enfatiza a diretora. De acordo com Tha\u00eds, na unidade b\u00e1sica, o paciente \u00e9 avaliado, faz o teste, recebe orienta\u00e7\u00f5es e, caso seja necess\u00e1rio, \u00e9 encaminhado para os n\u00edveis mais complexos de aten\u00e7\u00e3o.<\/p>\n\n\n\n<p>Cada UBS atende um territ\u00f3rio definido e as equipes de sa\u00fade da fam\u00edlia s\u00e3o respons\u00e1veis pela assist\u00eancia \u00e0 sa\u00fade da popula\u00e7\u00e3o daquele espa\u00e7o. \u201cAs pessoas, sendo acompanhadas, ficam mais estabilizadas das condi\u00e7\u00f5es de sa\u00fade, o que diminui interna\u00e7\u00f5es e a sobrecarga dos hospitais\u201d, destaca Tha\u00eds.<\/p>\n\n\n\n<p>Para saber qual procurar, basta verificar, de acordo com o CEP da resid\u00eancia,&nbsp;<a href=\"https:\/\/info.saude.df.gov.br\/buscasaudedfubs\/\">no Busca Sa\u00fade UBS.<\/a><\/p>\n\n\n\n<p><em>*Com informa\u00e7\u00f5es da Secretaria de Sa\u00fade<\/em><\/p>\n","protected":false},"excerpt":{"rendered":"<p>A Secretaria de Sa\u00fade estima que at\u00e9 a primeira quinzena de fevereiro o cen\u00e1rio ser\u00e1 de sobrecarga nos servi\u00e7os da Aten\u00e7\u00e3o Prim\u00e1ria, em fun\u00e7\u00e3o dos casos de covid-19, s\u00edndromes gripais e respirat\u00f3rias. Neste cen\u00e1rio, a popula\u00e7\u00e3o precisa saber qual servi\u00e7o de sa\u00fade deve procurar, de acordo com cada necessidade. \u201c\u00c9 importante que a popula\u00e7\u00e3o saiba [&hellip;]<\/p>\n","protected":false},"author":1,"featured_media":0,"comment_status":"open","ping_status":"open","sticky":false,"template":"","format":"standard","meta":{"footnotes":""},"categories":[],"tags":[],"class_list":["post-5427","post","type-post","status-publish","format-standard","hentry"],"_links":{"self":[{"href":"https:\/\/aguaslindasnoticias.com.br\/index.php\/wp-json\/wp\/v2\/posts\/5427","targetHints":{"allow":["GET"]}}],"collection":[{"href":"https:\/\/aguaslindasnoticias.com.br\/index.php\/wp-json\/wp\/v2\/posts"}],"about":[{"href":"https:\/\/aguaslindasnoticias.com.br\/index.php\/wp-json\/wp\/v2\/types\/post"}],"author":[{"embeddable":true,"href":"https:\/\/aguaslindasnoticias.com.br\/index.php\/wp-json\/wp\/v2\/users\/1"}],"replies":[{"embeddable":true,"href":"https:\/\/aguaslindasnoticias.com.br\/index.php\/wp-json\/wp\/v2\/comments?post=5427"}],"version-history":[{"count":0,"href":"https:\/\/aguaslindasnoticias.com.br\/index.php\/wp-json\/wp\/v2\/posts\/5427\/revisions"}],"wp:attachment":[{"href":"https:\/\/aguaslindasnoticias.com.br\/index.php\/wp-json\/wp\/v2\/media?parent=5427"}],"wp:term":[{"taxonomy":"category","embeddable":true,"href":"https:\/\/aguaslindasnoticias.com.br\/index.php\/wp-json\/wp\/v2\/categories?post=5427"},{"taxonomy":"post_tag","embeddable":true,"href":"https:\/\/aguaslindasnoticias.com.br\/index.php\/wp-json\/wp\/v2\/tags?post=5427"}],"curies":[{"name":"wp","href":"https:\/\/api.w.org\/{rel}","templated":true}]}}