{"id":5426,"date":"2023-01-04T10:12:59","date_gmt":"2023-01-04T13:12:59","guid":{"rendered":"https:\/\/aguaslindasnoticias.com.br\/index.php\/2023\/01\/04\/camara-legislativa-debate-porte-de-arma-para-atirador-esportivo-e-colecionadores-no-df\/"},"modified":"2023-01-04T10:12:59","modified_gmt":"2023-01-04T13:12:59","slug":"camara-legislativa-debate-porte-de-arma-para-atirador-esportivo-e-colecionadores-no-df","status":"publish","type":"post","link":"https:\/\/aguaslindasnoticias.com.br\/index.php\/2023\/01\/04\/camara-legislativa-debate-porte-de-arma-para-atirador-esportivo-e-colecionadores-no-df\/","title":{"rendered":"C\u00e2mara Legislativa debate porte de arma para atirador esportivo e colecionadores no DF"},"content":{"rendered":"\n<p>Foto: Divulga\u00e7\u00e3o\/Comit\u00ea Paral\u00edmpico Brasileiro<\/p>\n\n\n\n<figure class=\"wp-block-image size-large\"><img decoding=\"async\" src=\"http:\/\/claricegulyas.com.br\/wp-content\/uploads\/2022\/02\/Comit\u00ea-Paral\u00edmpico-1024x613.jpg\" alt=\"\" class=\"wp-image-9485\"\/><figcaption>30.11.2018 &#8211; Brasil, Rio de Janeiro \/RJ , Campeonato Brasileiro de Tiro Esportivo 2018 &#8211; Debora Campos Foto: \u00a9Marco Antonio Teixeira\/MPIX\/CPB<\/figcaption><\/figure>\n\n\n\n<figure class=\"wp-block-image\"><img decoding=\"async\" src=\"https:\/\/www.cl.df.gov.br\/documents\/10162\/25447629\/Comit%C3%AA+Paral%C3%ADmpico.jpg\/07925e10-fa7d-e990-187c-5fc4eb4e9745?t=1643820431713\" alt=\"A audi\u00eancia \u00e9 organizada pela deputada J\u00falia Lucy e contar\u00e1 com a presen\u00e7a do Secret\u00e1rio de Justi\u00e7a e Seguran\u00e7a P\u00fablica de Minas Gerais, Rog\u00e9rio Greco, al\u00e9m de especialistas, atletas e colecionadores\"\/><\/figure>\n\n\n\n<p>A audi\u00eancia \u00e9 organizada pela deputada J\u00falia Lucy e contar\u00e1 com a presen\u00e7a do Secret\u00e1rio de Justi\u00e7a e Seguran\u00e7a P\u00fablica de Minas Gerais, Rog\u00e9rio Greco, al\u00e9m de especialistas, atletas e colecionadores<\/p>\n\n\n\n<p>As solu\u00e7\u00f5es para os problemas enfrentados pelos mais de 57 mil colecionadores, atiradores esportivos e ca\u00e7adores (CACs) ser\u00e3o tema de audi\u00eancia p\u00fablica na C\u00e2mara Legislativa do Distrito Federal (CLDF) na pr\u00f3xima quinta-feira (3\/2). O evento est\u00e1 marcado para ocorrer no plen\u00e1rio da Casa, \u00e0s 19h, e est\u00e1 aberto ao p\u00fablico.<\/p>\n\n\n\n<p>A audi\u00eancia \u00e9 organizada pela deputada J\u00falia Lucy (Novo) e contar\u00e1 com a presen\u00e7a do Secret\u00e1rio de Justi\u00e7a e Seguran\u00e7a P\u00fablica de Minas Gerais e professor de Direito Rog\u00e9rio Greco, al\u00e9m de especialistas, atletas, colecionadores e representantes de diversos setores da sociedade civil e do poder p\u00fablico.<\/p>\n\n\n\n<p>Para J\u00falia Lucy, \u201co objetivo \u00e9 mostrar que quem pratica o tiro esportivo \u00e9 um atleta, que precisa ter seguran\u00e7a inclusive para transitar com seu armamento. \u00c9 tamb\u00e9m aproximar os CACs das for\u00e7as de seguran\u00e7a\u201d.<\/p>\n\n\n\n<p>A audi\u00eancia est\u00e1 aberta ao p\u00fablico e ser\u00e1 transmitida pela TV C\u00e2mara Distrital no canal aberto 9.3 e no canal da Casa no YouTube.<\/p>\n\n\n\n<p><em>Com informa\u00e7\u00f5es da assessoria da deputada J\u00falia Lucy<\/em><\/p>\n\n\n\n<p><strong>Ag\u00eancia CLDF<\/strong><\/p>\n","protected":false},"excerpt":{"rendered":"<p>Foto: Divulga\u00e7\u00e3o\/Comit\u00ea Paral\u00edmpico Brasileiro A audi\u00eancia \u00e9 organizada pela deputada J\u00falia Lucy e contar\u00e1 com a presen\u00e7a do Secret\u00e1rio de Justi\u00e7a e Seguran\u00e7a P\u00fablica de Minas Gerais, Rog\u00e9rio Greco, al\u00e9m de especialistas, atletas e colecionadores As solu\u00e7\u00f5es para os problemas enfrentados pelos mais de 57 mil colecionadores, atiradores esportivos e ca\u00e7adores (CACs) ser\u00e3o tema de [&hellip;]<\/p>\n","protected":false},"author":1,"featured_media":0,"comment_status":"open","ping_status":"open","sticky":false,"template":"","format":"standard","meta":{"footnotes":""},"categories":[],"tags":[],"class_list":["post-5426","post","type-post","status-publish","format-standard","hentry"],"_links":{"self":[{"href":"https:\/\/aguaslindasnoticias.com.br\/index.php\/wp-json\/wp\/v2\/posts\/5426","targetHints":{"allow":["GET"]}}],"collection":[{"href":"https:\/\/aguaslindasnoticias.com.br\/index.php\/wp-json\/wp\/v2\/posts"}],"about":[{"href":"https:\/\/aguaslindasnoticias.com.br\/index.php\/wp-json\/wp\/v2\/types\/post"}],"author":[{"embeddable":true,"href":"https:\/\/aguaslindasnoticias.com.br\/index.php\/wp-json\/wp\/v2\/users\/1"}],"replies":[{"embeddable":true,"href":"https:\/\/aguaslindasnoticias.com.br\/index.php\/wp-json\/wp\/v2\/comments?post=5426"}],"version-history":[{"count":0,"href":"https:\/\/aguaslindasnoticias.com.br\/index.php\/wp-json\/wp\/v2\/posts\/5426\/revisions"}],"wp:attachment":[{"href":"https:\/\/aguaslindasnoticias.com.br\/index.php\/wp-json\/wp\/v2\/media?parent=5426"}],"wp:term":[{"taxonomy":"category","embeddable":true,"href":"https:\/\/aguaslindasnoticias.com.br\/index.php\/wp-json\/wp\/v2\/categories?post=5426"},{"taxonomy":"post_tag","embeddable":true,"href":"https:\/\/aguaslindasnoticias.com.br\/index.php\/wp-json\/wp\/v2\/tags?post=5426"}],"curies":[{"name":"wp","href":"https:\/\/api.w.org\/{rel}","templated":true}]}}