{"id":5420,"date":"2023-01-04T10:12:59","date_gmt":"2023-01-04T13:12:59","guid":{"rendered":"https:\/\/aguaslindasnoticias.com.br\/index.php\/2023\/01\/04\/premiacao-reconhece-dedicacao-de-agentes-da-mala-do-livro\/"},"modified":"2023-01-04T10:12:59","modified_gmt":"2023-01-04T13:12:59","slug":"premiacao-reconhece-dedicacao-de-agentes-da-mala-do-livro","status":"publish","type":"post","link":"https:\/\/aguaslindasnoticias.com.br\/index.php\/2023\/01\/04\/premiacao-reconhece-dedicacao-de-agentes-da-mala-do-livro\/","title":{"rendered":"Premia\u00e7\u00e3o reconhece dedica\u00e7\u00e3o de agentes da Mala do Livro"},"content":{"rendered":"\n<h2 class=\"wp-block-heading\">Cem volunt\u00e1rios receberam R$ 5 mil cada um; uma forma de valorizar o trabalho e motivar essas pessoas para que continuem a desenvolver o projeto<\/h2>\n\n\n\n<p>AG\u00caNCIA BRAS\u00cdLIA* | EDI\u00c7\u00c3O: RENATA LU<a href=\"https:\/\/www.facebook.com\/sharer.php?u=https:\/\/www.agenciabrasilia.df.gov.br\/2022\/01\/31\/premiacao-reconhece-dedicacao-de-agentes-da-mala-do-livro\/\" target=\"_blank\" rel=\"noreferrer noopener\"><\/a><a href=\"https:\/\/twitter.com\/intent\/tweet?source=agenciabrasilia&amp;text=Premia%C3%A7%C3%A3o%20reconhece%20dedica%C3%A7%C3%A3o%20de%20agentes%20da%20Mala%20do%20Livro&amp;url=https:\/\/www.agenciabrasilia.df.gov.br\/2022\/01\/31\/premiacao-reconhece-dedicacao-de-agentes-da-mala-do-livro\/&amp;via=AgenciaBrasilia\" target=\"_blank\" rel=\"noreferrer noopener\"><\/a><\/p>\n\n\n\n<p>Quando o professor Aur\u00e9lio Oliveira Marques nasceu, o Programa de Extens\u00e3o Bibliotec\u00e1ria Mala do Livro j\u00e1 contava seis anos. Hoje, aos 26, o morador de Samambaia \u00e9 agente de leitura desde 2008. Ele e mais 99 volunt\u00e1rios foram contemplados com R$ 5 mil em edital de premia\u00e7\u00e3o lan\u00e7ado pela Secretaria de Cultura e Economia Criativa (Secec) no final de 2021, cujo objetivo foi valorizar o trabalho e a dedica\u00e7\u00e3o desses profissionais.<\/p>\n\n\n\n<figure class=\"wp-block-image\"><img decoding=\"async\" src=\"http:\/\/www.agenciabrasilia.df.gov.br\/wp-conteudo\/uploads\/2022\/01\/WhatsApp-Image-2022-01-31-at-13.32.31.jpeg\" alt=\"\" class=\"wp-image-373434\"\/><figcaption>Maria Jos\u00e9 Lira, gerente da Mala do livro, trabalha com o projeto desde seu surgimento | Foto: Divulga\u00e7\u00e3o\/Secec<\/figcaption><\/figure>\n\n\n\n<p>Para al\u00e9m dos R$ 500 mil aportados em pr\u00eamios, a pasta tamb\u00e9m investiu R$ 1,2 milh\u00e3o na capacita\u00e7\u00e3o desses agentes. Aur\u00e9lio e outros volunt\u00e1rios premiados falam, com emo\u00e7\u00e3o, sobre a mais bem-sucedida pol\u00edtica p\u00fablica de estado no incentivo \u00e0 leitura na periferia e entorno da capital federal.&nbsp;\u201c\u00c9 que participo da Mala do Livro desde a mais tenra idade\u201d, justifica o professor.<\/p>\n\n\n\n<p>Ele era leitor ass\u00edduo na biblioteca domiciliar de uma pioneira das bibliotecas domiciliares de Samambaia, Maria das Dores. \u201cA Mala proporcionava v\u00e1rios momentos educativos e culturais\u201d, explica ele, referindo-se a oficinas de conta\u00e7\u00e3o de hist\u00f3rias, gincanas de leituras, passeios, sess\u00f5es de cinema no Cine Bras\u00edlia e feiras de livros.<\/p>\n\n\n\n<blockquote class=\"wp-block-quote is-layout-flow wp-block-quote-is-layout-flow\"><p>\u201cA premia\u00e7\u00e3o representou um reconhecimento pelo trabalho \u00e1rduo de tantos anos, em favor do livro e da leitura\u201dMarluce Franklin, agente da Mala do Livro desde 1994<\/p><\/blockquote>\n\n\n\n<p>\u201cEram atividades que ficavam no Plano Piloto, longe da periferia. Eu me sentia muito privilegiado em fazer parte disso. E a gente hoje sabe que a Mala do Livro tem essa capilaridade, democratizando acesso \u00e0 alfabetiza\u00e7\u00e3o e ao livro\u201d, testemunha.<\/p>\n\n\n\n<p>A gerente da Mala do Livro, Maria Jos\u00e9 Lira Vieira, que trabalha com a iniciativa desde seu surgimento, homenageia a \u201cdas Dores\u201d citada por Aur\u00e9lio, tamb\u00e9m premiada no edital da Secec: \u201cEla sempre buscou se aperfei\u00e7oar para oferecer melhorias para os leitores. Fez at\u00e9 curso de dinamiza\u00e7\u00e3o, inicia\u00e7\u00e3o teatral e arte de contar hist\u00f3rias. Muito guerreira, carrega uma filha deficiente nas costas e trabalha com muito prazer\u201d.<\/p>\n\n\n\n<p>Aur\u00e9lio entende que o pr\u00eamio representa o reconhecimento pelo trabalho volunt\u00e1rio e \u00e9 uma motiva\u00e7\u00e3o para que as pessoas continuem a realizar essas a\u00e7\u00f5es. \u201cApesar do formato de pr\u00eamio individual, os recursos acabam beneficiando a comunidade como um todo\u201d, acredita.<\/p>\n\n\n\n<p><strong>Transforma\u00e7\u00e3o<\/strong><\/p>\n\n\n\n<p>Marluce Franklin, de Sobradinho, afirma que \u201ca premia\u00e7\u00e3o representou um reconhecimento pelo trabalho \u00e1rduo de tantos anos, em favor do livro e da leitura\u201d, a\u00e7\u00f5es que considera \u201ctransformadoras\u201d. Ela viu a metamorfose na pr\u00f3pria vida. Agente desde 1994, est\u00e1 concluindo gradua\u00e7\u00e3o em biblioteconomia.<\/p>\n\n\n\n<p>\u201cNas bibliotecas domiciliares, a maioria em nossas resid\u00eancias, pudemos ver jovens, crian\u00e7as, adolescentes e adultos mudando suas vidas, transformando realidades, alcan\u00e7ando crescimento pessoal por meio do conhecimento\u201d, testemunha com entusiasmo.<\/p>\n\n\n\n<p>Marluce, que est\u00e1 \u00e0 frente da Associa\u00e7\u00e3o dos Agentes de Leitura e contadores de est\u00f3rias (Aaconte), com 98 agentes associados para buscar capacita\u00e7\u00e3o dos envolvidos, atua na Fercal, Sobradinho II e em regi\u00f5es mais distantes, \u201ccomo nos assentamentos, onde n\u00e3o existem bibliotecas nem qualquer estrutura p\u00fablica da cultura\u201d.<\/p>\n\n\n\n<p>Ela diz que os agentes representados na Aaconte vinham reivindicando editais para qualificar o trabalho deles desde 2014. \u201cA capacita\u00e7\u00e3o melhora nosso trabalho junto \u00e0 comunidade. O secret\u00e1rio Bartolomeu Rodrigues \u00e9 um divisor de \u00e1guas em nossa hist\u00f3ria, por nos atender, nos acolher, nos dar voz\u201d, afirma.<\/p>\n\n\n\n<p>A agente conta que decidiu participar da Mala do Livro por gostar de ler e tamb\u00e9m por querer fazer algo para se contrapor \u00e0 viol\u00eancia na pr\u00f3pria regi\u00e3o. Suas a\u00e7\u00f5es na divulga\u00e7\u00e3o do livro geraram interesse na comunidade e a casa dela ficou pequena para receber os leitores, pois a biblioteca domiciliar tamb\u00e9m passou a emprestar livros para os alunos do ensino m\u00e9dio que participam do Programa de Avalia\u00e7\u00e3o Seriada (PAS) e precisam ler as obras indicadas para o acesso \u00e0 Universidade de Bras\u00edlia (UnB). Isso a levou a mobilizar a comunidade para a constru\u00e7\u00e3o de uma biblioteca na regi\u00e3o administrativa.<\/p>\n\n\n\n<blockquote class=\"wp-block-quote is-layout-flow wp-block-quote-is-layout-flow\"><p>\u201cAcredito que por meio da leitura e dos livros pode haver transforma\u00e7\u00e3o social e, consequentemente, uma sociedade mais justa\u201dEdson Cavalcante de Ara\u00fajo, agente h\u00e1 14 anos<\/p><\/blockquote>\n\n\n\n<p><strong>P\u00fablico jovem<\/strong><\/p>\n\n\n\n<p>Edson Cavalcante de Ara\u00fajo, agente h\u00e1 14 anos e tamb\u00e9m premiado, aposta no livro como fator de desenvolvimento: \u201cacredito que por meio da leitura e dos livros pode haver transforma\u00e7\u00e3o social e, consequentemente, uma sociedade mais justa\u201d. \u201cA premia\u00e7\u00e3o \u00e9 uma forma de reconhecimento por parte da Secretaria de Cultura e tem um significado muito importante n\u00e3o s\u00f3 para mim, mas para todos os agentes de leitura do programa\u201d, opina.<\/p>\n\n\n\n<p>Na casa dele, antes da pandemia, ele atendia a m\u00e9dia de 20 a 30 crian\u00e7as por m\u00eas. Com o avan\u00e7o da vacina\u00e7\u00e3o, seu p\u00fablico come\u00e7a a voltar. Cita o caso de Lara Neres, 10 anos, que mal saiu do posto de sa\u00fade e deu o ar da gra\u00e7a. \u201cEla gosta de contos de fada, a\u00e7\u00e3o e l\u00ea at\u00e9 quatro livros por m\u00eas\u201d, relata Edson.<\/p>\n\n\n\n<figure class=\"wp-block-image\"><img decoding=\"async\" src=\"http:\/\/www.agenciabrasilia.df.gov.br\/wp-conteudo\/uploads\/2022\/01\/WhatsApp-Image-2022-01-31-at-13.32.31-1-300x225.jpeg\" alt=\"\" class=\"wp-image-373435\"\/><figcaption>Douglas Gomes Bezerra, agente da Mala do Livro h\u00e1 5 anos | Foto: Divulga\u00e7\u00e3o\/Secec<\/figcaption><\/figure>\n\n\n\n<p><strong>Dignidade<\/strong><\/p>\n\n\n\n<p>A advogada Alana Barros Siqueira Duarte considera a premia\u00e7\u00e3o \u201co reconhecimento para uma classe que at\u00e9 ent\u00e3o n\u00e3o era lembrada, apesar de sua grande import\u00e2ncia para a sociedade\u201d. Agente desde 2012, ela conheceu o programa por meio de uma amiga, o que mostra a for\u00e7a do boca a boca na propaga\u00e7\u00e3o da Mala, uma caixa de madeira que se converte em estantes para cerca de 200 livros.<\/p>\n\n\n\n<p>\u201cEu decidi participar desse lindo trabalho, pois sempre achei essencial a continuidade do conhecimento atrav\u00e9s da leitura, e como agente de leitura podemos transformar vidas, trazer novas esperan\u00e7as e crescimento intelectual e de car\u00e1ter para uma sociedade que tem caminhado para o esquecimento dos livros\u201d, justifica.<\/p>\n\n\n\n<p>A biblioteca domiciliar funciona na casa da advogada, mas ela geralmente trabalha em conjunto com o marido no atendimento a moradores de rua tr\u00eas vezes na semana com alimenta\u00e7\u00e3o, vestu\u00e1rio, com o banheiro sobre rodas e livros \u201cpara que eles venham a se sentir dignos\u201d, enfatiza.<\/p>\n\n\n\n<p><strong>Di\u00e1logos<\/strong><\/p>\n\n\n\n<p>O m\u00fasico Douglas Gomes Bezerra, morador do Guar\u00e1, \u00e9 agente da mala h\u00e1 cinco anos. Tamb\u00e9m premiado, diz que decidiu participar porque j\u00e1 tinha uma pequena biblioteca em sua escola de musicaliza\u00e7\u00e3o, onde ensina guitarra, viol\u00e3o e outros instrumentos. Em busca de livros, Douglas conta que ele recebe entre 10 a 20 pessoas por dia.<\/p>\n\n\n\n<p>Ele n\u00e3o tem d\u00favida sobre a converg\u00eancia entre a m\u00fasica e as letras e se arrisca a sugerir que a Mala do Livro busque ampliar os di\u00e1logos no campo das humanidades. \u201cDevemos continuar fazendo uma \u00f3tima gest\u00e3o desse legado, na luta para o livro chegar na m\u00e3o de todos\u201d, advoga.<\/p>\n\n\n\n<blockquote class=\"wp-block-quote is-layout-flow wp-block-quote-is-layout-flow\"><p>Neste momento, a Biblioteca Nacional de Bras\u00edlia (BNB) estuda a encomenda de mais caixas para atender a uma demanda reprimida. H\u00e1 quase uma centena de candidatos a acolher bibliotecas domiciliares<\/p><\/blockquote>\n\n\n\n<p><strong>Agentes de leitura<\/strong><\/p>\n\n\n\n<p>Neste momento, a Biblioteca Nacional de Bras\u00edlia (BNB), que gerencia a Mala do Livro, estuda a encomenda de mais caixas para atender a uma demanda reprimida. Segundo Maria Jos\u00e9, h\u00e1 quase uma centena de candidatos a acolher bibliotecas domiciliares.<\/p>\n\n\n\n<p>\u201cTemos esse cadastro de reserva com inscritos preparados para receber a Mala. Um agente ou uma agente recebe capacita\u00e7\u00e3o e precisa ter a predisposi\u00e7\u00e3o de receber a minibiblioteca. Avaliamos o perfil da pessoa, o espa\u00e7o de que disp\u00f5e, seu interesse por livros e a capacidade de prestar o devido atendimento ao p\u00fablico\u201d, explica a gerente.<\/p>\n\n\n\n<p>Para tornarem-se agentes, os interessados devem se inscrever na ger\u00eancia do programa em&nbsp;<a href=\"mailto:maladolivro@gmail.com\" target=\"_blank\" rel=\"noreferrer noopener\">maladolivro@gmail.com<\/a><\/p>\n\n\n\n<p><em>*Com informa\u00e7\u00f5es da Secretaria de Cultura e Economia Criativa<\/em><\/p>\n","protected":false},"excerpt":{"rendered":"<p>Cem volunt\u00e1rios receberam R$ 5 mil cada um; uma forma de valorizar o trabalho e motivar essas pessoas para que continuem a desenvolver o projeto AG\u00caNCIA BRAS\u00cdLIA* | EDI\u00c7\u00c3O: RENATA LU Quando o professor Aur\u00e9lio Oliveira Marques nasceu, o Programa de Extens\u00e3o Bibliotec\u00e1ria Mala do Livro j\u00e1 contava seis anos. Hoje, aos 26, o morador [&hellip;]<\/p>\n","protected":false},"author":1,"featured_media":0,"comment_status":"open","ping_status":"open","sticky":false,"template":"","format":"standard","meta":{"footnotes":""},"categories":[],"tags":[],"class_list":["post-5420","post","type-post","status-publish","format-standard","hentry"],"_links":{"self":[{"href":"https:\/\/aguaslindasnoticias.com.br\/index.php\/wp-json\/wp\/v2\/posts\/5420","targetHints":{"allow":["GET"]}}],"collection":[{"href":"https:\/\/aguaslindasnoticias.com.br\/index.php\/wp-json\/wp\/v2\/posts"}],"about":[{"href":"https:\/\/aguaslindasnoticias.com.br\/index.php\/wp-json\/wp\/v2\/types\/post"}],"author":[{"embeddable":true,"href":"https:\/\/aguaslindasnoticias.com.br\/index.php\/wp-json\/wp\/v2\/users\/1"}],"replies":[{"embeddable":true,"href":"https:\/\/aguaslindasnoticias.com.br\/index.php\/wp-json\/wp\/v2\/comments?post=5420"}],"version-history":[{"count":0,"href":"https:\/\/aguaslindasnoticias.com.br\/index.php\/wp-json\/wp\/v2\/posts\/5420\/revisions"}],"wp:attachment":[{"href":"https:\/\/aguaslindasnoticias.com.br\/index.php\/wp-json\/wp\/v2\/media?parent=5420"}],"wp:term":[{"taxonomy":"category","embeddable":true,"href":"https:\/\/aguaslindasnoticias.com.br\/index.php\/wp-json\/wp\/v2\/categories?post=5420"},{"taxonomy":"post_tag","embeddable":true,"href":"https:\/\/aguaslindasnoticias.com.br\/index.php\/wp-json\/wp\/v2\/tags?post=5420"}],"curies":[{"name":"wp","href":"https:\/\/api.w.org\/{rel}","templated":true}]}}