{"id":5419,"date":"2023-01-04T10:12:59","date_gmt":"2023-01-04T13:12:59","guid":{"rendered":"https:\/\/aguaslindasnoticias.com.br\/index.php\/2023\/01\/04\/sedes-de-tres-conselhos-tutelares-comecam-a-ser-construidas-em-fevereiro\/"},"modified":"2023-01-04T10:12:59","modified_gmt":"2023-01-04T13:12:59","slug":"sedes-de-tres-conselhos-tutelares-comecam-a-ser-construidas-em-fevereiro","status":"publish","type":"post","link":"https:\/\/aguaslindasnoticias.com.br\/index.php\/2023\/01\/04\/sedes-de-tres-conselhos-tutelares-comecam-a-ser-construidas-em-fevereiro\/","title":{"rendered":"Sedes de tr\u00eas conselhos tutelares come\u00e7am a ser constru\u00eddas em fevereiro"},"content":{"rendered":"\n<h2 class=\"wp-block-heading\">Sejus assinou contrato com as empresas vencedoras da licita\u00e7\u00e3o. Entrega das sedes ser\u00e1 ainda no primeiro semestre de 2022<\/h2>\n\n\n\n<p>AG\u00caNCIA BRAS\u00cdLIA* I EDI\u00c7\u00c3O: D\u00c9BORA CRONEMBERGER<a href=\"https:\/\/www.facebook.com\/sharer.php?u=https:\/\/www.agenciabrasilia.df.gov.br\/2022\/01\/31\/sedes-de-tres-conselhos-tutelares-comecam-a-ser-construidas-em-fevereiro\/\" target=\"_blank\" rel=\"noreferrer noopener\"><\/a><a href=\"https:\/\/twitter.com\/intent\/tweet?source=agenciabrasilia&amp;text=Sedes%20de%20tr%C3%AAs%20conselhos%20tutelares%20come%C3%A7am%20a%20ser%20constru%C3%ADdas%20em%20fevereiro&amp;url=https:\/\/www.agenciabrasilia.df.gov.br\/2022\/01\/31\/sedes-de-tres-conselhos-tutelares-comecam-a-ser-construidas-em-fevereiro\/&amp;via=AgenciaBrasilia\" target=\"_blank\" rel=\"noreferrer noopener\"><\/a><\/p>\n\n\n\n<blockquote class=\"wp-block-quote is-layout-flow wp-block-quote-is-layout-flow\"><p>\u201cO nosso objetivo \u00e9 oferecer aos conselheiros, servidores e, principalmente, \u00e0s nossas crian\u00e7as e adolescentes o melhor espa\u00e7o poss\u00edvel para um atendimento de qualidade e eficiente\u201dMarcela Passamani, secret\u00e1ria de Justi\u00e7a e Cidadania<\/p><\/blockquote>\n\n\n\n<p>Para dar in\u00edcio \u00e0 constru\u00e7\u00e3o das sedes do Conselho Tutelar em Santa Maria, Cidade Estrutural e Sol Nascente, a Secretaria de Justi\u00e7a e Cidadania (Sejus) formalizou a contrata\u00e7\u00e3o das duas empresas de engenharia vencedoras da licita\u00e7\u00e3o realizada em julho do ano passado. Os extratos dos contratos foram publicados nesta segunda-feira (31), no Di\u00e1rio Oficial do Distrito Federal, e somam R$ 3,2 milh\u00f5es, recursos destinados do Fundo dos Direitos da Crian\u00e7a e do Adolescente (FDCA-DF).<\/p>\n\n\n\n<p>\u201cConclu\u00edmos mais um passo para a constru\u00e7\u00e3o dessas unidades de Conselho Tutelar no DF. O nosso objetivo \u00e9 oferecer aos conselheiros, servidores e, principalmente, \u00e0s nossas crian\u00e7as e adolescentes o melhor espa\u00e7o poss\u00edvel para um atendimento de qualidade e eficiente\u201d, defendeu a secret\u00e1ria da Sejus, Marcela Passamani.<\/p>\n\n\n\n<figure class=\"wp-block-image\"><img decoding=\"async\" src=\"http:\/\/www.agenciabrasilia.df.gov.br\/wp-conteudo\/uploads\/2022\/01\/Imagem-Conselho-Tutelar.jpeg\" alt=\"\" class=\"wp-image-373441\"\/><figcaption>Projetos das novas sedes constru\u00eddas v\u00e3o contar com espa\u00e7o planejado, incluindo parque recreativo de areia, salas pr\u00f3prias para conselheiros tutelares e banheiros com acessibilidade, al\u00e9m de sala de reuni\u00e3o e estacionamento | Imagem: Divulga\u00e7\u00e3o\/Sejus<\/figcaption><\/figure>\n\n\n\n<p>\u201cSabemos que o Conselho Tutelar recebe e acompanha, na maioria das vezes, fam\u00edlias em situa\u00e7\u00e3o de extrema vulnerabilidade e viola\u00e7\u00e3o de direitos. Por isso, precisamos garantir que as nossas meninas e meninos possam se sentir seguros, confort\u00e1veis e acolhidos nesse lugar\u201d, completou.<\/p>\n\n\n\n<p>Em Santa Maria e Cidade Estrutural, os conselhos j\u00e1 funcionam em espa\u00e7os alugados. J\u00e1 no Sol Nascente, ser\u00e1 um dos primeiros equipamentos p\u00fablicos da nova regi\u00e3o administrativa. As unidades constru\u00eddas v\u00e3o contar com espa\u00e7o planejado, incluindo parque recreativo de areia, salas pr\u00f3prias para conselheiros tutelares e banheiros com acessibilidade, al\u00e9m de sala de reuni\u00e3o e estacionamento.<\/p>\n\n\n\n<p><strong>Conselhos<\/strong><\/p>\n\n\n\n<p>As unidades do Conselho Tutelar existem em todo o pa\u00eds e foram criados pelo Estatuto da Crian\u00e7a e do Adolescente (ECA) como \u00f3rg\u00e3os aut\u00f4nomos, permanentes e n\u00e3o jurisdicionais, que integram a administra\u00e7\u00e3o p\u00fablica local. No caso do Distrito Federal, s\u00e3o vinculados administrativamente \u00e0 Secretaria de Justi\u00e7a e Cidadania, pasta com a atribui\u00e7\u00e3o de promover pol\u00edticas p\u00fablicas para crian\u00e7as e adolescentes no DF.<\/p>\n\n\n\n<p>Eleitos pelos cidad\u00e3os, os conselheiros t\u00eam a miss\u00e3o de garantir que as crian\u00e7as e adolescentes tenham todos os seus direitos respeitados e s\u00e3o respons\u00e1veis, por exemplo, por receber den\u00fancias de situa\u00e7\u00f5es de viol\u00eancia, como neglig\u00eancia, maus-tratos e explora\u00e7\u00e3o sexual.<\/p>\n\n\n\n<p><em>*Com informa\u00e7\u00f5es da Secretaria de Justi\u00e7a e Cidadania<\/em><\/p>\n","protected":false},"excerpt":{"rendered":"<p>Sejus assinou contrato com as empresas vencedoras da licita\u00e7\u00e3o. Entrega das sedes ser\u00e1 ainda no primeiro semestre de 2022 AG\u00caNCIA BRAS\u00cdLIA* I EDI\u00c7\u00c3O: D\u00c9BORA CRONEMBERGER \u201cO nosso objetivo \u00e9 oferecer aos conselheiros, servidores e, principalmente, \u00e0s nossas crian\u00e7as e adolescentes o melhor espa\u00e7o poss\u00edvel para um atendimento de qualidade e eficiente\u201dMarcela Passamani, secret\u00e1ria de Justi\u00e7a [&hellip;]<\/p>\n","protected":false},"author":1,"featured_media":0,"comment_status":"open","ping_status":"open","sticky":false,"template":"","format":"standard","meta":{"footnotes":""},"categories":[],"tags":[],"class_list":["post-5419","post","type-post","status-publish","format-standard","hentry"],"_links":{"self":[{"href":"https:\/\/aguaslindasnoticias.com.br\/index.php\/wp-json\/wp\/v2\/posts\/5419","targetHints":{"allow":["GET"]}}],"collection":[{"href":"https:\/\/aguaslindasnoticias.com.br\/index.php\/wp-json\/wp\/v2\/posts"}],"about":[{"href":"https:\/\/aguaslindasnoticias.com.br\/index.php\/wp-json\/wp\/v2\/types\/post"}],"author":[{"embeddable":true,"href":"https:\/\/aguaslindasnoticias.com.br\/index.php\/wp-json\/wp\/v2\/users\/1"}],"replies":[{"embeddable":true,"href":"https:\/\/aguaslindasnoticias.com.br\/index.php\/wp-json\/wp\/v2\/comments?post=5419"}],"version-history":[{"count":0,"href":"https:\/\/aguaslindasnoticias.com.br\/index.php\/wp-json\/wp\/v2\/posts\/5419\/revisions"}],"wp:attachment":[{"href":"https:\/\/aguaslindasnoticias.com.br\/index.php\/wp-json\/wp\/v2\/media?parent=5419"}],"wp:term":[{"taxonomy":"category","embeddable":true,"href":"https:\/\/aguaslindasnoticias.com.br\/index.php\/wp-json\/wp\/v2\/categories?post=5419"},{"taxonomy":"post_tag","embeddable":true,"href":"https:\/\/aguaslindasnoticias.com.br\/index.php\/wp-json\/wp\/v2\/tags?post=5419"}],"curies":[{"name":"wp","href":"https:\/\/api.w.org\/{rel}","templated":true}]}}