{"id":5418,"date":"2023-01-04T10:12:48","date_gmt":"2023-01-04T13:12:48","guid":{"rendered":"https:\/\/aguaslindasnoticias.com.br\/index.php\/2023\/01\/04\/participe-da-selecao-de-professores-para-classes-hospitalares\/"},"modified":"2023-01-04T10:12:48","modified_gmt":"2023-01-04T13:12:48","slug":"participe-da-selecao-de-professores-para-classes-hospitalares","status":"publish","type":"post","link":"https:\/\/aguaslindasnoticias.com.br\/index.php\/2023\/01\/04\/participe-da-selecao-de-professores-para-classes-hospitalares\/","title":{"rendered":"Participe da sele\u00e7\u00e3o de professores para classes hospitalares"},"content":{"rendered":"\n<h2 class=\"wp-block-heading\">Inscri\u00e7\u00f5es iniciam no dia 7 de fevereiro. S\u00e3o 15 vagas para atuar em 11 hospitais<\/h2>\n\n\n\n<p>AG\u00caNCIA BRAS\u00cdLIA* I EDI\u00c7\u00c3O: D\u00c9BORA CRONEMBERGER<a href=\"https:\/\/www.facebook.com\/sharer.php?u=https:\/\/www.agenciabrasilia.df.gov.br\/2022\/01\/31\/participe-da-selecao-de-professores-para-classes-hospitalares\/\" target=\"_blank\" rel=\"noreferrer noopener\"><\/a><a href=\"https:\/\/twitter.com\/intent\/tweet?source=agenciabrasilia&amp;text=Participe%20da%20sele%C3%A7%C3%A3o%20de%20professores%20para%20classes%20hospitalares&amp;url=https:\/\/www.agenciabrasilia.df.gov.br\/2022\/01\/31\/participe-da-selecao-de-professores-para-classes-hospitalares\/&amp;via=AgenciaBrasilia\" target=\"_blank\" rel=\"noreferrer noopener\"><\/a><\/p>\n\n\n\n<blockquote class=\"wp-block-quote is-layout-flow wp-block-quote-is-layout-flow\"><p>Est\u00e3o aptos a participar professores de educa\u00e7\u00e3o b\u00e1sica da carreira magist\u00e9rio do DF com carga hor\u00e1ria de 40 horas semanais e efetivo exerc\u00edcio na rede p\u00fablica de ensino h\u00e1, no m\u00ednimo, tr\u00eas anos<\/p><\/blockquote>\n\n\n\n<p>Com novos hospitais inclu\u00eddos, o processo seletivo de professor da educa\u00e7\u00e3o b\u00e1sica da carreira magist\u00e9rio, para atuar nas classes hospitalares, foi publicado nesta segunda-feira (31), no&nbsp;<a href=\"https:\/\/dodf.df.gov.br\/index\/visualizar-arquivo\/?pasta=2022|01_Janeiro|DODF%20021%2031-01-2022|&amp;arquivo=DODF%20021%2031-01-2022%20INTEGRA.pdf\" target=\"_blank\" rel=\"noreferrer noopener\">Di\u00e1rio Oficial do DF<\/a>&nbsp;(DODF). Agora s\u00e3o 11 as unidades que contam com o programa; antes eram cinco. S\u00e3o 15 vagas e cadastro reserva.<\/p>\n\n\n\n<p>A portaria da Secretaria de Educa\u00e7\u00e3o, em conjunto com a Secretaria de Sa\u00fade, garante atendimento educacional \u00e0s crian\u00e7as da educa\u00e7\u00e3o infantil e dos anos iniciais do ensino fundamental, matriculadas na rede p\u00fablica de ensino, impossibilitadas de frequentar as escolas em raz\u00e3o de tratamento m\u00e9dico.<\/p>\n\n\n\n<p>As inscri\u00e7\u00f5es ser\u00e3o realizadas entre os dias 7 e 10 de fevereiro,&nbsp;<a href=\"https:\/\/docs.google.com\/forms\/d\/e\/1FAIpQLSerhdgFq6zxQQV3msM5nvk3oN2G_ciXIm55xk8ZN_lctm0GA\/viewform?usp=pp_url\" target=\"_blank\" rel=\"noreferrer noopener\">neste link<\/a>&nbsp;(a p\u00e1gina estar\u00e1 dispon\u00edvel no per\u00edodo informado das inscri\u00e7\u00f5es). Ser\u00e3o tr\u00eas etapas: inscri\u00e7\u00e3o, an\u00e1lise curricular documental e entrevista individual, conforme crit\u00e9rios definidos no edital.<\/p>\n\n\n\n<figure class=\"wp-block-image\"><img decoding=\"async\" src=\"http:\/\/www.agenciabrasilia.df.gov.br\/wp-conteudo\/uploads\/2022\/01\/Fullbanner_Classeshospitalares_2.png\" alt=\"\" class=\"wp-image-373542\"\/><figcaption>A sele\u00e7\u00e3o de professores visa assegurar aulas, em hospitais, para crian\u00e7as da educa\u00e7\u00e3o infantil e dos anos iniciais do ensino fundamental | Foto: Divulga\u00e7\u00e3o\/Secretaria de Educa\u00e7\u00e3o<\/figcaption><\/figure>\n\n\n\n<p><strong>Requisitos necess\u00e1rios<\/strong><\/p>\n\n\n\n<p>Est\u00e3o aptos a participar professores de educa\u00e7\u00e3o b\u00e1sica da carreira magist\u00e9rio do DF com carga hor\u00e1ria de 40 horas semanais e efetivo exerc\u00edcio na rede p\u00fablica de ensino h\u00e1, no m\u00ednimo, tr\u00eas anos. \u00c9 preciso possuir certificado de p\u00f3s-gradua\u00e7\u00e3o ou cursos de 180 horas, na \u00e1rea de atendimento educacional especializado, aptid\u00e3o em atendimento educacional especializado e cursos na \u00e1rea de educa\u00e7\u00e3o hospitalar.<\/p>\n\n\n\n<blockquote class=\"wp-block-quote is-layout-flow wp-block-quote-is-layout-flow\"><p>\u201c\u00c9 o Estado abra\u00e7ando e acolhendo at\u00e9 nos momentos mais vulner\u00e1veis\u201dCaren Queiroz, pedagoga<\/p><\/blockquote>\n\n\n\n<p>O programa de classes hospitalares, al\u00e9m de assegurar o ensino das crian\u00e7as hospitalizadas, evita a evas\u00e3o escolar e a repet\u00eancia do estudante. H\u00e1 24 anos na Secretaria de Educa\u00e7\u00e3o e 18 anos trabalhando dentro dos hospitais, a pedagoga Caren Queiroz \u00e9 s\u00f3 elogios ao comentar sobre o projeto. \u201cGrande ganho para nossos alunos\u201d, destaca.<\/p>\n\n\n\n<p>\u201c\u00c9 o Estado abra\u00e7ando e acolhendo at\u00e9 nos momentos mais vulner\u00e1veis\u201d, comenta Caren, ao explicar que v\u00e1rias dessas crian\u00e7as possuem doen\u00e7as cr\u00f4nicas e precisam ser internadas para tratamento v\u00e1rias vezes durante o ano. \u201cMais uma oportunidade para crian\u00e7as e adolescentes continuarem o atendimento escolar enquanto est\u00e3o internadas, sem precisar interromper o processo de escolariza\u00e7\u00e3o\u201d, completa.<\/p>\n\n\n\n<p><strong>Locais de atua\u00e7\u00e3o:<\/strong><\/p>\n\n\n\n<p>. Hospital Materno Infantil (Hmib)<br>. Hospital Regional da Asa Norte (Hran)<br>. Hospital Regional de Taguatinga (HRT)<br>. Hospital Regional de Ceil\u00e2ndia (HRC)<br>. Hospital Regional do Gama (HRG)<br>. Hospital Regional de Sobradinho (HRS)<br>. Hospital Regional de Planaltina (HRP)<br>. Hospital Regional de Brazl\u00e2ndia (HRBz)<br>. Hospital Regional do Parano\u00e1 (HRPa)<br>. Hospital Regional de Samambaia (HRSa)<br>. Hospital da Crian\u00e7a de Bras\u00edlia Jos\u00e9 Alencar<\/p>\n\n\n\n<p><em>*Com informa\u00e7\u00f5es da Secretaria de Educa\u00e7\u00e3o<\/em><\/p>\n","protected":false},"excerpt":{"rendered":"<p>Inscri\u00e7\u00f5es iniciam no dia 7 de fevereiro. S\u00e3o 15 vagas para atuar em 11 hospitais AG\u00caNCIA BRAS\u00cdLIA* I EDI\u00c7\u00c3O: D\u00c9BORA CRONEMBERGER Est\u00e3o aptos a participar professores de educa\u00e7\u00e3o b\u00e1sica da carreira magist\u00e9rio do DF com carga hor\u00e1ria de 40 horas semanais e efetivo exerc\u00edcio na rede p\u00fablica de ensino h\u00e1, no m\u00ednimo, tr\u00eas anos Com [&hellip;]<\/p>\n","protected":false},"author":1,"featured_media":0,"comment_status":"open","ping_status":"open","sticky":false,"template":"","format":"standard","meta":{"footnotes":""},"categories":[],"tags":[],"class_list":["post-5418","post","type-post","status-publish","format-standard","hentry"],"_links":{"self":[{"href":"https:\/\/aguaslindasnoticias.com.br\/index.php\/wp-json\/wp\/v2\/posts\/5418","targetHints":{"allow":["GET"]}}],"collection":[{"href":"https:\/\/aguaslindasnoticias.com.br\/index.php\/wp-json\/wp\/v2\/posts"}],"about":[{"href":"https:\/\/aguaslindasnoticias.com.br\/index.php\/wp-json\/wp\/v2\/types\/post"}],"author":[{"embeddable":true,"href":"https:\/\/aguaslindasnoticias.com.br\/index.php\/wp-json\/wp\/v2\/users\/1"}],"replies":[{"embeddable":true,"href":"https:\/\/aguaslindasnoticias.com.br\/index.php\/wp-json\/wp\/v2\/comments?post=5418"}],"version-history":[{"count":0,"href":"https:\/\/aguaslindasnoticias.com.br\/index.php\/wp-json\/wp\/v2\/posts\/5418\/revisions"}],"wp:attachment":[{"href":"https:\/\/aguaslindasnoticias.com.br\/index.php\/wp-json\/wp\/v2\/media?parent=5418"}],"wp:term":[{"taxonomy":"category","embeddable":true,"href":"https:\/\/aguaslindasnoticias.com.br\/index.php\/wp-json\/wp\/v2\/categories?post=5418"},{"taxonomy":"post_tag","embeddable":true,"href":"https:\/\/aguaslindasnoticias.com.br\/index.php\/wp-json\/wp\/v2\/tags?post=5418"}],"curies":[{"name":"wp","href":"https:\/\/api.w.org\/{rel}","templated":true}]}}