{"id":5417,"date":"2023-01-04T10:12:48","date_gmt":"2023-01-04T13:12:48","guid":{"rendered":"https:\/\/aguaslindasnoticias.com.br\/index.php\/2023\/01\/04\/deck-sul-ganha-mais-luminosidade-e-seguranca\/"},"modified":"2023-01-04T10:12:48","modified_gmt":"2023-01-04T13:12:48","slug":"deck-sul-ganha-mais-luminosidade-e-seguranca","status":"publish","type":"post","link":"https:\/\/aguaslindasnoticias.com.br\/index.php\/2023\/01\/04\/deck-sul-ganha-mais-luminosidade-e-seguranca\/","title":{"rendered":"Deck Sul ganha mais luminosidade e seguran\u00e7a"},"content":{"rendered":"\n<h2 class=\"wp-block-heading\">A\u00e7\u00f5es de manuten\u00e7\u00e3o da CEB Ipes ajudam a promover um ambiente saud\u00e1vel para a popula\u00e7\u00e3o<\/h2>\n\n\n\n<p>AG\u00caNCIA BRAS\u00cdLIA* | EDI\u00c7\u00c3O: CHICO NETO<a href=\"https:\/\/www.facebook.com\/sharer.php?u=https:\/\/www.agenciabrasilia.df.gov.br\/2022\/02\/01\/deck-sul-ganha-mais-luminosidade-e-seguranca\/\" target=\"_blank\" rel=\"noreferrer noopener\"><\/a><a href=\"https:\/\/twitter.com\/intent\/tweet?source=agenciabrasilia&amp;text=Deck%20Sul%20ganha%20mais%20luminosidade%20e%20seguran%C3%A7a&amp;url=https:\/\/www.agenciabrasilia.df.gov.br\/2022\/02\/01\/deck-sul-ganha-mais-luminosidade-e-seguranca\/&amp;via=AgenciaBrasilia\" target=\"_blank\" rel=\"noreferrer noopener\"><\/a><\/p>\n\n\n\n<p>Dando continuidade \u00e0 manuten\u00e7\u00e3o estrat\u00e9gica que a CEB Ipes vem executando em todo o Distrito Federal, as equipes da companhia estiveram recentemente no Parque Deck Sul, localizado na L4 Sul, e reformaram toda a ilumina\u00e7\u00e3o p\u00fablica do espa\u00e7o, contribuindo para que a popula\u00e7\u00e3o desfrute do local com maior luminosidade.<\/p>\n\n\n\n<figure class=\"wp-block-image\"><img decoding=\"async\" src=\"http:\/\/agenciabrasilia.df.gov.br\/wp-conteudo\/uploads\/2022\/02\/1%C2%BA.2.-Personagem-Murilo-1.jpg\" alt=\"\" class=\"wp-image-373733\"\/><figcaption>Frequentador do local, o designer Murilo Junqueira comemora: \u201cAgora a ilumina\u00e7\u00e3o vai permitir que eu fique at\u00e9 bem mais tarde\u201d | Foto: Gilberto Alves\/CEB Ipes<\/figcaption><\/figure>\n\n\n\n<p>\u201cAgora, a noite parece dia\u201d, comemora o skatista e designer Murilo Junqueira,36 a nos, usu\u00e1rio frequente do Deck Sul. \u201cEu sempre venho andar de skate aqui, e agora a ilumina\u00e7\u00e3o vai permitir que eu fique at\u00e9 bem mais tarde.\u201d<\/p>\n\n\n\n<p>As equipes fizeram o reparo de um curto-circuito nos cabos de alimenta\u00e7\u00e3o de ilumina\u00e7\u00e3o p\u00fablica entre as pistas de skate e de caminhada na orla do lago, a substitui\u00e7\u00e3o de sete lumin\u00e1rias queimadas e a revis\u00e3o nos quadros de comando com a troca de tr\u00eas contatoras (dispositivos que permitem o acionamento de cargas para as quais s\u00e3o exigidas correntes maiores).<\/p>\n\n\n\n<p>O trabalho de manuten\u00e7\u00e3o atende a v\u00e1rios objetivos, como aumentar a sensa\u00e7\u00e3o de seguran\u00e7a da popula\u00e7\u00e3o e estimular a ocupa\u00e7\u00e3o dos espa\u00e7os p\u00fablicos pela sociedade no per\u00edodo noturno, hor\u00e1rio em que muita gente se encontra, socializa e pratica atividades f\u00edsicas ao ar livre.<\/p>\n\n\n\n<p><strong>Vigil\u00e2ncia&nbsp;<\/strong><\/p>\n\n\n\n<p>O Deck Sul j\u00e1 foi alvo de vandalismo, com o furto de 13 lumin\u00e1rias de LED, 13 curvas de a\u00e7o de postes e 800 m de cabo, al\u00e9m da depreda\u00e7\u00e3o de um poste de a\u00e7o e da tubula\u00e7\u00e3o que fica sob o deque. Os preju\u00edzos foram estimados em R$ 80 mil.<\/p>\n\n\n\n<p>A a\u00e7\u00e3o da CEB Ipes de manter constante a manuten\u00e7\u00e3o e a vigil\u00e2ncia da ilumina\u00e7\u00e3o desses espa\u00e7os p\u00fablicos contribui para a maior frequ\u00eancia de pessoas nos locais, desestimulando a ocorr\u00eancia de furtos dos equipamentos como cabos de cobre, lumin\u00e1rias e postes.<\/p>\n\n\n\n<p>\u201cTemos realizado um intenso trabalho de manuten\u00e7\u00e3o nos pontos com maior fluxo de pessoas e ve\u00edculos, bem como nos monumentos da nossa capital federal\u201d, afirma o presidente da CEB, Edison Garcia. \u201cA ilumina\u00e7\u00e3o p\u00fablica \u00e9 um instrumento de cidadania que tem o poder de melhorar a qualidade de vida da popula\u00e7\u00e3o.\u201d<\/p>\n\n\n\n<p>*<em>Com informa\u00e7\u00f5es da CEB Ipes<\/em><\/p>\n","protected":false},"excerpt":{"rendered":"<p>A\u00e7\u00f5es de manuten\u00e7\u00e3o da CEB Ipes ajudam a promover um ambiente saud\u00e1vel para a popula\u00e7\u00e3o AG\u00caNCIA BRAS\u00cdLIA* | EDI\u00c7\u00c3O: CHICO NETO Dando continuidade \u00e0 manuten\u00e7\u00e3o estrat\u00e9gica que a CEB Ipes vem executando em todo o Distrito Federal, as equipes da companhia estiveram recentemente no Parque Deck Sul, localizado na L4 Sul, e reformaram toda a [&hellip;]<\/p>\n","protected":false},"author":1,"featured_media":0,"comment_status":"open","ping_status":"open","sticky":false,"template":"","format":"standard","meta":{"footnotes":""},"categories":[],"tags":[],"class_list":["post-5417","post","type-post","status-publish","format-standard","hentry"],"_links":{"self":[{"href":"https:\/\/aguaslindasnoticias.com.br\/index.php\/wp-json\/wp\/v2\/posts\/5417","targetHints":{"allow":["GET"]}}],"collection":[{"href":"https:\/\/aguaslindasnoticias.com.br\/index.php\/wp-json\/wp\/v2\/posts"}],"about":[{"href":"https:\/\/aguaslindasnoticias.com.br\/index.php\/wp-json\/wp\/v2\/types\/post"}],"author":[{"embeddable":true,"href":"https:\/\/aguaslindasnoticias.com.br\/index.php\/wp-json\/wp\/v2\/users\/1"}],"replies":[{"embeddable":true,"href":"https:\/\/aguaslindasnoticias.com.br\/index.php\/wp-json\/wp\/v2\/comments?post=5417"}],"version-history":[{"count":0,"href":"https:\/\/aguaslindasnoticias.com.br\/index.php\/wp-json\/wp\/v2\/posts\/5417\/revisions"}],"wp:attachment":[{"href":"https:\/\/aguaslindasnoticias.com.br\/index.php\/wp-json\/wp\/v2\/media?parent=5417"}],"wp:term":[{"taxonomy":"category","embeddable":true,"href":"https:\/\/aguaslindasnoticias.com.br\/index.php\/wp-json\/wp\/v2\/categories?post=5417"},{"taxonomy":"post_tag","embeddable":true,"href":"https:\/\/aguaslindasnoticias.com.br\/index.php\/wp-json\/wp\/v2\/tags?post=5417"}],"curies":[{"name":"wp","href":"https:\/\/api.w.org\/{rel}","templated":true}]}}