{"id":5416,"date":"2023-01-04T10:12:48","date_gmt":"2023-01-04T13:12:48","guid":{"rendered":"https:\/\/aguaslindasnoticias.com.br\/index.php\/2023\/01\/04\/camara-retoma-trabalhos-legislativos-nesta-terca-feira-1o\/"},"modified":"2023-01-04T10:12:48","modified_gmt":"2023-01-04T13:12:48","slug":"camara-retoma-trabalhos-legislativos-nesta-terca-feira-1o","status":"publish","type":"post","link":"https:\/\/aguaslindasnoticias.com.br\/index.php\/2023\/01\/04\/camara-retoma-trabalhos-legislativos-nesta-terca-feira-1o\/","title":{"rendered":"C\u00e2mara retoma trabalhos legislativos nesta ter\u00e7a-feira (1\u00ba)"},"content":{"rendered":"\n<p>Foto: Carlos Gandra<\/p>\n\n\n\n<figure class=\"wp-block-image\"><img decoding=\"async\" src=\"https:\/\/www.cl.df.gov.br\/documents\/10162\/10500580\/1207272CG+%2823%29.jpg\/077b17b7-f189-417f-8c37-a4f23097b158?t=1412592960000\" alt=\"Quest\u00f5es fundi\u00e1rias, sociais e econ\u00f4micas dever\u00e3o ter destaque em 2022 na CLDF\"\/><\/figure>\n\n\n\n<p>Quest\u00f5es fundi\u00e1rias, sociais e econ\u00f4micas dever\u00e3o ter destaque em 2022 na CLDF<\/p>\n\n\n\n<p>A C\u00e2mara Legislativa do Distrito Federal retoma os trabalhos legislativos a partir desta ter\u00e7a-feira (1\u00ba). A primeira sess\u00e3o do ano come\u00e7a \u00e0s 15h, com a participa\u00e7\u00e3o presencial dos deputados distritais. O governador Ibaneis Rocha e o vice-governador Paco Brito foram convidados para a solenidade de abertura dos trabalhos, mas at\u00e9 o fechamento deste texto ainda n\u00e3o haviam confirmado presen\u00e7a.<br>O presidente da C\u00e2mara, deputado Rafael Prudente (MDB), afirmou que em 2022 a CLDF seguir\u00e1 desempenhando \u201cseu papel legiferante e fiscalizador\u201d. Segundo ele, as elei\u00e7\u00f5es n\u00e3o dever\u00e3o interferir no trabalho do Legislativo.<\/p>\n\n\n\n<p>Na entrevista em que fez um balan\u00e7o dos trabalhos de 2021, Prudente adiantou algumas pautas priorit\u00e1rias para este ano, destacando as mat\u00e9rias sociais e econ\u00f4micas. \u201cPrecisamos gerar empregos e deixar o empresariado trabalhar\u201d, disse. Outra prioridade vai ser a pauta fundi\u00e1ria, em especial a Lei de Uso e Ocupa\u00e7\u00e3o do Solo (Luos), o Plano Diretor de Ordenamento Territorial (PDOT) e o Plano de Preserva\u00e7\u00e3o do Conjunto Urban\u00edstico de Bras\u00edlia (PPCUB).<\/p>\n\n\n\n<p><strong>Aumento na produ\u00e7\u00e3o legislativa em 2021<\/strong><\/p>\n\n\n\n<p>O ano de 2021 terminou com um aumento aproximado de 30% da produ\u00e7\u00e3o legislativa em rela\u00e7\u00e3o ao ano anterior. A pandemia da Covid exigiu do Legislativo local celeridade na aprecia\u00e7\u00e3o e aprova\u00e7\u00e3o de um grande volume de proposi\u00e7\u00f5es. No total, a C\u00e2mara Legislativa aprovou 1.044 propostas, entre projetos de lei, projetos de lei complementar, altera\u00e7\u00f5es \u00e0 Lei Org\u00e2nica e requerimentos.<\/p>\n\n\n\n<p>A partir desta ter\u00e7a-feira a C\u00e2mara tamb\u00e9m volta a funcionar em hor\u00e1rio integral, pela manh\u00e3 e \u00e0 tarde. Durante o recesso parlamentar o funcionamento foi reduzido apenas para o per\u00edodo vespertino.<\/p>\n\n\n\n<p><strong>Lu\u00eds Cl\u00e1udio Alves &#8211; Ag\u00eancia CLDF<\/strong><\/p>\n","protected":false},"excerpt":{"rendered":"<p>Foto: Carlos Gandra Quest\u00f5es fundi\u00e1rias, sociais e econ\u00f4micas dever\u00e3o ter destaque em 2022 na CLDF A C\u00e2mara Legislativa do Distrito Federal retoma os trabalhos legislativos a partir desta ter\u00e7a-feira (1\u00ba). A primeira sess\u00e3o do ano come\u00e7a \u00e0s 15h, com a participa\u00e7\u00e3o presencial dos deputados distritais. O governador Ibaneis Rocha e o vice-governador Paco Brito foram [&hellip;]<\/p>\n","protected":false},"author":1,"featured_media":0,"comment_status":"open","ping_status":"open","sticky":false,"template":"","format":"standard","meta":{"footnotes":""},"categories":[],"tags":[],"class_list":["post-5416","post","type-post","status-publish","format-standard","hentry"],"_links":{"self":[{"href":"https:\/\/aguaslindasnoticias.com.br\/index.php\/wp-json\/wp\/v2\/posts\/5416","targetHints":{"allow":["GET"]}}],"collection":[{"href":"https:\/\/aguaslindasnoticias.com.br\/index.php\/wp-json\/wp\/v2\/posts"}],"about":[{"href":"https:\/\/aguaslindasnoticias.com.br\/index.php\/wp-json\/wp\/v2\/types\/post"}],"author":[{"embeddable":true,"href":"https:\/\/aguaslindasnoticias.com.br\/index.php\/wp-json\/wp\/v2\/users\/1"}],"replies":[{"embeddable":true,"href":"https:\/\/aguaslindasnoticias.com.br\/index.php\/wp-json\/wp\/v2\/comments?post=5416"}],"version-history":[{"count":0,"href":"https:\/\/aguaslindasnoticias.com.br\/index.php\/wp-json\/wp\/v2\/posts\/5416\/revisions"}],"wp:attachment":[{"href":"https:\/\/aguaslindasnoticias.com.br\/index.php\/wp-json\/wp\/v2\/media?parent=5416"}],"wp:term":[{"taxonomy":"category","embeddable":true,"href":"https:\/\/aguaslindasnoticias.com.br\/index.php\/wp-json\/wp\/v2\/categories?post=5416"},{"taxonomy":"post_tag","embeddable":true,"href":"https:\/\/aguaslindasnoticias.com.br\/index.php\/wp-json\/wp\/v2\/tags?post=5416"}],"curies":[{"name":"wp","href":"https:\/\/api.w.org\/{rel}","templated":true}]}}