{"id":5415,"date":"2023-01-04T10:12:48","date_gmt":"2023-01-04T13:12:48","guid":{"rendered":"https:\/\/aguaslindasnoticias.com.br\/index.php\/2023\/01\/04\/na-hora-sobradinho-abre-oficialmente-para-atender-populacao\/"},"modified":"2023-01-04T10:12:48","modified_gmt":"2023-01-04T13:12:48","slug":"na-hora-sobradinho-abre-oficialmente-para-atender-populacao","status":"publish","type":"post","link":"https:\/\/aguaslindasnoticias.com.br\/index.php\/2023\/01\/04\/na-hora-sobradinho-abre-oficialmente-para-atender-populacao\/","title":{"rendered":"Na Hora Sobradinho abre oficialmente para atender popula\u00e7\u00e3o"},"content":{"rendered":"\n<p>A unidade foi a terceira completamente reformada pela Sejus. Nesta semana, come\u00e7aram as obras na de Ceil\u00e2ndiaAG\u00caNCIA BRAS\u00cdLIA* | EDI\u00c7\u00c3O: ROSUALDO RODRIGUES&nbsp;<\/p>\n\n\n\n<p>A unidade do Na Hora de Sobradinho foi entregue oficialmente, nesta quinta-feira (27), \u00e0 popula\u00e7\u00e3o, com as instala\u00e7\u00f5es mais modernas, tecnol\u00f3gicas, confort\u00e1veis e seguras, ap\u00f3s 60 dias de obras de reforma. Nesse per\u00edodo, os atendimentos ocorreram provisoriamente no centro ol\u00edmpico e Paral\u00edmpico da cidade.<\/p>\n\n\n\n<blockquote class=\"wp-block-quote is-layout-flow wp-block-quote-is-layout-flow\"><p>\u201cQuando a gente pega um servi\u00e7o t\u00e3o utilizado pela popula\u00e7\u00e3o, como o Na Hora, e o aprimora ainda mais, refor\u00e7amos o nosso compromisso, que \u00e9 cuidar das pessoas\u201dMarcela Passamani, secret\u00e1ria de Justi\u00e7a e Cidadania<\/p><\/blockquote>\n\n\n\n<p>Ao reinaugurar a unidade, a secret\u00e1ria de Justi\u00e7a e Cidadania, Marcela Passamani, destacou que o atendimento eficiente e de qualidade aos moradores do Distrito Federal \u00e9 um dos pilares da pasta.<\/p>\n\n\n\n<p>\u201cQuando a gente pega um servi\u00e7o t\u00e3o utilizado pela popula\u00e7\u00e3o, como o Na Hora, e o aprimora ainda mais, refor\u00e7amos o nosso compromisso, que \u00e9 cuidar das pessoas. Neste ano, continuamos trabalhando muito porque temos uma gest\u00e3o de entregas e de responsabilidade\u201d, destacou Passamani.<\/p>\n\n\n\n<p>A obra incluiu toda a recupera\u00e7\u00e3o do piso, dos banheiros e da copa; a substitui\u00e7\u00e3o do sistema el\u00e9trico e de todo o parque tecnol\u00f3gico. O layout foi redefinido e ganhou novos mobili\u00e1rios e divis\u00f3rias. A obra tamb\u00e9m possibilitou o aumento do n\u00famero de postos de atendimento de 23, no in\u00edcio da gest\u00e3o, para 31 ap\u00f3s a reforma, o que abre a oportunidade de a unidade receber novos \u00f3rg\u00e3os parceiros e\/ou aumento dos atuais.<\/p>\n\n\n\n<figure class=\"wp-block-image\"><img decoding=\"async\" src=\"http:\/\/www.agenciabrasilia.df.gov.br\/wp-conteudo\/uploads\/2022\/01\/Fotos-Jhonatan-Vieira-Sejus-DF-1.jpeg\" alt=\"\" class=\"wp-image-372529\"\/><figcaption>O Na Hora Sobradinho tem o menor tempo de espera: 2 minutos e 45 segundos. O servi\u00e7o dever\u00e1 se tornar ainda mais \u00e1gil, j\u00e1 que a reforma ampliou o n\u00famero de postos de atendimento de 23 para 31 | Fotos: Jhonatan Vieira\/Sejus-DF<\/figcaption><\/figure>\n\n\n\n<p>A unidade de Sobradinho foi a terceira reformada pela Secretaria de Justi\u00e7a e Cidadania (Sejus). J\u00e1 foram entregues \u00e0 popula\u00e7\u00e3o o Na Hora da Rodovi\u00e1ria e o de Brazl\u00e2ndia e a expectativa \u00e9 concluir em 2022 a reforma das outras quatro unidades no DF.<\/p>\n\n\n\n<blockquote class=\"wp-block-quote is-layout-flow wp-block-quote-is-layout-flow\"><p>89 milatendimentos foram feitos pelo Na Hora Sobradinho no ano passado<\/p><\/blockquote>\n\n\n\n<p>Nesta semana, come\u00e7aram as obras em Ceil\u00e2ndia. Al\u00e9m da melhoria do espa\u00e7o f\u00edsico, a pasta tem investido em tecnologia para oferecer um atendimento mais eficiente e \u00e1gil aos usu\u00e1rios do servi\u00e7o. A unidade de Sobradinho, por exemplo, prestou, somente no ano passado, 89 mil atendimentos e tem o menor tempo de espera: 2 minutos e 45 segundos.<\/p>\n\n\n\n<p><strong>Outras a\u00e7\u00f5es<\/strong><\/p>\n\n\n\n<p>Em breve, os moradores de todas as regi\u00f5es administrativas do DF poder\u00e3o contar com os atendimentos itinerantes do Na Hora Mais Perto do Cidad\u00e3o. A unidade m\u00f3vel chegou na v\u00e9spera de Natal \u00e0 Sejus e ir\u00e1 percorrer todas as cidades da capital, principalmente as que ainda n\u00e3o possuem uma unidade fixa.<\/p>\n\n\n\n<p>Outra iniciativa para amplia\u00e7\u00e3o dos servi\u00e7os do Na Hora foi o lan\u00e7amento do Na Hora Cidades, que disponibiliza postos de autoatendimento para a popula\u00e7\u00e3o, em parceria com as administra\u00e7\u00f5es regionais. O projeto j\u00e1 est\u00e1 em funcionamento em S\u00e3o Sebasti\u00e3o, Cidade Estrutural e Planaltina.<\/p>\n\n\n\n<p>Atualmente, o Na Hora Sobradinho conta com a presen\u00e7a de nove \u00f3rg\u00e3os parceiros atuantes: Correios, Detran-DF, Defensoria P\u00fablica (DPDF), Minist\u00e9rio do Trabalho e Previd\u00eancia (MTP), Neoenergia, Instituto de Identifica\u00e7\u00e3o da Pol\u00edcia Civil do DF, Procon, Secretaria de Desenvolvimento Social (Sedes) e Secretaria de Economia (Seec).<\/p>\n\n\n\n<p><strong>Servi\u00e7o<br><\/strong>Na Hora Sobradinho<br>Endere\u00e7o: Quadra 6, \u00c1rea Especial 8 \u2013 Sobradinho-DF<br>Telefone: 61 2104-4253<br>Hor\u00e1rio de funcionamento: segunda a sexta-feira, das 7h30 \u00e0s 19h.<\/p>\n\n\n\n<p><em>*Com informa\u00e7\u00f5es da Secretaria de Justi\u00e7a e Cidadania do DF<\/em><\/p>\n","protected":false},"excerpt":{"rendered":"<p>A unidade foi a terceira completamente reformada pela Sejus. Nesta semana, come\u00e7aram as obras na de Ceil\u00e2ndiaAG\u00caNCIA BRAS\u00cdLIA* | EDI\u00c7\u00c3O: ROSUALDO RODRIGUES&nbsp; A unidade do Na Hora de Sobradinho foi entregue oficialmente, nesta quinta-feira (27), \u00e0 popula\u00e7\u00e3o, com as instala\u00e7\u00f5es mais modernas, tecnol\u00f3gicas, confort\u00e1veis e seguras, ap\u00f3s 60 dias de obras de reforma. Nesse per\u00edodo, [&hellip;]<\/p>\n","protected":false},"author":1,"featured_media":0,"comment_status":"open","ping_status":"open","sticky":false,"template":"","format":"standard","meta":{"footnotes":""},"categories":[],"tags":[],"class_list":["post-5415","post","type-post","status-publish","format-standard","hentry"],"_links":{"self":[{"href":"https:\/\/aguaslindasnoticias.com.br\/index.php\/wp-json\/wp\/v2\/posts\/5415","targetHints":{"allow":["GET"]}}],"collection":[{"href":"https:\/\/aguaslindasnoticias.com.br\/index.php\/wp-json\/wp\/v2\/posts"}],"about":[{"href":"https:\/\/aguaslindasnoticias.com.br\/index.php\/wp-json\/wp\/v2\/types\/post"}],"author":[{"embeddable":true,"href":"https:\/\/aguaslindasnoticias.com.br\/index.php\/wp-json\/wp\/v2\/users\/1"}],"replies":[{"embeddable":true,"href":"https:\/\/aguaslindasnoticias.com.br\/index.php\/wp-json\/wp\/v2\/comments?post=5415"}],"version-history":[{"count":0,"href":"https:\/\/aguaslindasnoticias.com.br\/index.php\/wp-json\/wp\/v2\/posts\/5415\/revisions"}],"wp:attachment":[{"href":"https:\/\/aguaslindasnoticias.com.br\/index.php\/wp-json\/wp\/v2\/media?parent=5415"}],"wp:term":[{"taxonomy":"category","embeddable":true,"href":"https:\/\/aguaslindasnoticias.com.br\/index.php\/wp-json\/wp\/v2\/categories?post=5415"},{"taxonomy":"post_tag","embeddable":true,"href":"https:\/\/aguaslindasnoticias.com.br\/index.php\/wp-json\/wp\/v2\/tags?post=5415"}],"curies":[{"name":"wp","href":"https:\/\/api.w.org\/{rel}","templated":true}]}}