{"id":5414,"date":"2023-01-04T10:12:48","date_gmt":"2023-01-04T13:12:48","guid":{"rendered":"https:\/\/aguaslindasnoticias.com.br\/index.php\/2023\/01\/04\/mesmo-com-pandemia-vamos-acelerar-em-2022\/"},"modified":"2023-01-04T10:12:48","modified_gmt":"2023-01-04T13:12:48","slug":"mesmo-com-pandemia-vamos-acelerar-em-2022","status":"publish","type":"post","link":"https:\/\/aguaslindasnoticias.com.br\/index.php\/2023\/01\/04\/mesmo-com-pandemia-vamos-acelerar-em-2022\/","title":{"rendered":"\u2018Mesmo com pandemia, vamos acelerar em 2022\u2019"},"content":{"rendered":"\n<h2 class=\"wp-block-heading\">Secret\u00e1rio de Governo garante um ano de entregas e novos projetos, fala sobre mudan\u00e7as do GDF Presente e mostra como o cidad\u00e3o deve cobrar melhorias<\/h2>\n\n\n\n<p>H\u00c9DIO FERREIRA J\u00daNIOR, DA AG\u00caNCIA BRAS\u00cdLIA | EDI\u00c7\u00c3O: RENATA LU<a href=\"https:\/\/www.facebook.com\/sharer.php?u=https:\/\/agenciabrasilia.df.gov.br\/2022\/01\/28\/mesmo-com-pandemia-vamos-acelerar-em-2022\/\" target=\"_blank\" rel=\"noreferrer noopener\"><\/a><a href=\"https:\/\/twitter.com\/intent\/tweet?source=agenciabrasilia&amp;text=%E2%80%98Mesmo%20com%20pandemia,%20vamos%20acelerar%20em%202022%E2%80%99&amp;url=https:\/\/agenciabrasilia.df.gov.br\/2022\/01\/28\/mesmo-com-pandemia-vamos-acelerar-em-2022\/&amp;via=AgenciaBrasilia\" target=\"_blank\" rel=\"noreferrer noopener\"><\/a><\/p>\n\n\n\n<figure class=\"wp-block-image\"><img decoding=\"async\" src=\"http:\/\/www.agenciabrasilia.df.gov.br\/wp-conteudo\/uploads\/2022\/01\/IMG_2785.jpg\" alt=\"\" class=\"wp-image-372541\"\/><figcaption>\u00c9 da Secretaria de Governo, comandada por Jos\u00e9 Humberto Pires, que sai o planejamento do GDF Presente, programa in\u00e9dito e bem-sucedido do governo que est\u00e1 em execu\u00e7\u00e3o desde 2019 no cuidado di\u00e1rio das cidades | Foto: Tony Oliveira\/Ag\u00eancia Bras\u00edlia<\/figcaption><\/figure>\n\n\n\n<p><em>Se a pandemia perdura em 2022, a ordem do Governo do Distrito Federal (GDF) \u00e9 clara: continuar com o p\u00e9 no acelerador. Das pequenas e di\u00e1rias obras de reparo \u00e0s grandes interven\u00e7\u00f5es de infraestrutura, o planejamento vai seguir o cronograma com mais de mil a\u00e7\u00f5es em andamento e outras 600 j\u00e1 aprovadas e prontas para sair do papel. A garantia disso tudo vem da Secretaria de Governo, pasta comandada por Jos\u00e9 Humberto Pires, que orquestra as a\u00e7\u00f5es executadas nas 33 regi\u00f5es administrativas.<\/em><\/p>\n\n\n\n<p><em>\u00c9 da pasta dele, inclusive, que sai todo o planejamento do GDF Presente, programa in\u00e9dito e bem-sucedido do governo no cuidado di\u00e1rio das cidades, desde 2019. As solicita\u00e7\u00f5es das pequenas interven\u00e7\u00f5es s\u00e3o feitas pelos cidad\u00e3os via ouvidorias. Mas eles v\u00e3o ganhar, at\u00e9 o fim do trimestre, mais um canal de atendimento: a Administra\u00e7\u00e3o 24 horas.<\/em><\/p>\n\n\n\n<p><em>Nesta entrevista, Jos\u00e9 Humberto fala com a&nbsp;<strong>Ag\u00eancia Bras\u00edlia<\/strong>&nbsp;do que est\u00e1 sendo preparado no quarto ano desta gest\u00e3o, explica o que tem sido feito para recuperar e manter os equipamentos p\u00fablicos \u2013 inclusive o pavimento das vias, que tanto sofre com as tempestades \u2013 e a preocupa\u00e7\u00e3o de criar empregos acelerando as obras p\u00fablicas. Confira abaixo&nbsp; os principais trechos.<\/em><\/p>\n\n\n\n<p><strong>O que podemos esperar do GDF Presente em 2022?<\/strong><\/p>\n\n\n\n<p>Antes de responder, eu preciso fazer uma pequena retrospectiva. O GDF Presente foi o instrumento mais pr\u00f3ximo da popula\u00e7\u00e3o que o governo teve at\u00e9 esse momento. Ele nasceu como SOS DF, para exatamente recuperar os muitos equipamentos p\u00fablicos deteriorados que encontramos, e a partir da determina\u00e7\u00e3o do governador Ibaneis Rocha de que o governo fique pr\u00f3ximo perto da popula\u00e7\u00e3o. A gente usa at\u00e9 um jarg\u00e3o: o governo acontece na porta do cidad\u00e3o. Um dos problemas que o governador viu durante a campanha \u00e9 que a popula\u00e7\u00e3o reclamava muito da demora na resposta de uma demanda. E era muito demorado mesmo.<\/p>\n\n\n\n<p>Ent\u00e3o, resolvemos criar um instrumento em que todos os \u00f3rg\u00e3os estariam juntos para estar perto do povo e diminuir esse tempo de resposta. O programa evoluiu para o GDF Presente e tem funcionado muito bem, com a colabora\u00e7\u00e3o de todos os \u00f3rg\u00e3os de zeladoria do governo, como Novacap, SLU, Detran, Caesb, da CEB, da Secretaria de Administra\u00e7\u00e3o Penitenci\u00e1ria com o projeto M\u00e3os Dadas, as secretarias de Obras, de Agricultura, o DER\u2026<\/p>\n\n\n\n<p><strong>E como funciona o GDF Presente?<\/strong><\/p>\n\n\n\n<p>A partir de polos. Dividimos o DF em 10 regi\u00f5es e todas receberam maquin\u00e1rio e trabalhadores, que s\u00e3o deslocados para onde ser\u00e3o feitos os reparos. Tudo \u00e9 feito a partir de um planejamento: 15 dias antes, visitamos os locais com o administrador, mapeamos os problemas para, quando as equipes chegarem, o trabalho sair mais r\u00e1pido. Agora eu respondo: o que se pode esperar para 2022? Uma a\u00e7\u00e3o ainda mais forte. Vamos ampliar o projeto M\u00e3os Dadas e teremos mais trabalhadores nas ruas.<\/p>\n\n\n\n<p>Um novo contrato para fornecimento de massa asf\u00e1ltica est\u00e1 sendo fechado. Teremos 12 empresas que v\u00e3o atuar em todas as cidades como uma for\u00e7a de trabalho adicional, porque um dos problemas mais graves \u00e9 a malha vi\u00e1ria do Distrito Federal, muito antiga e desgastada, neste tempo de chuvas muito fortes. N\u00e3o vamos nos limitar ao tapa-buracos; as vias que tiverem mais que 25% de avarias ser\u00e3o integralmente recapeadas, com asfalto de qualidade. Esse mapeamento j\u00e1 est\u00e1 pronto e \u00e9 um aprimoramento no trabalho do GDF Presente.<\/p>\n\n\n\n<blockquote class=\"wp-block-quote is-layout-flow wp-block-quote-is-layout-flow\"><p>\u201cCom o programa Administra\u00e7\u00e3o 24 horas, teremos as oito horas de funcionamento presencial, mas no restante do dia ser\u00e1 poss\u00edvel acessar os servi\u00e7os das administra\u00e7\u00f5es virtualmente, pela internet. O aplicativo vai oferecer os servi\u00e7os principais e o cidad\u00e3o ter\u00e1 uma resposta mais r\u00e1pida e com menos burocracia para seus pleitos\u201d<\/p><\/blockquote>\n\n\n\n<p><strong>E em rela\u00e7\u00e3o \u00e0s parcerias com os \u00f3rg\u00e3os, o que teremos de novidades?<\/strong><\/p>\n\n\n\n<p>A CEB j\u00e1 est\u00e1 preparada para fazer a troca da ilumina\u00e7\u00e3o, das l\u00e2mpadas queimadas, o Detran para fazer a pintura das faixas de pedestres e o DER est\u00e1 esperando s\u00f3 uma libera\u00e7\u00e3o do Tribunal de Contas para fazer um trabalho que a gente chama de microrrevestimento de recupera\u00e7\u00e3o asf\u00e1ltica, que \u00e9 uma prote\u00e7\u00e3o extra para o asfalto, da mesma forma que foi feito no Eix\u00e3o e na pista da Estrada Parque Ind\u00fastrias Gr\u00e1ficas (Epig). O DER est\u00e1 fazendo esse contrato e tamb\u00e9m vai nos ajudar nessa recupera\u00e7\u00e3o das vias sob sua responsabilidade.<\/p>\n\n\n\n<p><strong>O investimento ser\u00e1 feito em todo o DF?<\/strong><\/p>\n\n\n\n<p>Sim. \u00c9 uma necessidade de muitos anos, que n\u00e3o foi suprida. N\u00f3s chegamos e come\u00e7amos o trabalho. J\u00e1 recuperamos mais de 100 quil\u00f4metros de rodovias \u2013 isso sem contar as novas constru\u00e7\u00f5es. Essa recupera\u00e7\u00e3o significa tirar a massa velha e colocar a massa nova. Mas temos ainda 600 quil\u00f4metros \u2013 lineares \u2013 que precisamos fazer. E quando se tem uma necessidade desse tamanho a gente tem que ter um programa permanente de recupera\u00e7\u00e3o de vias, que \u00e9 o que o governador Ibaneis determinou. Ele liberou R$ 140 milh\u00f5es para a Novacap, R$ 75 milh\u00f5es para o DER e mais R$ 47 milh\u00f5es s\u00f3 para o tapa-buraco. Ou seja, h\u00e1 dinheiro para o tapa-buraco e para a recupera\u00e7\u00e3o total das vias.<\/p>\n\n\n\n<p><strong>Quando o sr. fala de reconstru\u00e7\u00e3o da via, foi o que se fez na Epig?<\/strong><\/p>\n\n\n\n<p>Na Epig n\u00f3s fizemos uma obra ainda melhor. Conseguimos reconstru\u00ed-la com a t\u00e9cnica correta para o fluxo de ve\u00edculos do local. Foi feito um corte profundo de 40 cent\u00edmetros \u2013 o dobro do que acontece numa via normal \u2013 por causa do tr\u00e2nsito pesado. Quem viu a obra que est\u00e1 sendo feita no acesso ao aeroporto, na Estrada Parque Aeroporto (Epar), sabe do que estou falando. Ali \u00e9 poss\u00edvel ver a altura e a qualidade da obra.<\/p>\n\n\n\n<p><strong>Como \u00e9 a participa\u00e7\u00e3o do programa RENOVADF nessas obras?<\/strong><\/p>\n\n\n\n<p>O RENOVADF \u00e9 pe\u00e7a fundamental, uma parceria extraordin\u00e1ria. Est\u00e1 chegando e atendendo com aquela m\u00e3o de obra em treinamento grande parte das demandas da comunidade \u2013 ou seja, ao mesmo tempo em que est\u00e3o aprendendo uma profiss\u00e3o, os trabalhadores est\u00e3o colocando em pr\u00e1tica, j\u00e1 que \u00e9 um curso feito&nbsp;<em>in loco<\/em>, para valer. Outro programa que funciona bem \u00e9 o Cidade Sempre Viva, da Novacap. O GDF Presente atende as emerg\u00eancias e o Cidade Sempre Viva cuida das interven\u00e7\u00f5es que demandam mais tempo.<\/p>\n\n\n\n<p>Se temos um lugar onde [a obra] vai demorar a\u00ed dois, tr\u00eas meses para ficar pronta, quem faz esse trabalho ao redor das feiras, dos equipamentos p\u00fablicos, das pra\u00e7as \u00e9 o Cidade Sempre Viva. Ent\u00e3o eu acho que o Governo est\u00e1 bem servido, o que se reflete numa cidade bem cuidada. O problema que enfrentamos agora s\u00e3o as condi\u00e7\u00f5es clim\u00e1ticas, t\u00edpicas do per\u00edodo chuvoso; mas ainda assim o trabalho n\u00e3o para.<\/p>\n\n\n\n<p><strong>Qual o caminho ideal que o cidad\u00e3o deve seguir para solicitar um reparo, uma interven\u00e7\u00e3o ou qualquer obra de melhoria nas cidades?<\/strong><\/p>\n\n\n\n<p>O cidad\u00e3o pode procurar a pr\u00f3pria administra\u00e7\u00e3o regional presencialmente. N\u00f3s temos ouvidorias locais nas administra\u00e7\u00f5es, temos a Ouvidoria Geral do Distrito Federal e teremos de volta, em alguns dias, um canal, que \u00e9 o e-Cidades, que ele tamb\u00e9m pode usar, baixando o aplicativo para o seu telefone gratuitamente. Este app est\u00e1 temporariamente fora do ar, em aprimoramento, para que a gente integre todas essas demandas e atenda \u00e0 popula\u00e7\u00e3o por meio dele. Estamos o tempo todo fazendo o filtro das solicita\u00e7\u00f5es.<\/p>\n\n\n\n<figure><iframe width=\"560\" height=\"315\" src=\"https:\/\/www.youtube.com\/embed\/2ZyEEU__OCU\" allowfullscreen=\"allowfullscreen\"><\/iframe><\/figure>\n\n\n\n<p><strong>At\u00e9 o final do primeiro trimestre o governo se prepara para lan\u00e7ar um novo programa, que \u00e9 a Administra\u00e7\u00e3o 24 horas. Como isso vai funcionar?<\/strong><\/p>\n\n\n\n<p>A proposta do governador Ibaneis \u00e9 que as administra\u00e7\u00f5es atendam ao cidad\u00e3o 24 horas por dia. Teremos as oito horas de funcionamento presencial, mas no restante do dia ser\u00e1 poss\u00edvel acessar os servi\u00e7os das administra\u00e7\u00f5es virtualmente, pela internet. Vamos lan\u00e7ar esse programa em mar\u00e7o e ser\u00e1 uma revolu\u00e7\u00e3o no Distrito Federal. O aplicativo vai oferecer os servi\u00e7os principais e o cidad\u00e3o ter\u00e1 uma resposta mais r\u00e1pida e com menos burocracia para seus pleitos.<\/p>\n\n\n\n<blockquote class=\"wp-block-quote is-layout-flow wp-block-quote-is-layout-flow\"><p>\u201cTemos R$ 1,5 bilh\u00e3o de investimentos j\u00e1 previstos no or\u00e7amento, tudo isso com o objetivo de continuar nossas pequenas, m\u00e9dias e grandes obras e gerar mais emprego e renda para a popula\u00e7\u00e3o\u201d<\/p><\/blockquote>\n\n\n\n<p><strong>O governo est\u00e1 preparado para enfrentar mais um ano de pandemia e fazer com que ela n\u00e3o altere a entrega das grandes obras em andamento nas cidades?<\/strong><\/p>\n\n\n\n<p>N\u00e3o tenho d\u00favida. Sofremos muito com a pandemia, que vem atrasando uma s\u00e9rie de obras e a\u00e7\u00f5es que estavam programadas, porque o governo teve que desviar seu foco para as urg\u00eancias. Voc\u00ea veja que tudo na sociedade parou. At\u00e9 campeonato de futebol. Com tudo isso, no entanto, o GDF n\u00e3o parou. Na \u00faltima semana eu fiz aqui uma reuni\u00e3o com os 21 \u00f3rg\u00e3os para a apresenta\u00e7\u00e3o de nosso caderno de obras. Foi um dia inteiro de reuni\u00e3o para definir as obras priorit\u00e1rias, porque esse \u00e9 um ano de entregas que precisam ser feitas de maneira mais r\u00e1pida. A pandemia n\u00e3o s\u00f3 n\u00e3o vai nos fazer parar, como vamos acelerar.<\/p>\n\n\n\n<p>Os compromissos que foram feitos \u2013 obras grandes, como o T\u00fanel de Taguatinga, a nova avenida H\u00e9lio Prates, os viadutos do Recanto das Emas e da Epig, do Setor Policial; ou mesmo as a\u00e7\u00f5es mais pontuais v\u00e3o ser cumpridas. Quando come\u00e7amos o governo, n\u00e3o havia projetos, tivemos que desenvolver todos a partir do zero. Agora temos projetos para muitos anos, para mudar a cara do DF, para melhorar a vida de todos. S\u00e3o mais de 1.400 obras em andamento, mais de mil obras j\u00e1 entregues e temos projetos para cerca de 600 obras, entre a fase de demanda e execu\u00e7\u00e3o de projetos.<\/p>\n\n\n\n<p>Vamos concentrar nosso tempo para concluir as obras que est\u00e3o em andamento, emitir novas ordens de servi\u00e7o para come\u00e7ar as que j\u00e1 est\u00e3o licitadas e com recursos garantidos e fazer a licita\u00e7\u00e3o daquelas que est\u00e3o com projetos prontos. \u00c9 assim que n\u00f3s estamos trabalhando em todas as \u00e1reas, desde a zeladoria at\u00e9 infraestrutura, \u00e1rea social, mobilidade, sa\u00fade, seguran\u00e7a, enfim, em todo o governo. \u00c9 como dizemos sempre: o GDF n\u00e3o para.<\/p>\n\n\n\n<p><strong>H\u00e1 dinheiro para tudo isso?<\/strong><\/p>\n\n\n\n<p>O governo est\u00e1 investindo e buscando novas fontes de financiamento, usando todas as emendas parlamentares. \u00c9 o primeiro governo que conseguiu executar 100% das emendas colocadas. Al\u00e9m disso, o GDF recuperou a capacidade de buscar empr\u00e9stimos: estamos buscando mais R$ 1 bilh\u00e3o de financiamento no Banco do Brasil, mais R$ 1 bilh\u00e3o no BNDES.<\/p>\n\n\n\n<p>Temos R$ 1,5 bilh\u00e3o de investimentos j\u00e1 previstos no or\u00e7amento, tudo isso com o objetivo de continuar nossas pequenas, m\u00e9dias e grandes obras e gerar mais emprego e renda para a popula\u00e7\u00e3o. Isso tamb\u00e9m estimula o com\u00e9rcio, o setor produtivo em geral, porque faz a economia girar, como podemos ver pela movimenta\u00e7\u00e3o na constru\u00e7\u00e3o civil, com tantas obras novas, abrindo vagas de trabalho, gerando renda.<\/p>\n\n\n\n<p>\u00c9 uma combina\u00e7\u00e3o perfeita: governo fazendo obras p\u00fablicas de impacto e empres\u00e1rios gerando renda e trabalho. \u00c9 como o governador Ibaneis sempre diz: \u201cGoverno \u00e9 para os pobres; aos ricos, basta n\u00e3o atrapalhar\u201d.<\/p>\n","protected":false},"excerpt":{"rendered":"<p>Secret\u00e1rio de Governo garante um ano de entregas e novos projetos, fala sobre mudan\u00e7as do GDF Presente e mostra como o cidad\u00e3o deve cobrar melhorias H\u00c9DIO FERREIRA J\u00daNIOR, DA AG\u00caNCIA BRAS\u00cdLIA | EDI\u00c7\u00c3O: RENATA LU Se a pandemia perdura em 2022, a ordem do Governo do Distrito Federal (GDF) \u00e9 clara: continuar com o p\u00e9 [&hellip;]<\/p>\n","protected":false},"author":1,"featured_media":0,"comment_status":"open","ping_status":"open","sticky":false,"template":"","format":"standard","meta":{"footnotes":""},"categories":[],"tags":[],"class_list":["post-5414","post","type-post","status-publish","format-standard","hentry"],"_links":{"self":[{"href":"https:\/\/aguaslindasnoticias.com.br\/index.php\/wp-json\/wp\/v2\/posts\/5414","targetHints":{"allow":["GET"]}}],"collection":[{"href":"https:\/\/aguaslindasnoticias.com.br\/index.php\/wp-json\/wp\/v2\/posts"}],"about":[{"href":"https:\/\/aguaslindasnoticias.com.br\/index.php\/wp-json\/wp\/v2\/types\/post"}],"author":[{"embeddable":true,"href":"https:\/\/aguaslindasnoticias.com.br\/index.php\/wp-json\/wp\/v2\/users\/1"}],"replies":[{"embeddable":true,"href":"https:\/\/aguaslindasnoticias.com.br\/index.php\/wp-json\/wp\/v2\/comments?post=5414"}],"version-history":[{"count":0,"href":"https:\/\/aguaslindasnoticias.com.br\/index.php\/wp-json\/wp\/v2\/posts\/5414\/revisions"}],"wp:attachment":[{"href":"https:\/\/aguaslindasnoticias.com.br\/index.php\/wp-json\/wp\/v2\/media?parent=5414"}],"wp:term":[{"taxonomy":"category","embeddable":true,"href":"https:\/\/aguaslindasnoticias.com.br\/index.php\/wp-json\/wp\/v2\/categories?post=5414"},{"taxonomy":"post_tag","embeddable":true,"href":"https:\/\/aguaslindasnoticias.com.br\/index.php\/wp-json\/wp\/v2\/tags?post=5414"}],"curies":[{"name":"wp","href":"https:\/\/api.w.org\/{rel}","templated":true}]}}