{"id":5412,"date":"2023-01-04T10:12:48","date_gmt":"2023-01-04T13:12:48","guid":{"rendered":"https:\/\/aguaslindasnoticias.com.br\/index.php\/2023\/01\/04\/pf-discute-porte-de-armas-para-advogados-com-oab-e-associacoes-conservadoras\/"},"modified":"2023-01-04T10:12:48","modified_gmt":"2023-01-04T13:12:48","slug":"pf-discute-porte-de-armas-para-advogados-com-oab-e-associacoes-conservadoras","status":"publish","type":"post","link":"https:\/\/aguaslindasnoticias.com.br\/index.php\/2023\/01\/04\/pf-discute-porte-de-armas-para-advogados-com-oab-e-associacoes-conservadoras\/","title":{"rendered":"PF discute porte de armas para advogados com OAB e associa\u00e7\u00f5es conservadoras"},"content":{"rendered":"\n<figure class=\"wp-block-image size-large\"><img decoding=\"async\" src=\"http:\/\/claricegulyas.com.br\/wp-content\/uploads\/2022\/01\/juliana-porcaro-pf-oab-advogados-porte-de-armas-1024x768.jpeg\" alt=\"\" class=\"wp-image-9436\"\/><figcaption>Foto: da esquerda para a direita: Paul Karsten, superintendente Vitor Cesar Carvalho dos Santos, Juliana Porcaro, Ricardo Vasconcellos, Benjamin Gallotti e Geraldino Santos Nunes Junior<\/figcaption><\/figure>\n\n\n\n<p>A Pol\u00edcia Federal (PF) se reuniu nessa quarta (12\/1) com representantes da Ordem dos Advogados do Brasil (OAB) do Distrito Federal (DF) e associa\u00e7\u00f5es conservadoras da advocacia para uma conversa sobre o direito de defesa e o porte de arma de fogo para advogados. O assunto \u00e9 tema de projetos de lei que est\u00e3o em tramita\u00e7\u00e3o no Congresso Nacional e tem pautado reuni\u00f5es da entidade desde o mandato anterior.<\/p>\n\n\n\n<p>Na avalia\u00e7\u00e3o do superintendente da PF-DF Vitor Cesar Carvalho dos Santos, essa prerrogativa, que vale para todos os promotores e ju\u00edzes (Porte Funcional), deve considerar a individualidade de cada advogado, com comprova\u00e7\u00e3o da necessidade do porte de arma e o atendimento dos demais requisitos legais.<\/p>\n\n\n\n<p>&#8220;O que n\u00e3o podemos admitir \u00e9 uma justificativa gen\u00e9rica e n\u00e3o comprovada&#8221;, disse.<\/p>\n\n\n\n<p>Os advogados s\u00e3o fundamentais para o funcionamento da justi\u00e7a e rotineiramente est\u00e3o subordinados ao enfrentamento de interesses no exerc\u00edcio de suas atividades. Tendo em vista a atual dificuldade na concess\u00e3o do porte, os participantes destacaram a import\u00e2ncia do engajamento de entidades e associa\u00e7\u00f5es representativas da categoria para agilizar a discuss\u00e3o do tema, tamb\u00e9m apoiando as vota\u00e7\u00f5es de proposi\u00e7\u00f5es legislativas de interesse dos advogados.<\/p>\n\n\n\n<p><strong>Estiveram presentes no encontro:<\/strong><\/p>\n\n\n\n<p>Benjamin Gallotti \u2013 Conselheiro da OAB\/DF<\/p>\n\n\n\n<p>Juliana Porcaro Saboia &#8211; Conselho Nacional de Pol\u00edtica Criminal e Penitenci\u00e1ria (CNPCP)<\/p>\n\n\n\n<p>Geraldino Santos Nunes J\u00fanior &#8211; Coordenador do Movimento Advogados do Brasil (MABR) e membro e fundador da Associa\u00e7\u00e3o de Advogados de Direita<br>do Brasil (ADBR)<\/p>\n\n\n\n<p>Paul Karsten Galleguillos Kempf de Farias &#8211; Associa\u00e7\u00e3o Brasileira de Advogados pela Leg\u00edtima Defesa (ABRALED)<\/p>\n\n\n\n<p>Ricardo Vasconcellos \u2013 Ordem dos Advogados Conservadores do Brasil (OACB)<\/p>\n","protected":false},"excerpt":{"rendered":"<p>A Pol\u00edcia Federal (PF) se reuniu nessa quarta (12\/1) com representantes da Ordem dos Advogados do Brasil (OAB) do Distrito Federal (DF) e associa\u00e7\u00f5es conservadoras da advocacia para uma conversa sobre o direito de defesa e o porte de arma de fogo para advogados. O assunto \u00e9 tema de projetos de lei que est\u00e3o em [&hellip;]<\/p>\n","protected":false},"author":1,"featured_media":0,"comment_status":"open","ping_status":"open","sticky":false,"template":"","format":"standard","meta":{"footnotes":""},"categories":[],"tags":[],"class_list":["post-5412","post","type-post","status-publish","format-standard","hentry"],"_links":{"self":[{"href":"https:\/\/aguaslindasnoticias.com.br\/index.php\/wp-json\/wp\/v2\/posts\/5412","targetHints":{"allow":["GET"]}}],"collection":[{"href":"https:\/\/aguaslindasnoticias.com.br\/index.php\/wp-json\/wp\/v2\/posts"}],"about":[{"href":"https:\/\/aguaslindasnoticias.com.br\/index.php\/wp-json\/wp\/v2\/types\/post"}],"author":[{"embeddable":true,"href":"https:\/\/aguaslindasnoticias.com.br\/index.php\/wp-json\/wp\/v2\/users\/1"}],"replies":[{"embeddable":true,"href":"https:\/\/aguaslindasnoticias.com.br\/index.php\/wp-json\/wp\/v2\/comments?post=5412"}],"version-history":[{"count":0,"href":"https:\/\/aguaslindasnoticias.com.br\/index.php\/wp-json\/wp\/v2\/posts\/5412\/revisions"}],"wp:attachment":[{"href":"https:\/\/aguaslindasnoticias.com.br\/index.php\/wp-json\/wp\/v2\/media?parent=5412"}],"wp:term":[{"taxonomy":"category","embeddable":true,"href":"https:\/\/aguaslindasnoticias.com.br\/index.php\/wp-json\/wp\/v2\/categories?post=5412"},{"taxonomy":"post_tag","embeddable":true,"href":"https:\/\/aguaslindasnoticias.com.br\/index.php\/wp-json\/wp\/v2\/tags?post=5412"}],"curies":[{"name":"wp","href":"https:\/\/api.w.org\/{rel}","templated":true}]}}