{"id":5410,"date":"2023-01-04T10:12:48","date_gmt":"2023-01-04T13:12:48","guid":{"rendered":"https:\/\/aguaslindasnoticias.com.br\/index.php\/2023\/01\/04\/a-fabrica-social-esta-de-volta\/"},"modified":"2023-01-04T10:12:48","modified_gmt":"2023-01-04T13:12:48","slug":"a-fabrica-social-esta-de-volta","status":"publish","type":"post","link":"https:\/\/aguaslindasnoticias.com.br\/index.php\/2023\/01\/04\/a-fabrica-social-esta-de-volta\/","title":{"rendered":"A F\u00e1brica Social est\u00e1 de volta!"},"content":{"rendered":"\n<p>Curso de capacita\u00e7\u00e3o na \u00e1rea de costura vai oferecer aulas para cerca de 600 estudantes, que receber\u00e3o aux\u00edlio transporte, alimenta\u00e7\u00e3o e bolsaFL\u00c1VIO BOTELHO, DA AG\u00caNCIA BRAS\u00cdLIA* | EDI\u00c7\u00c3O: RENATA LU&nbsp;<\/p>\n\n\n\n<p>Ap\u00f3s um longo hiato em suas atividades devido \u00e0 pandemia, a F\u00e1brica Social, localizada na Cidade do Autom\u00f3vel, voltou oficialmente \u00e0s suas atividades nesta quarta (26). Uma parceria entre o Governo do Distrito Federal (GDF) e o Instituto Viver, uma Organiza\u00e7\u00e3o da Sociedade Civil (OSC), vai inicialmente promover cursos na \u00e1rea de costura para cerca de 600 estudantes.<\/p>\n\n\n\n<figure class=\"wp-block-image\"><img decoding=\"async\" src=\"http:\/\/www.agenciabrasilia.df.gov.br\/wp-conteudo\/uploads\/2022\/01\/WhatsApp-Image-2022-01-26-at-15.48.38.jpeg\" alt=\"\" class=\"wp-image-372239\"\/><figcaption>A finalidade da F\u00e1brica Social \u00e9 promover educa\u00e7\u00e3o profissional de pessoas em situa\u00e7\u00e3o de vulnerabilidade, inscritas no Cad\u00danico, e criar oportunidades concretas aos alunos para que consigam ser inseridos no mercado de trabalho e tenham autonomia socioecon\u00f4mica| Foto: Tony Oliveira\/Ag\u00eancia Bras\u00edlia<\/figcaption><\/figure>\n\n\n\n<p>Posteriormente, a Secretaria de Trabalho (Setrab), respons\u00e1vel por gerir a F\u00e1brica Social, quer abrir novas turmas nas \u00e1reas de costura e serigrafia, constru\u00e7\u00e3o civil e jardinagem para capacitar outras 600 pessoas, totalizando 1,2 mil estudantes nesta retomada das atividades.<\/p>\n\n\n\n<blockquote class=\"wp-block-quote is-layout-flow wp-block-quote-is-layout-flow\"><p>\u201cA F\u00e1brica Social vai se tornar refer\u00eancia na capacita\u00e7\u00e3o profissional em Bras\u00edlia. Com dignidade e respeito, vamos ajudar as pessoas a se capacitarem, terem um emprego e serem protagonistas das pr\u00f3prias vidas\u201dThales Mendes, secret\u00e1rio de Trabalho<\/p><\/blockquote>\n\n\n\n<p>Aluna da primeira turma, que come\u00e7ar\u00e1 as aulas na pr\u00f3xima segunda (31), a dona de casa Cheila Adlla, 33, n\u00e3o esconde a ansiedade de aprender um novo of\u00edcio. \u201cCasei muito nova, tive filhos e vim do interior, nunca tive oportunidade de ter uma experi\u00eancia de trabalho assim. Muito bom participar desse curso, poder aprender a ser costureira, vai ser uma oportunidade muito boa\u201d, afirma.<\/p>\n\n\n\n<p>Todos os participantes dos cursos ministrados na F\u00e1brica Social receber\u00e3o um aux\u00edlio de custo para o transporte, aux\u00edlio alimenta\u00e7\u00e3o e uma bolsa, cujo valor \u00e9 baseado de acordo com a produ\u00e7\u00e3o dos materiais. Os cursos s\u00e3o modulares e podem ter dura\u00e7\u00e3o de at\u00e9 18 meses.<\/p>\n\n\n\n<p>\u201cA F\u00e1brica Social vai se tornar refer\u00eancia na capacita\u00e7\u00e3o profissional em Bras\u00edlia\u201d, destacou o secret\u00e1rio de Trabalho, Thales Mendes, durante a cerim\u00f4nia. \u201cTodos os dias ofertamos v\u00e1rias vagas de emprego, em todas as \u00e1reas, e grande parte delas n\u00e3o \u00e9 preenchida por falta de experi\u00eancia e capacita\u00e7\u00e3o. Com dignidade e respeito, vamos ajudar as pessoas a se capacitarem, terem um emprego e serem protagonistas das pr\u00f3prias vidas.\u201d<\/p>\n\n\n\n<p>A presidente do Instituto Viver, Ad\u00e9lia Morbeck, refor\u00e7ou o comprometimento em ministrar boas aulas para os participantes. \u201cO mercado empregat\u00edcio busca cada vez mais pessoas qualificadas, tanto profissional quanto socialmente. \u00c9 gratificante e emocionante trabalhar com qualifica\u00e7\u00e3o. Contem conosco. Estamos muito felizes de estarmos com voc\u00eas nos pr\u00f3ximos meses\u201d, ressaltou.<\/p>\n\n\n\n<figure class=\"wp-block-image\"><img decoding=\"async\" src=\"http:\/\/www.agenciabrasilia.df.gov.br\/wp-conteudo\/uploads\/2022\/01\/Cheila-Adlla-aluna.jpg\" alt=\"\" class=\"wp-image-372164\"\/><figcaption>A dona de casa Cheila Adlla, 33, est\u00e1 ansiosa para aprender um novo of\u00edcio | Foto: Tony Oliveira\/Ag\u00eancia Bras\u00edlia<\/figcaption><\/figure>\n\n\n\n<p>Presente na cerim\u00f4nia, o deputado distrital Rob\u00e9rio Negreiros salientou a import\u00e2ncia do envolvimento do poder p\u00fablico neste setor da economia. \u201cEu venho do setor produtivo e sei da import\u00e2ncia da capacita\u00e7\u00e3o profissional. O Estado tem de proporcionar isso para que as pessoas possam seguir seus sonhos, sair do marasmo do desemprego e se recolocar no mercado de trabalho\u201d, finalizou.<\/p>\n\n\n\n<blockquote class=\"wp-block-quote is-layout-flow wp-block-quote-is-layout-flow\"><p>\u201cO mercado empregat\u00edcio busca cada vez mais pessoas qualificadas, tanto profissional quanto socialmente. \u00c9 gratificante e emocionante trabalhar com qualifica\u00e7\u00e3o\u201dAd\u00e9lia Morbeck, presidente do Instituto Viver<\/p><\/blockquote>\n\n\n\n<p><strong>Inser\u00e7\u00e3o profissional<\/strong><\/p>\n\n\n\n<p>A finalidade da F\u00e1brica Social \u00e9 promover educa\u00e7\u00e3o profissional de pessoas em situa\u00e7\u00e3o de vulnerabilidade, inscritas no Cadastro \u00danico para Programas Sociais do Governo Federal (Cad\u00danico), e criar oportunidades concretas aos alunos para que consigam ser inseridos no mercado de trabalho e tenham autonomia socioecon\u00f4mica.<\/p>\n\n\n\n<p>A Subsecretaria de Integra\u00e7\u00e3o de A\u00e7\u00f5es Sociais, reestruturada pelo Decreto n\u00ba 41.756, de 1 fevereiro de 2021, unidade org\u00e2nica de comando e supervis\u00e3o, diretamente subordinada \u00e0 Setrab, \u00e9 o \u00f3rg\u00e3o atualmente respons\u00e1vel pela administra\u00e7\u00e3o da estrutura e pelo funcionamento da F\u00e1brica Social.<\/p>\n\n\n\n<p>Ao longo destes anos foram realizados no centro diversos cursos de capacita\u00e7\u00e3o e qualifica\u00e7\u00e3o profissional nas \u00e1reas de confec\u00e7\u00e3o de vestu\u00e1rio, acess\u00f3rios e materiais esportivos, constru\u00e7\u00e3o civil, jardinagem e cultivo de alimentos, marcenaria sustent\u00e1vel e instala\u00e7\u00e3o e manuten\u00e7\u00e3o de sistemas fotovoltaicos.<\/p>\n\n\n\n<p><em>* Com informa\u00e7\u00f5es da Secretaria de Trabalho<\/em><\/p>\n","protected":false},"excerpt":{"rendered":"<p>Curso de capacita\u00e7\u00e3o na \u00e1rea de costura vai oferecer aulas para cerca de 600 estudantes, que receber\u00e3o aux\u00edlio transporte, alimenta\u00e7\u00e3o e bolsaFL\u00c1VIO BOTELHO, DA AG\u00caNCIA BRAS\u00cdLIA* | EDI\u00c7\u00c3O: RENATA LU&nbsp; Ap\u00f3s um longo hiato em suas atividades devido \u00e0 pandemia, a F\u00e1brica Social, localizada na Cidade do Autom\u00f3vel, voltou oficialmente \u00e0s suas atividades nesta quarta [&hellip;]<\/p>\n","protected":false},"author":1,"featured_media":0,"comment_status":"open","ping_status":"open","sticky":false,"template":"","format":"standard","meta":{"footnotes":""},"categories":[],"tags":[],"class_list":["post-5410","post","type-post","status-publish","format-standard","hentry"],"_links":{"self":[{"href":"https:\/\/aguaslindasnoticias.com.br\/index.php\/wp-json\/wp\/v2\/posts\/5410","targetHints":{"allow":["GET"]}}],"collection":[{"href":"https:\/\/aguaslindasnoticias.com.br\/index.php\/wp-json\/wp\/v2\/posts"}],"about":[{"href":"https:\/\/aguaslindasnoticias.com.br\/index.php\/wp-json\/wp\/v2\/types\/post"}],"author":[{"embeddable":true,"href":"https:\/\/aguaslindasnoticias.com.br\/index.php\/wp-json\/wp\/v2\/users\/1"}],"replies":[{"embeddable":true,"href":"https:\/\/aguaslindasnoticias.com.br\/index.php\/wp-json\/wp\/v2\/comments?post=5410"}],"version-history":[{"count":0,"href":"https:\/\/aguaslindasnoticias.com.br\/index.php\/wp-json\/wp\/v2\/posts\/5410\/revisions"}],"wp:attachment":[{"href":"https:\/\/aguaslindasnoticias.com.br\/index.php\/wp-json\/wp\/v2\/media?parent=5410"}],"wp:term":[{"taxonomy":"category","embeddable":true,"href":"https:\/\/aguaslindasnoticias.com.br\/index.php\/wp-json\/wp\/v2\/categories?post=5410"},{"taxonomy":"post_tag","embeddable":true,"href":"https:\/\/aguaslindasnoticias.com.br\/index.php\/wp-json\/wp\/v2\/tags?post=5410"}],"curies":[{"name":"wp","href":"https:\/\/api.w.org\/{rel}","templated":true}]}}