{"id":5408,"date":"2023-01-04T10:12:48","date_gmt":"2023-01-04T13:12:48","guid":{"rendered":"https:\/\/aguaslindasnoticias.com.br\/index.php\/2023\/01\/04\/mais-qualidade-no-atendimento-aos-alunos-da-rede-publica\/"},"modified":"2023-01-04T10:12:48","modified_gmt":"2023-01-04T13:12:48","slug":"mais-qualidade-no-atendimento-aos-alunos-da-rede-publica","status":"publish","type":"post","link":"https:\/\/aguaslindasnoticias.com.br\/index.php\/2023\/01\/04\/mais-qualidade-no-atendimento-aos-alunos-da-rede-publica\/","title":{"rendered":"Mais qualidade no atendimento aos alunos da rede p\u00fablica"},"content":{"rendered":"\n<p>Portaria altera regra e amplia oferta de orientadores educacionais nas escolas do Distrito FederalAG\u00caNCIA BRAS\u00cdLIA* | EDI\u00c7\u00c3O: RENATA LU&nbsp;<\/p>\n\n\n\n<p>Para o ano letivo de 2022, a Secretaria de Educa\u00e7\u00e3o reduziu de 800 para 680 o n\u00famero m\u00e1ximo de estudantes a serem atendidos pelos orientadores educacionais. A novidade foi publicada na edi\u00e7\u00e3o desta quarta-feira (26) do Di\u00e1rio Oficial do DF. Na pr\u00e1tica, possibilita aos estudantes da rede p\u00fablica de ensino terem mais horas dispon\u00edveis dos orientadores nas escolas p\u00fablicas.<\/p>\n\n\n\n<figure class=\"wp-block-image\"><img decoding=\"async\" src=\"http:\/\/www.agenciabrasilia.df.gov.br\/wp-conteudo\/uploads\/2022\/01\/WhatsApp-Image-2022-01-26-at-16.47.51.jpeg\" alt=\"\" class=\"wp-image-372249\"\/><figcaption>Alunos do ensino fundamental: mudan\u00e7a ajudar\u00e1 na orienta\u00e7\u00e3o educacional | Foto: Andr\u00e9 Amendoeira\/SEEDF<\/figcaption><\/figure>\n\n\n\n<p>A subsecret\u00e1ria de Gest\u00e3o de Pessoas, Ana Paula de Oliveira Aguiar, ressalta a import\u00e2ncia desta medida, uma vez que disciplina todo o trabalho a ser desenvolvido ao longo do ano. \u201cDesta forma, prevemos mais orientadores educacionais. E escolas que antes n\u00e3o tinham passar\u00e3o a contar com um profissional\u201d, pontua Ana Paula.<\/p>\n\n\n\n<blockquote class=\"wp-block-quote is-layout-flow wp-block-quote-is-layout-flow\"><p>\u201cCom certeza, teremos mais qualidade no atendimento aos nossos estudantes. Estamos no caminho certo\u201dRaimundo Nonato Sobrinho, orientador educacional na EC 43 do P Sul<\/p><\/blockquote>\n\n\n\n<p><a href=\"https:\/\/dodf.df.gov.br\/index\/visualizar-arquivo\/?pasta=2022|01_Janeiro|DODF%20018%2026-01-2022|&amp;arquivo=DODF%20018%2026-01-2022%20INTEGRA.pdf\" target=\"_blank\" rel=\"noreferrer noopener\">Clique aqui para ler a portaria no Di\u00e1rio Oficial do DF<\/a><\/p>\n\n\n\n<p>Tamb\u00e9m constam na portaria informa\u00e7\u00f5es referentes \u00e0 carga hor\u00e1ria de trabalho dos servidores nas unidades escolares; o desenvolvimento das atividades de coordena\u00e7\u00e3o pedag\u00f3gica, suas atribui\u00e7\u00f5es e requisitos para o exerc\u00edcio da fun\u00e7\u00e3o, e, ainda, o quantitativo desses profissionais por unidade.<\/p>\n\n\n\n<p><strong>Atendimento mais eficaz<\/strong><\/p>\n\n\n\n<p>Esta portaria ampara os anseios dos pr\u00f3prios orientadores educacionais, quando reduz em 120 alunos por profissional, refor\u00e7a a subsecret\u00e1ria de Educa\u00e7\u00e3o B\u00e1sica, Solange Foizer. \u201cDesta forma, esses servidores v\u00e3o conseguir aperfei\u00e7oar ainda mais e de forma mais eficaz cada aluno, melhorando o desenvolvimento acad\u00eamico, social, e pessoal\u201d, completa a subsecret\u00e1ria, ao comemorar este marco no atendimento da educa\u00e7\u00e3o no DF. \u201cJ\u00e1 avan\u00e7amos muito, por\u00e9m sabemos que ainda \u00e9 preciso mais. Estamos no caminho certo\u201d.<\/p>\n\n\n\n<p>Orientador educacional h\u00e1 dois anos e nove meses na EC 43 do P Sul \u2013 Ceil\u00e2ndia Sul, Raimundo Nonato Sobrinho tamb\u00e9m acredita que a mudan\u00e7a, embora ainda t\u00edmida, refletir\u00e1 positivamente no trabalho realizado com os estudantes.<\/p>\n\n\n\n<p>\u201cCom certeza, teremos mais qualidade no atendimento aos nossos estudantes. Estamos no caminho certo\u201d, observa. Ele lembra que o trabalho de orienta\u00e7\u00e3o \u00e9 complexo e necessita de muita cautela. \u201cAcolhemos, ouvimos, intervimos quando necess\u00e1rio, sempre em parceria com a gest\u00e3o da escola\u201d, explica Raimundo.<\/p>\n\n\n\n<p>A orienta\u00e7\u00e3o educacional est\u00e1 presente nas escolas da rede p\u00fablica em todas as etapas e modalidades de ensino. \u00c9 um direito dos estudantes e parte da estrutura pedag\u00f3gica das unidades. Cabe a esses profissionais planejar, coordenar, implementar e avaliar o desenvolvimento de a\u00e7\u00f5es pedag\u00f3gicas voltadas para os estudantes, professores e fam\u00edlias ou respons\u00e1veis legais.<\/p>\n\n\n\n<p><em>*Com informa\u00e7\u00f5es da Secretaria de Educa\u00e7\u00e3o<\/em><\/p>\n","protected":false},"excerpt":{"rendered":"<p>Portaria altera regra e amplia oferta de orientadores educacionais nas escolas do Distrito FederalAG\u00caNCIA BRAS\u00cdLIA* | EDI\u00c7\u00c3O: RENATA LU&nbsp; Para o ano letivo de 2022, a Secretaria de Educa\u00e7\u00e3o reduziu de 800 para 680 o n\u00famero m\u00e1ximo de estudantes a serem atendidos pelos orientadores educacionais. A novidade foi publicada na edi\u00e7\u00e3o desta quarta-feira (26) do [&hellip;]<\/p>\n","protected":false},"author":1,"featured_media":0,"comment_status":"open","ping_status":"open","sticky":false,"template":"","format":"standard","meta":{"footnotes":""},"categories":[],"tags":[],"class_list":["post-5408","post","type-post","status-publish","format-standard","hentry"],"_links":{"self":[{"href":"https:\/\/aguaslindasnoticias.com.br\/index.php\/wp-json\/wp\/v2\/posts\/5408","targetHints":{"allow":["GET"]}}],"collection":[{"href":"https:\/\/aguaslindasnoticias.com.br\/index.php\/wp-json\/wp\/v2\/posts"}],"about":[{"href":"https:\/\/aguaslindasnoticias.com.br\/index.php\/wp-json\/wp\/v2\/types\/post"}],"author":[{"embeddable":true,"href":"https:\/\/aguaslindasnoticias.com.br\/index.php\/wp-json\/wp\/v2\/users\/1"}],"replies":[{"embeddable":true,"href":"https:\/\/aguaslindasnoticias.com.br\/index.php\/wp-json\/wp\/v2\/comments?post=5408"}],"version-history":[{"count":0,"href":"https:\/\/aguaslindasnoticias.com.br\/index.php\/wp-json\/wp\/v2\/posts\/5408\/revisions"}],"wp:attachment":[{"href":"https:\/\/aguaslindasnoticias.com.br\/index.php\/wp-json\/wp\/v2\/media?parent=5408"}],"wp:term":[{"taxonomy":"category","embeddable":true,"href":"https:\/\/aguaslindasnoticias.com.br\/index.php\/wp-json\/wp\/v2\/categories?post=5408"},{"taxonomy":"post_tag","embeddable":true,"href":"https:\/\/aguaslindasnoticias.com.br\/index.php\/wp-json\/wp\/v2\/tags?post=5408"}],"curies":[{"name":"wp","href":"https:\/\/api.w.org\/{rel}","templated":true}]}}