{"id":5407,"date":"2023-01-04T10:12:48","date_gmt":"2023-01-04T13:12:48","guid":{"rendered":"https:\/\/aguaslindasnoticias.com.br\/index.php\/2023\/01\/04\/chegou-a-vez-da-reforma-nas-passagens-subterraneas-do-eixao\/"},"modified":"2023-01-04T10:12:48","modified_gmt":"2023-01-04T13:12:48","slug":"chegou-a-vez-da-reforma-nas-passagens-subterraneas-do-eixao","status":"publish","type":"post","link":"https:\/\/aguaslindasnoticias.com.br\/index.php\/2023\/01\/04\/chegou-a-vez-da-reforma-nas-passagens-subterraneas-do-eixao\/","title":{"rendered":"Chegou a vez da reforma nas passagens subterr\u00e2neas do Eix\u00e3o"},"content":{"rendered":"\n<h2 class=\"wp-block-heading\">Com investimento de R$ 2,1 milh\u00f5es, obras compreendem, entre outras interven\u00e7\u00f5es, consertos na rede de drenagem de \u00e1guas pluviais e do piso&nbsp;<\/h2>\n\n\n\n<p>RAFAEL SECUNHO, DA AG\u00caNCIA BRAS\u00cdLIA | EDI\u00c7\u00c3O: CHICO NETO<a href=\"https:\/\/www.facebook.com\/sharer.php?u=https:\/\/agenciabrasilia.df.gov.br\/2022\/01\/26\/chegou-a-vez-da-reforma-nas-passagens-subterraneas-do-eixao\/\" target=\"_blank\" rel=\"noreferrer noopener\"><\/a><a href=\"https:\/\/twitter.com\/intent\/tweet?source=agenciabrasilia&amp;text=Chegou%20a%20vez%20da%20reforma%20nas%20passagens%20subterr%C3%A2neas%20do%20Eix%C3%A3o&amp;url=https:\/\/agenciabrasilia.df.gov.br\/2022\/01\/26\/chegou-a-vez-da-reforma-nas-passagens-subterraneas-do-eixao\/&amp;via=AgenciaBrasilia\" target=\"_blank\" rel=\"noreferrer noopener\"><\/a><\/p>\n\n\n\n<p>As 16 passagens subterr\u00e2neas do Plano Piloto, op\u00e7\u00e3o de travessia sob o movimentado Eixo Rodovi\u00e1rio (Eix\u00e3o), come\u00e7aram a ser recuperadas pelo GDF. Com investimento de R$ 2,1 milh\u00f5es, os servi\u00e7os s\u00e3o executados por empresa contratada pela Novacap.<\/p>\n\n\n\n<figure class=\"wp-block-image\"><img decoding=\"async\" src=\"http:\/\/agenciabrasilia.df.gov.br\/wp-conteudo\/uploads\/2022\/01\/Passarela-102-Norte-Interna18.jpg\" alt=\"\" class=\"wp-image-372130\"\/><figcaption>Trabalhos come\u00e7aram pela passagem da 102 Norte, que, como v\u00e1rias outras, tem sido alvo de vandalismo| Foto: Tony Oliveira\/Ag\u00eancia Bras\u00edlia<\/figcaption><\/figure>\n\n\n\n<p>Est\u00e3o no contrato a reforma da rede de drenagem de \u00e1guas pluviais e do piso, a limpeza das paredes e a substitui\u00e7\u00e3o das lajotas danificadas, de corrim\u00e3os e da ilumina\u00e7\u00e3o convencional por l\u00e2mpadas de LED \u2013 que oferecem maior visibilidade e s\u00e3o mais econ\u00f4micas. A Novacap vai corrigir ainda as infiltra\u00e7\u00f5es existentes e mudar as rampas de acesso.<\/p>\n\n\n\n<p>A limpeza come\u00e7ou pela Asa Norte e, em seguida, passar\u00e1 para a Asa Sul. Primeira quadra visitada pelos oper\u00e1rios, a passagem subterr\u00e2nea da 102 Norte teve o entulho e as tampas de bocas de lobo danificadas retirados pelos oper\u00e1rios.<\/p>\n\n\n\n<blockquote class=\"wp-block-quote is-layout-flow wp-block-quote-is-layout-flow\"><p>\u201cA reforma que come\u00e7amos a fazer vai devolver aos usu\u00e1rios das passagens conforto e seguran\u00e7a\u201dFernando Leite, presidente da Novacap<\/p><\/blockquote>\n\n\n\n<p>Constru\u00eddos a cada duas quadras residenciais, os t\u00faneis passam sob os eixos W, L e o Eix\u00e3o. O vandalismo e a sujeira deixados nas passagens incomodam muito os usu\u00e1rios. \u201cO povo quebra os azulejos das paredes; soube que at\u00e9 l\u00e2mpadas os v\u00e2ndalos roubaram daqui para usar em festas\u201d, aponta o policial aposentado Rildoaldo Santana, 70 anos. \u201cTenho receio de o governo recuperar e, em pouco tempo, [a depreda\u00e7\u00e3o] acontecer de novo.\u201d<\/p>\n\n\n\n<p>O profissional de audiovisual Daniel Madeira, 26 anos,&nbsp;passa de bicicleta diariamente nos t\u00faneis da Asa Norte e tamb\u00e9m lamenta a falta de educa\u00e7\u00e3o de alguns usu\u00e1rios. \u201cPenso que tem de haver uma campanha educativa, alguma medida assim, para as pessoas n\u00e3o destru\u00edrem aqui; \u00e9 uma injusti\u00e7a com quem usufrui desses t\u00faneis\u201d, opina.<\/p>\n\n\n\n<p><strong>Mau cheiro e ilumina\u00e7\u00e3o fraca<\/strong><\/p>\n\n\n\n<figure class=\"wp-block-image\"><img decoding=\"async\" src=\"http:\/\/agenciabrasilia.df.gov.br\/wp-conteudo\/uploads\/2022\/01\/M%C3%B4nica-Fernandes-aposentada-2.jpg\" alt=\"\" class=\"wp-image-372132\"\/><figcaption>M\u00f4nica Fernandes \u00e9 uma das pessoas que utilizam as passagens: \u201cA iniciativa do governo \u00e9 important\u00edssima\u201d | Foto: Tony Oliveira\/Ag\u00eancia Bras\u00edlia<\/figcaption><\/figure>\n\n\n\n<p>A aposentada M\u00f4nica Fernandes, 71 anos, mora na 104 Norte e frequentemente usa a travessia da 105. Contente com a not\u00edcia da reforma, ela lembra que as passagens s\u00e3o espa\u00e7os essenciais para quem circula a p\u00e9 pela regi\u00e3o.&nbsp; \u201cA gente sabe que tem gente que urina, muita coisa quebrada e que o piso est\u00e1 ruim, ent\u00e3o a iniciativa do governo \u00e9 important\u00edssima, at\u00e9 mesmo porque n\u00e3o vamos deixar de passar aqui\u201d, avalia.<\/p>\n\n\n\n<p>O presidente da Novacap, Fernando Leite, endossa: \u201cInfelizmente, a popula\u00e7\u00e3o \u00e9 muito prejudicada com o vandalismo que ocorre nessas passagens. Um local pensado e criado para dar \u00e0 popula\u00e7\u00e3o seguran\u00e7a acaba por trazer riscos. A reforma que come\u00e7amos a fazer vai devolver aos usu\u00e1rios das passagens&nbsp;conforto e seguran\u00e7a\u201d.<\/p>\n\n\n\n<p><strong>Mapeamento<\/strong><\/p>\n\n\n\n<p>Segundo a Administra\u00e7\u00e3o Regional do Plano Piloto, desde 2019 t\u00eam sido produzidos, em parceria com a Secretaria de Transporte e Mobilidade (Semob), relat\u00f3rios detalhados sobre os problemas existentes nas travessias. A administra\u00e7\u00e3o recebe, semanalmente, manifesta\u00e7\u00f5es via Ouvidoria apontando a falta de estrutura nesses locais. A partir desse mapeamento, foram definidas quais passagens seriam as primeiras a passar por reforma.<\/p>\n","protected":false},"excerpt":{"rendered":"<p>Com investimento de R$ 2,1 milh\u00f5es, obras compreendem, entre outras interven\u00e7\u00f5es, consertos na rede de drenagem de \u00e1guas pluviais e do piso&nbsp; RAFAEL SECUNHO, DA AG\u00caNCIA BRAS\u00cdLIA | EDI\u00c7\u00c3O: CHICO NETO As 16 passagens subterr\u00e2neas do Plano Piloto, op\u00e7\u00e3o de travessia sob o movimentado Eixo Rodovi\u00e1rio (Eix\u00e3o), come\u00e7aram a ser recuperadas pelo GDF. Com investimento [&hellip;]<\/p>\n","protected":false},"author":1,"featured_media":0,"comment_status":"open","ping_status":"open","sticky":false,"template":"","format":"standard","meta":{"footnotes":""},"categories":[],"tags":[],"class_list":["post-5407","post","type-post","status-publish","format-standard","hentry"],"_links":{"self":[{"href":"https:\/\/aguaslindasnoticias.com.br\/index.php\/wp-json\/wp\/v2\/posts\/5407","targetHints":{"allow":["GET"]}}],"collection":[{"href":"https:\/\/aguaslindasnoticias.com.br\/index.php\/wp-json\/wp\/v2\/posts"}],"about":[{"href":"https:\/\/aguaslindasnoticias.com.br\/index.php\/wp-json\/wp\/v2\/types\/post"}],"author":[{"embeddable":true,"href":"https:\/\/aguaslindasnoticias.com.br\/index.php\/wp-json\/wp\/v2\/users\/1"}],"replies":[{"embeddable":true,"href":"https:\/\/aguaslindasnoticias.com.br\/index.php\/wp-json\/wp\/v2\/comments?post=5407"}],"version-history":[{"count":0,"href":"https:\/\/aguaslindasnoticias.com.br\/index.php\/wp-json\/wp\/v2\/posts\/5407\/revisions"}],"wp:attachment":[{"href":"https:\/\/aguaslindasnoticias.com.br\/index.php\/wp-json\/wp\/v2\/media?parent=5407"}],"wp:term":[{"taxonomy":"category","embeddable":true,"href":"https:\/\/aguaslindasnoticias.com.br\/index.php\/wp-json\/wp\/v2\/categories?post=5407"},{"taxonomy":"post_tag","embeddable":true,"href":"https:\/\/aguaslindasnoticias.com.br\/index.php\/wp-json\/wp\/v2\/tags?post=5407"}],"curies":[{"name":"wp","href":"https:\/\/api.w.org\/{rel}","templated":true}]}}