{"id":5404,"date":"2023-01-04T10:12:48","date_gmt":"2023-01-04T13:12:48","guid":{"rendered":"https:\/\/aguaslindasnoticias.com.br\/index.php\/2023\/01\/04\/zoonoses-tem-animais-disponiveis-para-adocao\/"},"modified":"2023-01-04T10:12:48","modified_gmt":"2023-01-04T13:12:48","slug":"zoonoses-tem-animais-disponiveis-para-adocao","status":"publish","type":"post","link":"https:\/\/aguaslindasnoticias.com.br\/index.php\/2023\/01\/04\/zoonoses-tem-animais-disponiveis-para-adocao\/","title":{"rendered":"Zoonoses tem animais dispon\u00edveis para ado\u00e7\u00e3o"},"content":{"rendered":"\n<p>C\u00e3es e gatos j\u00e1 est\u00e3o examinados, vermifugados e vacinados, prontos para fazer parte da sua fam\u00edliaAG\u00caNCIA BRAS\u00cdLIA* I EDI\u00c7\u00c3O: D\u00c9BORA CRONEMBERGER&nbsp;<\/p>\n\n\n\n<p>J\u00e1 imaginou come\u00e7ar o ano com uma nova amizade? Essa pode ser a oportunidade de dar um novo lar a um dos 17 bichinhos que est\u00e3o na ger\u00eancia de Vigil\u00e2ncia Ambiental de Zoonoses. \u201cS\u00e3o c\u00e3es e gatos d\u00f3ceis, socializados e saud\u00e1veis, machos e f\u00eameas, sem ra\u00e7as definidas\u201d, detalha o gerente e diretor substituto da Vigil\u00e2ncia Ambiental de Zoonoses, Laur\u00edcio Cruz.<\/p>\n\n\n\n<figure class=\"wp-block-image\"><img decoding=\"async\" src=\"http:\/\/www.agenciabrasilia.df.gov.br\/wp-conteudo\/uploads\/2022\/01\/KIARA-FOTO-SANDRO-ARA%C3%9AJO-AG%C3%8ANCIA-SA%C3%9ADE-DF-6-14.jpg\" alt=\"\" class=\"wp-image-368315\"\/><figcaption>A doce Kiara teve quatro filhotinhos que j\u00e1 foram adotados e espera sua vez de encontrar um lar | Fotos: Sandro Ara\u00fajo\/Ag\u00eancia Sa\u00fade-DF<\/figcaption><\/figure>\n\n\n\n<p>Os animais foram para a Zoonoses por determina\u00e7\u00e3o judicial, como ocorre nos casos de pessoas acumuladoras, que submetem os animais a condi\u00e7\u00f5es de maus-tratos, ou por v\u00ednculo epidemiol\u00f3gico, quando h\u00e1 suspeita de oferecer risco \u00e0 sa\u00fade p\u00fablica. Mas todos que est\u00e3o dispon\u00edveis para ado\u00e7\u00e3o s\u00e3o saud\u00e1veis.<\/p>\n\n\n\n<p>Por medida de sa\u00fade, todos os bichinhos que chegam ao local ficam em observa\u00e7\u00e3o cl\u00ednica, no m\u00ednimo, por 10 dias. \u201cNesse per\u00edodo, s\u00e3o realizados exames para diagn\u00f3stico de leishmaniose visceral e raiva. Tendo resultado negativo, aplicamos a antirr\u00e1bica, fazemos o controle de vermes, carrapatos e pulgas e s\u00e3o disponibilizados para ado\u00e7\u00e3o\u201d, explica o veterin\u00e1rio. Al\u00e9m disso, todos os animais adotados t\u00eam a castra\u00e7\u00e3o garantida.<\/p>\n\n\n\n<p><strong>Conhe\u00e7a os animais<\/strong><\/p>\n\n\n\n<p>Todos os nove cachorros que est\u00e3o dispon\u00edveis para ado\u00e7\u00e3o eram de uma senhora acumuladora. Quando ela precisou ser internada para tratamento de sa\u00fade, os c\u00e3es, que viviam em condi\u00e7\u00f5es insalubres, ficaram completamente abandonados. Por isso, num primeiro momento, podem parecer desconfiados e medrosos, mas, com carinho, amor e dedica\u00e7\u00e3o, t\u00eam tudo para transformar a vida de quem os levar para casa.<\/p>\n\n\n\n<figure class=\"wp-block-image\"><img decoding=\"async\" src=\"http:\/\/www.agenciabrasilia.df.gov.br\/wp-conteudo\/uploads\/2022\/01\/FOTO-SANDRO-ARA%C3%9AJO-AG%C3%8ANCIA-SA%C3%9ADE-DF-1-17.jpg\" alt=\"\" class=\"wp-image-368316\"\/><figcaption>Todos os nove cachorros que est\u00e3o dispon\u00edveis para ado\u00e7\u00e3o eram de uma senhora acumuladora. Ela precisou ser internada por problemas de sa\u00fade e eles ficaram abandonados<\/figcaption><\/figure>\n\n\n\n<p>Uma das resgatadas \u00e9 Musa, cachorrinha branca e caramelo de porte m\u00e9dio. T\u00edmida, precisa se acostumar com a presen\u00e7a de humanos, j\u00e1 que passou muito tempo sozinha. Assim como ela, o Marrom, tamb\u00e9m de porte m\u00e9dio, est\u00e1 em busca de um tutor que se dedique a mostrar o que \u00e9 carinho. Como nunca tiveram um lar digno, podem estranhar tentativas de aproxima\u00e7\u00e3o.<\/p>\n\n\n\n<blockquote class=\"wp-block-quote is-layout-flow wp-block-quote-is-layout-flow\"><p>Para levar um pet para casa, \u00e9 necess\u00e1rio ser maior de 18 anos e se dirigir \u00e0 Diretoria de Vigil\u00e2ncia Ambiental, portando documento de identifica\u00e7\u00e3o e levando coleira, no caso de ado\u00e7\u00e3o de c\u00e3es, ou caixa de transporte, para gatos<\/p><\/blockquote>\n\n\n\n<p>J\u00e1 no gatil, Kiara \u00e9 a protagonista de uma hist\u00f3ria curiosa. A gatinha chegou em mar\u00e7o de 2021 na Zoonoses. Fugiu, engravidou e teve os filhotinhos no cap\u00f4 de um dos carros da Vigil\u00e2ncia Sanit\u00e1ria. Assim, foi resgatada novamente e recebeu o tratamento necess\u00e1rio. Agora, os quatro filhotinhos de Kiara foram adotados e ela ficou. Que tal dar uma chance para essa f\u00eamea bicolor, t\u00e3o d\u00f3cil?<\/p>\n\n\n\n<p>Franjinha, por sua vez, tamb\u00e9m foi de uma pessoa acumuladora. \u00c9 um gato adulto, amarelo, peludo e um pouco inseguro. Gosta de tirar longos cochilos e, com um pouco de paci\u00eancia e dedica\u00e7\u00e3o, logo se acostuma com o toque humano.<\/p>\n\n\n\n<p>E, para quem prefere adotar filhotinhos, h\u00e1 a dupla Chicabom e Magnum. J\u00e1 usam a caixinha de areia e comem ra\u00e7\u00e3o seca.<\/p>\n\n\n\n<p><strong>Como adotar?<\/strong><\/p>\n\n\n\n<p>Para levar um pet para casa, \u00e9 necess\u00e1rio ser maior de 18 anos e se dirigir \u00e0 Diretoria de Vigil\u00e2ncia Ambiental (Dival), portando documento de identifica\u00e7\u00e3o e levando coleira, no caso de ado\u00e7\u00e3o de c\u00e3es, ou caixa de transporte, para gatos. O interessado realiza a visita, escolhe o animal e, decidindo adotar, recebe orienta\u00e7\u00e3o completa de um servidor.<\/p>\n\n\n\n<p>O futuro tutor assina o Termo de Guarda Respons\u00e1vel, em que assume o compromisso de prover todo o cuidado e assist\u00eancia \u00e0 sa\u00fade do animal. \u201cA pessoa precisa garantir um abrigo adequado, oferecer ra\u00e7\u00e3o de qualidade, \u00e1gua filtrada, dar carinho e aten\u00e7\u00e3o\u201d, enfatiza Laur\u00edcio.<\/p>\n\n\n\n<p>Por isso, quem deseja levar um pet para casa deve ficar atento a alguns detalhes:<\/p>\n\n\n\n<p>\u2013&nbsp; Se o cachorro vai dormir ou viver no ambiente externo, \u00e9 importante que ele tenha uma \u00e1rea onde possa se refugiar do sol, da chuva, do vento, do calor e do frio;<\/p>\n\n\n\n<p>\u2013 O local de descanso, fora ou dentro da casa, deve ser confort\u00e1vel e limpo;<\/p>\n\n\n\n<p>\u2013 Casas devem ser cercadas e protegidas para impedir a fuga do animal;<\/p>\n\n\n\n<p>\u2013 Em apartamentos, as janelas devem ser teladas para evitar quedas, fugas e acidentes.<\/p>\n\n\n\n<p>A Dival fica no Setor de \u00c1reas Isoladas Norte (Sain), lote 4, Estrada do Contorno Bosque, Noroeste. O hor\u00e1rio de visita\u00e7\u00e3o \u00e9 das 10h \u00e0s 15h, de segunda a sexta-feira.<\/p>\n\n\n\n<p><em>*Com informa\u00e7\u00f5es da Secretaria de Sa\u00fade<\/em><\/p>\n","protected":false},"excerpt":{"rendered":"<p>C\u00e3es e gatos j\u00e1 est\u00e3o examinados, vermifugados e vacinados, prontos para fazer parte da sua fam\u00edliaAG\u00caNCIA BRAS\u00cdLIA* I EDI\u00c7\u00c3O: D\u00c9BORA CRONEMBERGER&nbsp; J\u00e1 imaginou come\u00e7ar o ano com uma nova amizade? Essa pode ser a oportunidade de dar um novo lar a um dos 17 bichinhos que est\u00e3o na ger\u00eancia de Vigil\u00e2ncia Ambiental de Zoonoses. \u201cS\u00e3o [&hellip;]<\/p>\n","protected":false},"author":1,"featured_media":0,"comment_status":"open","ping_status":"open","sticky":false,"template":"","format":"standard","meta":{"footnotes":""},"categories":[],"tags":[],"class_list":["post-5404","post","type-post","status-publish","format-standard","hentry"],"_links":{"self":[{"href":"https:\/\/aguaslindasnoticias.com.br\/index.php\/wp-json\/wp\/v2\/posts\/5404","targetHints":{"allow":["GET"]}}],"collection":[{"href":"https:\/\/aguaslindasnoticias.com.br\/index.php\/wp-json\/wp\/v2\/posts"}],"about":[{"href":"https:\/\/aguaslindasnoticias.com.br\/index.php\/wp-json\/wp\/v2\/types\/post"}],"author":[{"embeddable":true,"href":"https:\/\/aguaslindasnoticias.com.br\/index.php\/wp-json\/wp\/v2\/users\/1"}],"replies":[{"embeddable":true,"href":"https:\/\/aguaslindasnoticias.com.br\/index.php\/wp-json\/wp\/v2\/comments?post=5404"}],"version-history":[{"count":0,"href":"https:\/\/aguaslindasnoticias.com.br\/index.php\/wp-json\/wp\/v2\/posts\/5404\/revisions"}],"wp:attachment":[{"href":"https:\/\/aguaslindasnoticias.com.br\/index.php\/wp-json\/wp\/v2\/media?parent=5404"}],"wp:term":[{"taxonomy":"category","embeddable":true,"href":"https:\/\/aguaslindasnoticias.com.br\/index.php\/wp-json\/wp\/v2\/categories?post=5404"},{"taxonomy":"post_tag","embeddable":true,"href":"https:\/\/aguaslindasnoticias.com.br\/index.php\/wp-json\/wp\/v2\/tags?post=5404"}],"curies":[{"name":"wp","href":"https:\/\/api.w.org\/{rel}","templated":true}]}}